{"id":180040,"date":"2023-10-09T11:34:31","date_gmt":"2023-10-09T09:34:31","guid":{"rendered":"https:\/\/mannschaft.com\/?p=180040"},"modified":"2023-10-15T15:50:08","modified_gmt":"2023-10-15T13:50:08","slug":"queere-alters-wg-erwuenscht-neuer-verein-wird-in-bern-gegruendet","status":"publish","type":"post","link":"https:\/\/alte.mannschaft.lgbt\/bimber\/queere-alters-wg-erwuenscht-neuer-verein-wird-in-bern-gegruendet\/","title":{"rendered":"Queere Alters-WG erw\u00fcnscht: Neuer Verein wird in Bern gegr\u00fcndet"},"content":{"rendered":"<h3>In Bern besteht das Bed\u00fcrfnis nach einer LGBTIQ-inklusiven Begleitung im Alter. Am 31. Oktober gr\u00fcnden Mitglieder aus diversen Organisationen den neuen Verein \u00abqueerAltern Bern\u00bb.<\/h3>\n<p>Nach Basel und Z\u00fcrich gibt es demn\u00e4chst nun auch in Bern einen Verein, der sich f\u00fcr die Belange von queeren Menschen im Alter einsetzt. \u00abqueerAltern Bern\u00bb will sich unter anderem f\u00fcr queeres Wohnen und queer-gerechte Pflege und Hilfestellungen im Alter engagieren. Angestossen wurde die Vereinsgr\u00fcndung von vereinzelten Mitgliedern diverser LGBTIQ-Organisationen, darunter HAB Queer Bern, Network und Wybernet.<\/p>\n<hr \/>\n<p><a href=\"https:\/\/mannschaft.com\/lgbtiq-mehrgenerationenhaus-lebensort-vielfalt-in-berlin\/\">LGBTIQ-Mehrgen\u00aderationenhaus: Lebensort Vielfalt in Berlin<\/a><\/p>\n<hr \/>\n<p>\u00abEs ist h\u00f6chste Zeit\u00bb, sagt Daniel Frey von HAB Queer Bern in einer gemeinsam mit Network und Wybernet verfassten Medienmitteilung, \u00abdass nach mehr als 50 Jahre des erwachenden und gelebten Selbstbewusstseins von Lesben und Schwulen das Verst\u00e4ndnis f\u00fcr die Situation und die Bed\u00fcrfnisse von \u00e4lteren bis hochaltrigen LGBTIQ-Menschen w\u00e4chst\u00bb.<\/p>\n<p>Der Vereinsgr\u00fcndung geht eine nicht-repr\u00e4sentative Umfrage voraus, die im Oktober und November 2022 mit 131 Personen durchgef\u00fchrt wurde. \u00dcber die H\u00e4lfte der befragten Personen w\u00fcnschten sich, dass ein Verein \u00abqueerAltern Bern\u00bb nach dem Vorbild von \u00abqueerAltern Z\u00fcrich\u00bb gegr\u00fcndet wird. Knapp ein Drittel war der Meinung, dass die Thematik innerhalb der Berner LGBTIQ-Organisationen angegangen werden sollte.<\/p>\n<p>Die befragten Personen m\u00f6chten auch im Alter m\u00f6glichst lang in der bisherigen Umgebung bleiben. Sollte es doch zu einem Wohnortwechsel kommen, sind LGBTIQ-spezifische Angebote eine beliebte Alternative. Ein Drittel der Befragten w\u00fcnscht sich ein Haus oder eine Wohngemeinschaft mit anderen LGBGTIQ-Menschen gegebenenfalls mit organisierten Dienstleistungen.<\/p>\n<p>\u00abZudem bleibt die Teilhabe an der queeren Gemeinschaft auch im Alter wichtig\u00bb, sagt Marianne Dahinden von Wybernet. Hugo Zimmermann von Network erg\u00e4nzt: \u00abAllgemein ist die Dringlichkeit nach LGBTIQ-Spitex, Betreuung und Begleitung am h\u00f6chsten \u2013 was auch damit zusammenh\u00e4ngen kann, dass die befragten Personen bevorzugt in ihrem gewohnten Umfeld altern m\u00f6chten.\u00bb<\/p>\n<p>Die Ergebnisse der Umfrage kommen zu einem \u00e4hnlichen Schluss wie die Umfrage der gemeinsamen Fachgruppe \u00abAlter\u00bb der Schweizer LGBTIQ-Dachverb\u00e4nde von 2020. So bestehe zum Beispiel bei der Langzeitpflege \u00e4lterer Personen eine geringe Sensibilisierung f\u00fcr queere Menschen und f\u00fcr Menschen mit HIV (<a href=\"https:\/\/mannschaft.com\/pflege-lgbtiq-menschen-handlungsbedarf-in-pflegeheimen-und-spitex\/\">MANNSCHAFT berichtete<\/a>).<\/p>\n<hr \/>\n<p><a href=\"https:\/\/mannschaft.com\/coming-out-mein-bisexueller-ehemann-stefan\/\">Geschichten zum Coming-out-Day: Mein bisexueller Ehemann Stefan<\/a><\/p>\n<hr \/>\n<p>Mit <a href=\"https:\/\/mannschaft.com\/bernhard-pulver-den-backlash-halte-ich-fuer-ein-grosses-problem\/\">Bernhard Pulver<\/a> verf\u00fcgt Queer Altern Bern bereits \u00fcber ein prominentes Mitglied. \u00abIch werde Mitglied, weil Altersvorsorge nicht nur aus AHV oder Pensionskasse besteht, sondern aus guten sozialen Netzen und Wohnstrukturen, die Wohlbefinden erm\u00f6glichen\u00bb, l\u00e4sst sich der Politiker auf der neuen Website von Queer Altern Bern zitieren. \u00abSolche Dinge m\u00fcssen langfristig geplant werden \u2013 nicht nur, aber gerade bei queeren Menschen!\u00bb<\/p>\n<p>Die Vereinsgr\u00fcndung von \u00abqueerAltern Bern\u00bb findet am Dienstag, 31. Oktober 2023,19.00 Uhr im Kongresszentrum Allresto statt (Effingerstrasse 20). Hier geht&#8217;s zur <a href=\"https:\/\/docs.google.com\/forms\/d\/e\/1FAIpQLSd58kdD8qTZ7h-28opEK1MBMc0gR8vtxgmdO9K5vyNtQ2rrHg\/viewform\" target=\"_blank\" rel=\"noopener\">Anmeldung als Gr\u00fcndungsmitglied)<\/a>. Weitere Informationen sowie die provisorischen Vereinsstatuten gibt es auf der <a href=\"https:\/\/queeralternbern.ch\/\" target=\"_blank\" rel=\"noopener\">Website<\/a> von \u00abqueerAltern Bern\u00bb.<\/p>\n<p><strong>Mehr: 13 Jahre nach ihrer Gr\u00fcndung l\u00f6st sich die Gay-SVP wieder auf. Pr\u00e4sident Beat Feurer findet, LGBTIQ-Menschen seien nun in der Gesellschaft \u00abweitgehend akzeptiert\u00bb. (<a href=\"https:\/\/mannschaft.com\/ziele-erreicht-die-gay-svp-loest-sich-auf\/\">MANNSCHAFT berichtete<\/a>).<\/strong><\/p>\n","protected":false},"excerpt":{"rendered":"<p>In Bern besteht das Bed\u00fcrfnis nach einer LGBTIQ-inklusiven Begleitung im Alter. Am 31. Oktober gr\u00fcnden Mitglieder aus diversen Organisationen den neuen Verein. <a class=\"g1-link g1-link-more\" href=\"https:\/\/alte.mannschaft.lgbt\/bimber\/queere-alters-wg-erwuenscht-neuer-verein-wird-in-bern-gegruendet\/\">Weiterlesen<\/a><\/p>\n","protected":false},"author":1,"featured_media":171656,"comment_status":"closed","ping_status":"closed","sticky":false,"template":"","format":"standard","meta":[],"categories":[10,1340],"tags":[5431,696,5538],"wps_subtitle":"Nach Basel und Z\u00fcrich soll es nun auch \u00abqueerAltern Bern\u00bb geben","_links":{"self":[{"href":"https:\/\/alte.mannschaft.lgbt\/bimber\/wp-json\/wp\/v2\/posts\/180040"}],"collection":[{"href":"https:\/\/alte.mannschaft.lgbt\/bimber\/wp-json\/wp\/v2\/posts"}],"about":[{"href":"https:\/\/alte.mannschaft.lgbt\/bimber\/wp-json\/wp\/v2\/types\/post"}],"author":[{"embeddable":true,"href":"https:\/\/alte.mannschaft.lgbt\/bimber\/wp-json\/wp\/v2\/users\/1"}],"replies":[{"embeddable":true,"href":"https:\/\/alte.mannschaft.lgbt\/bimber\/wp-json\/wp\/v2\/comments?post=180040"}],"version-history":[{"count":15,"href":"https:\/\/alte.mannschaft.lgbt\/bimber\/wp-json\/wp\/v2\/posts\/180040\/revisions"}],"predecessor-version":[{"id":180200,"href":"https:\/\/alte.mannschaft.lgbt\/bimber\/wp-json\/wp\/v2\/posts\/180040\/revisions\/180200"}],"wp:featuredmedia":[{"embeddable":true,"href":"https:\/\/alte.mannschaft.lgbt\/bimber\/wp-json\/wp\/v2\/media\/171656"}],"wp:attachment":[{"href":"https:\/\/alte.mannschaft.lgbt\/bimber\/wp-json\/wp\/v2\/media?parent=180040"}],"wp:term":[{"taxonomy":"category","embeddable":true,"href":"https:\/\/alte.mannschaft.lgbt\/bimber\/wp-json\/wp\/v2\/categories?post=180040"},{"taxonomy":"post_tag","embeddable":true,"href":"https:\/\/alte.mannschaft.lgbt\/bimber\/wp-json\/wp\/v2\/tags?post=180040"}],"curies":[{"name":"wp","href":"https:\/\/api.w.org\/{rel}","templated":true}]}}