{"id":179814,"date":"2023-10-05T17:41:18","date_gmt":"2023-10-05T15:41:18","guid":{"rendered":"https:\/\/mannschaft.com\/?p=179814"},"modified":"2023-10-06T10:38:54","modified_gmt":"2023-10-06T08:38:54","slug":"liebespaar-verewigt-adolf-hitler-hat-meine-jugend-genommen","status":"publish","type":"post","link":"https:\/\/alte.mannschaft.lgbt\/bimber\/liebespaar-verewigt-adolf-hitler-hat-meine-jugend-genommen\/","title":{"rendered":"Liebespaar verewigt: \u00abAdolf Hitler hat meine Jugend genommen\u00bb"},"content":{"rendered":"<h3>Stolpersteine des K\u00fcnstlers Gunther Demnig sollen Erinnerungen an das Schicksal von NS-Opfern wach halten. In Spremberg und Cottbus werden die kleinen Messingtafeln verlegt. In Bochum konnten in diesem Sommer erstmals Fotos von Willi Schl\u00fcter gefunden werden.<\/h3>\n<p><em>Von: Silke Nausch\u00fctz, dpa<\/em><\/p>\n<p>Vor dem Eingang des unscheinbaren Wohnhauses in der Pfortenstrasse 13 in Spremberg tummeln sich viele Kinder, einige blicken erwartungsvoll, andere etwas unsicher, die meisten gespannt. F\u00fcr die beiden Schulklassen gibt es an diesem Mittwoch anschaulichen Geschichtsunterricht. Es werden Stolpersteine verlegt, die an das Schicksal der j\u00fcdischen Bewohner*innen Nathan und Ellen Bernfeld, Klara und Salo Jacob und Walter Lehmann erinnern.<\/p>\n<p>Der K\u00fcnstler Gunther Demnig, der das Projekt <a href=\"https:\/\/mannschaft.com\/tag\/stolperstein\">Stolpersteine<\/a> 1992 gestartet hat, arbeitet die kleinen Messingtafeln an fr\u00fcheren Wohnorten der NS-Opfer in den Gehweg ein. F\u00fcnf Gedenksteine werden es an diesem Tag in Spremberg sein, neun Stolpersteine werden in Cottbus verlegt.<\/p>\n<p>\u00abIch merke, dass das Interesse w\u00e4chst\u00bb, sagt Demnig, der am Vortag in Bautzen, Eisenach und Frankenstein im Harz unterwegs war, um auch dort Gedenksteine zu platzieren. Immer mehr Angeh\u00f6rige, vor allem die Enkel- und Urenkelgeneration, wollten die Geschichten ihrer Familien wissen, sagt der K\u00fcnstler, der auch mehr Interesse von Angeh\u00f6rigen beobachtet, die in ihrer Familiengeschichte Morde an Menschen mit k\u00f6rperlichen und psychischen Krankheiten w\u00e4hrend der NS-Zeit entdeckt haben. \u00abIch denke, es ist eine Generationenfrage\u00bb, zeigt sich der K\u00fcnstler \u00fcberzeugt.<\/p>\n<p>Stolpersteine werden meist vor den letzten frei gew\u00e4hlten Wohnh\u00e4usern der NS-Opfer eingelassen. In <a href=\"https:\/\/mannschaft.com\/tag\/brandenburg\/\">Brandenburg<\/a> sind bereits mehr als 1&#8217;100 Stolpersteine verlegt, die an Menschen erinnern sollen, die in der NS-Zeit verfolgt, ermordet, deportiert, vertrieben oder in den <a href=\"https:\/\/mannschaft.com\/tag\/suizid\/\">Suizid<\/a> getrieben wurden. Mehr als 100&#8217;000 der kleinen Messingtafeln wurden in Deutschland und 30 weiteren L\u00e4ndern Europas verlegt.<\/p>\n<blockquote><p>Rassismus und Antisemitismus ist ein Thema in der Region, auch in Spremberg, auch an unserer Schule<\/p><\/blockquote>\n<p>Geschichtslehrer Steve H\u00fcbschmann ist mit einer siebten Klasse der Berufsorientierenden Oberschule Spremberg gekommen. Nach einem rassistischen Vorfall im Klassenchat ist die Verlegung der Steine f\u00fcr ihn ein willkommener Anlass, Geschichte mehr ins Bewusstsein zu r\u00fccken. \u00abRassismus und <a href=\"https:\/\/mannschaft.com\/tag\/Antisemitismus\/\">Antisemitismus<\/a> ist ein Thema in der Region, auch in Spremberg, auch an unserer Schule\u00bb, schildert er. \u00abWir hatten wieder j\u00fcngst einen Vorfall, dass im Klassenchat sowas kursierte.\u00bb Konkret wird der Lehrer nicht. Als Schule habe man gemeinsam mit den Eltern \u00fcberlegt, wie man dem entgegenwirken k\u00f6nne. Eltern der Sch\u00fcler*innen h\u00e4tten sich sofort einverstanden erkl\u00e4rt mit der Teilnahme.<\/p>\n<p>Dass der Vorfall an seiner Schule kein Einzelfall ist, zeigte ein TV-Beitrag des ARD-Magazins <em>Kontraste<\/em> vom Mai. Darin hatten Sch\u00fcler*innen an einem Gymnasium in Spremberg von rechtsextremen Vorf\u00e4llen im Umfeld der Schule berichtet. Im Juni hatten Unbekannte einen Brandanschlag auf eine Kirche in Spremberg ver\u00fcbt, an der eine Regenbogenfahne hing. Der Staatsschutz ermittelt. Im Kreis Spree-Neisse liegt auch Burg, an dessen Schule zwei Lehrkr\u00e4fte im April anonym geschildert hatten, sie seien t\u00e4glich mit Rechtsextremismus, Sexismus und Homophobie konfrontiert. Sie waren danach rechten Anfeindungen ausgesetzt. Beide verliessen die Schule<a href=\"https:\/\/mannschaft.com\/nach-brandbrief-lehrkraefte-aus-burg-wollen-schule-verlassen\/\"> (MANNSCHAFT berichtete)<\/a>.<\/p>\n<hr \/>\n<p><a href=\"https:\/\/mannschaft.com\/aufruf-zu-hass-alain-soral-zu-60-tagen-haft-verurteilt\/\">Aufruf zu Hass: Alain Soral zu 60 Tagen Haft verurteilt \u2013 Der rechtsextreme Autor und Holocaust-Leugner will den Fall ans Bundesgericht ziehen<\/a><\/p>\n<hr \/>\n<p>Brandenburgs Kulturministerin Manja Sch\u00fcle (SPD) richtet ihre Begr\u00fcssungsworte dann auch besonders an die Spremberger Sch\u00fcler*innen. Die Stolpersteine f\u00fcr die NS-Opfer und ihre Geschichten dahinter holten Vergessenes und Verdr\u00e4ngtes ans Licht, machten verwischte Spuren sichtbar, so Sch\u00fcle. Der Anschlag auf die Kirche in Spremberg vom Juni zeige, dass ein moralischer R\u00fcckfall \u00fcberall m\u00f6glich sei. Chauvinisten w\u00fcrden wieder lauter p\u00f6beln.<\/p>\n<blockquote><p>Die Stolpersteine legen uns die Toten vor unsere F\u00fcsse, wir weichen ihnen aus (&#8230;) oder wir stolpern \u00fcber sie, wir verweilen (&#8230;)<\/p><\/blockquote>\n<p>Der K\u00fcnstler Gunther Demnig sorge daf\u00fcr, dass \u00abwir nicht vergessen\u00bb. Er lege \u00abunausweichliche Steine des Anstosses in die Nachbarschaft\u00bb. \u00abDie Stolpersteine legen uns die Toten vor unsere F\u00fcsse, wir weichen ihnen aus (&#8230;) oder wir stolpern \u00fcber sie, wir verweilen und merken: Wir wandeln in Europa auch auf einem Friedhof\u00bb, sagt sie. Es m\u00fcssten neue Wege gefunden werden, den Holocaust bald ohne Zeitzeugen zu erz\u00e4hlen. Einen solchen zeitlosen Weg pflastere der K\u00fcnstler Demnig.<\/p>\n<p>Initiiert wurde die Verlegung in Spremberg von der AG Spurensuche der Evangelischen Kirchengemeinden in der Region Spremberg. Pfarrerin Jette F\u00f6rster erforscht seit etwa zwei Jahren mit einem achtk\u00f6pfigen ehrenamtlichen Team das Leben j\u00fcdischer Menschen in Spremberg sowie von Menschen, die aktiv im Widerstand gegen den Nationalsozialismus k\u00e4mpften.<\/p>\n<p>\u00abF\u00fcr mich ist besonders, kleine Details aus Biografien zu entdecken, die viel \u00fcber die Menschen erz\u00e4hlen &#8211; Menschen, die nicht anders gehofft und sich f\u00fcr ihr Leben eingesetzt haben als wir heute\u00bb, sagte F\u00f6rster der Deutschen Presse-Agentur. Aufgrund der Forschung der AG habe sich schon ein Angeh\u00f6riger gemeldet.<\/p>\n<p>K\u00fcnstler Demnig hat sein Werkzeug bereits wieder eingepackt und ist zum n\u00e4chsten Ort unterwegs. Auch Vandalismus begleite ihn immer wieder, sagt der Mittsiebziger. Diesen gebe es in Ost und West gleichermassen. Er selbst sei auch schon einmal betroffen gewesen. \u00abIm Aachener Raum haben sie mir die Nummernschilder abgehebelt, denn da steht <a href=\"https:\/\/www.stolpersteine.eu\/\" target=\"_blank\" rel=\"noopener\">www.stolpersteine.eu<\/a> darauf.\u00bb<\/p>\n<p><strong>Ein Jahr nach der Stolpersteinverlegung: Familie von Willi Schl\u00fcter aufgesp\u00fcrt<\/strong><br \/>\nIn Bochum konnten in diesem Sommer erstmals Fotos von Willi Schl\u00fcter aus Bochum gefunden werden. Willi Schl\u00fcter (Jg. 1917) und Fritz Goltermann (Jg. 1909) feierten noch 1936 gemeinsam mit Freund*innen, lebten kurzzeitig in derselben Wohnung in der Bochumer Kronenstrasse, hatten Sex miteinander, verbrachten ihre Freizeit zusammen. Fritz spielte Klavier und musizierte gerne mit anderen. Ein offizielles Paar wurden die beiden nie.<\/p>\n<figure id=\"attachment_179817\" aria-describedby=\"caption-attachment-179817\" style=\"width: 1280px\" class=\"wp-caption alignnone\"><a href=\"https:\/\/mannschaft.com\/bimber\/wp-content\/uploads\/2023\/10\/stolpersteine-bochum-willi-schlueter-und-fritz-goltermann-mannschaft-magazin-copyright-juergen-wenke-2.jpg\"><img data-expand=\"600\" decoding=\"async\" loading=\"lazy\" class=\"lazyload size-full wp-image-179817\" src=\"data:image\/svg+xml;charset=utf-8,%3Csvg xmlns%3D'http%3A%2F%2Fwww.w3.org%2F2000%2Fsvg' viewBox%3D'0 0 1280 720'%2F%3E\" data-src=\"https:\/\/mannschaft.com\/bimber\/wp-content\/uploads\/2023\/10\/stolpersteine-bochum-willi-schlueter-und-fritz-goltermann-mannschaft-magazin-copyright-juergen-wenke-2.jpg\" alt=\"Stolpersteine\" width=\"1280\" height=\"720\" data-srcset=\"https:\/\/alte.mannschaft.lgbt\/bimber\/wp-content\/uploads\/2023\/10\/stolpersteine-bochum-willi-schlueter-und-fritz-goltermann-mannschaft-magazin-copyright-juergen-wenke-2.jpg 1280w, https:\/\/alte.mannschaft.lgbt\/bimber\/wp-content\/uploads\/2023\/10\/stolpersteine-bochum-willi-schlueter-und-fritz-goltermann-mannschaft-magazin-copyright-juergen-wenke-2-300x169.jpg 300w, https:\/\/alte.mannschaft.lgbt\/bimber\/wp-content\/uploads\/2023\/10\/stolpersteine-bochum-willi-schlueter-und-fritz-goltermann-mannschaft-magazin-copyright-juergen-wenke-2-425x239.jpg 425w, https:\/\/alte.mannschaft.lgbt\/bimber\/wp-content\/uploads\/2023\/10\/stolpersteine-bochum-willi-schlueter-und-fritz-goltermann-mannschaft-magazin-copyright-juergen-wenke-2-768x432.jpg 768w, https:\/\/alte.mannschaft.lgbt\/bimber\/wp-content\/uploads\/2023\/10\/stolpersteine-bochum-willi-schlueter-und-fritz-goltermann-mannschaft-magazin-copyright-juergen-wenke-2-192x108.jpg 192w, https:\/\/alte.mannschaft.lgbt\/bimber\/wp-content\/uploads\/2023\/10\/stolpersteine-bochum-willi-schlueter-und-fritz-goltermann-mannschaft-magazin-copyright-juergen-wenke-2-384x216.jpg 384w, https:\/\/alte.mannschaft.lgbt\/bimber\/wp-content\/uploads\/2023\/10\/stolpersteine-bochum-willi-schlueter-und-fritz-goltermann-mannschaft-magazin-copyright-juergen-wenke-2-364x205.jpg 364w, https:\/\/alte.mannschaft.lgbt\/bimber\/wp-content\/uploads\/2023\/10\/stolpersteine-bochum-willi-schlueter-und-fritz-goltermann-mannschaft-magazin-copyright-juergen-wenke-2-728x409.jpg 728w, https:\/\/alte.mannschaft.lgbt\/bimber\/wp-content\/uploads\/2023\/10\/stolpersteine-bochum-willi-schlueter-und-fritz-goltermann-mannschaft-magazin-copyright-juergen-wenke-2-561x316.jpg 561w, https:\/\/alte.mannschaft.lgbt\/bimber\/wp-content\/uploads\/2023\/10\/stolpersteine-bochum-willi-schlueter-und-fritz-goltermann-mannschaft-magazin-copyright-juergen-wenke-2-1122x631.jpg 1122w, https:\/\/alte.mannschaft.lgbt\/bimber\/wp-content\/uploads\/2023\/10\/stolpersteine-bochum-willi-schlueter-und-fritz-goltermann-mannschaft-magazin-copyright-juergen-wenke-2-265x149.jpg 265w, https:\/\/alte.mannschaft.lgbt\/bimber\/wp-content\/uploads\/2023\/10\/stolpersteine-bochum-willi-schlueter-und-fritz-goltermann-mannschaft-magazin-copyright-juergen-wenke-2-531x299.jpg 531w, https:\/\/alte.mannschaft.lgbt\/bimber\/wp-content\/uploads\/2023\/10\/stolpersteine-bochum-willi-schlueter-und-fritz-goltermann-mannschaft-magazin-copyright-juergen-wenke-2-608x342.jpg 608w, https:\/\/alte.mannschaft.lgbt\/bimber\/wp-content\/uploads\/2023\/10\/stolpersteine-bochum-willi-schlueter-und-fritz-goltermann-mannschaft-magazin-copyright-juergen-wenke-2-758x426.jpg 758w, https:\/\/alte.mannschaft.lgbt\/bimber\/wp-content\/uploads\/2023\/10\/stolpersteine-bochum-willi-schlueter-und-fritz-goltermann-mannschaft-magazin-copyright-juergen-wenke-2-1152x648.jpg 1152w, https:\/\/alte.mannschaft.lgbt\/bimber\/wp-content\/uploads\/2023\/10\/stolpersteine-bochum-willi-schlueter-und-fritz-goltermann-mannschaft-magazin-copyright-juergen-wenke-2-85x48.jpg 85w, https:\/\/alte.mannschaft.lgbt\/bimber\/wp-content\/uploads\/2023\/10\/stolpersteine-bochum-willi-schlueter-und-fritz-goltermann-mannschaft-magazin-copyright-juergen-wenke-2-171x96.jpg 171w, https:\/\/alte.mannschaft.lgbt\/bimber\/wp-content\/uploads\/2023\/10\/stolpersteine-bochum-willi-schlueter-und-fritz-goltermann-mannschaft-magazin-copyright-juergen-wenke-2-400x225.jpg 400w\" data-sizes=\"(max-width: 1280px) 100vw, 1280px\" \/><\/a><figcaption id=\"caption-attachment-179817\" class=\"wp-caption-text\">Stolpersteine f\u00fcr die Opfer aus der NS-Zeit Willi Schl\u00fcter und Fritz Goltermann (Bild: J\u00fcrgen Wenke)<\/figcaption><\/figure>\n<p>Denn im Februar 1937 standen beide gemeinsam vor dem Bochumer Landgericht, angeklagt wegen \u00abhomosexueller Handlungen\u00bb. Fritz wurde zu einem Jahr und drei Monaten Gef\u00e4ngnis verurteilt, Willi zu sechs Monaten Gef\u00e4ngnis. Mehr als ein Jahr nach der Stolpersteinverlegung <a href=\"https:\/\/mannschaft.com\/vier-stolpersteine-fuer-maenner-die-als-homosexuelle-verurteilt-wurden\/\">(MANNSCHAFT berichtete)<\/a> konnten erstmals Kontakte zu Tochter und Schwiegertochter von Willi Schl\u00fcter gefunden werden, beide waren \u00fcberrascht von der Vergangenheit ihres Vaters\/Schwiegervaters. Er hatte sein Leben lang dazu geschwiegen.<\/p>\n<hr \/>\n<p><a href=\"https:\/\/mannschaft.com\/dont-say-gay-in-grossbritannien-neuer-film-erinnert-an-section-28\/\">Der Film \u00abBlue Jean\u00bb von Georgia Oakley thematisiert die Auswirkungen des einstigen Verbots \u00abSection 28\u00bb in Grossbritannien (MANNSCHAFT+)<\/a><\/p>\n<hr \/>\n<p>Die 63j\u00e4hrige Tochter von Willi stellte zahlreiche Fotos und Dokumente zur Verf\u00fcgung und besuchte gemeinsam mit dem Forscher J\u00fcrgen Wenke bei einem mehrst\u00fcndigen Stadtrundgang die Bochumer Orte der Jugend ihres im Jahr 2008 im M\u00fcnster\/Westfalen verstorbenen Vaters. Dabei erinnerte sie sich an den Satz ihres Vaters Willi, \u00abAdolf Hitler hat mir meine Jugend genommen\u00bb, den sie vor dem Hintergrund seiner Verfolgungsgeschichte nun neu und anders interpretierte. Ein gemeinsames Putzen des Stolpersteines f\u00fcr den Vater zusammen mit den Mitarbeiter*innen der Bogestra, die 2022 die Patenschaft f\u00fcr den Stolperstein \u00fcbernommen hatten, war Teil der W\u00fcrdigung.<\/p>\n<p>Fritz Goltermann \u00fcberlebte die NS-Zeit ebenfalls. Der verheiratete, kinderlose Klavierlehrer starb im Jahr 1985 in Reutlingen. Nach heutigem Kenntnisstand haben sich Willi und Fritz nach Ende der NS-Zeit nie wiedergesehen. Mehr Fotos und Informationen \u00fcber die beiden gibt es auf der Website <a href=\"https:\/\/www.stolpersteine-homosexuelle.de\/willi-schlueter\" target=\"_blank\" rel=\"noopener\">stolpersteine-homosexuelle.de<\/a>.<\/p>\n<p><strong>Entdeckung einer alten Schachtel mit Fotos* f\u00fchrt zu den Geheimnissen des exklusiven Herrenklubs \u00abVilla Lagunta\u00bb im Voralpenland. Ein neues Kunstbuch von Martin Arz <a href=\"https:\/\/mannschaft.com\/da-musste-man-nackert-sein-die-geheimnisse-der-villa-lagunta\/\">(MANNSCHAFT berichtete)<\/a>.<\/strong><\/p>\n","protected":false},"excerpt":{"rendered":"<p>Stolpersteine des K\u00fcnstlers Gunther Demnig sollen Erinnerungen an das Schicksal von NS-Opfern wach halten. In Spremberg und Cottbus werden die kleinen Messingtafeln verlegt. <a class=\"g1-link g1-link-more\" href=\"https:\/\/alte.mannschaft.lgbt\/bimber\/liebespaar-verewigt-adolf-hitler-hat-meine-jugend-genommen\/\">Weiterlesen<\/a><\/p>\n","protected":false},"author":1950,"featured_media":179816,"comment_status":"closed","ping_status":"closed","sticky":false,"template":"","format":"standard","meta":[],"categories":[3,10],"tags":[5464,5461],"wps_subtitle":"Stolpersteine in Bochum, Cottbus und Spremberg werden zur erlebbaren Geschichte \u2013 auch f\u00fcr Schulklassen","_links":{"self":[{"href":"https:\/\/alte.mannschaft.lgbt\/bimber\/wp-json\/wp\/v2\/posts\/179814"}],"collection":[{"href":"https:\/\/alte.mannschaft.lgbt\/bimber\/wp-json\/wp\/v2\/posts"}],"about":[{"href":"https:\/\/alte.mannschaft.lgbt\/bimber\/wp-json\/wp\/v2\/types\/post"}],"author":[{"embeddable":true,"href":"https:\/\/alte.mannschaft.lgbt\/bimber\/wp-json\/wp\/v2\/users\/1950"}],"replies":[{"embeddable":true,"href":"https:\/\/alte.mannschaft.lgbt\/bimber\/wp-json\/wp\/v2\/comments?post=179814"}],"version-history":[{"count":10,"href":"https:\/\/alte.mannschaft.lgbt\/bimber\/wp-json\/wp\/v2\/posts\/179814\/revisions"}],"predecessor-version":[{"id":179889,"href":"https:\/\/alte.mannschaft.lgbt\/bimber\/wp-json\/wp\/v2\/posts\/179814\/revisions\/179889"}],"wp:featuredmedia":[{"embeddable":true,"href":"https:\/\/alte.mannschaft.lgbt\/bimber\/wp-json\/wp\/v2\/media\/179816"}],"wp:attachment":[{"href":"https:\/\/alte.mannschaft.lgbt\/bimber\/wp-json\/wp\/v2\/media?parent=179814"}],"wp:term":[{"taxonomy":"category","embeddable":true,"href":"https:\/\/alte.mannschaft.lgbt\/bimber\/wp-json\/wp\/v2\/categories?post=179814"},{"taxonomy":"post_tag","embeddable":true,"href":"https:\/\/alte.mannschaft.lgbt\/bimber\/wp-json\/wp\/v2\/tags?post=179814"}],"curies":[{"name":"wp","href":"https:\/\/api.w.org\/{rel}","templated":true}]}}