{"id":179806,"date":"2023-10-05T10:21:24","date_gmt":"2023-10-05T08:21:24","guid":{"rendered":"https:\/\/mannschaft.com\/?p=179806"},"modified":"2023-10-06T10:39:37","modified_gmt":"2023-10-06T08:39:37","slug":"kategorie-fuer-trans-personen-beim-schwimm-weltcup-in-berlin-abgesagt","status":"publish","type":"post","link":"https:\/\/alte.mannschaft.lgbt\/bimber\/kategorie-fuer-trans-personen-beim-schwimm-weltcup-in-berlin-abgesagt\/","title":{"rendered":"Kategorie f\u00fcr trans Personen beim Schwimm-Weltcup in Berlin abgesagt"},"content":{"rendered":"<h3>Der Schwimm-Weltverband World Aquatics wollte als erster grosser Sportverband der Welt Wettbewerbe in der \u00aboffenen Kategorie\u00bb einf\u00fchren. In dieser sollten dann auch trans Athlet*innen teilnehmen, wie der Verband im August mitteilte. Daraus wird nun nichts.<\/h3>\n<p>Niemand wollte in der offenen Kategorie antreten: Keine einzige Person habe sich in der offenen Kategorie angemeldet, wie World Aquatics bekanntgab.<\/p>\n<blockquote><p>Denn so wird der Eindruck geschaffen, dass trans Frauen keine Frauen seien und trans M\u00e4nner keine M\u00e4nner<\/p><\/blockquote>\n<p>Der Mangel an Interesse komme nicht von ungef\u00e4hr, wie die Deutsche Gesellschaft f\u00fcr Transidentit\u00e4t und Intersexualit\u00e4t (DGTI) in einer Medienmitteilung schrieb. Bereits in einer fr\u00fcheren Mitteilung im August forderte sie die Ablehnung der offenen Kategorie (<a href=\"https:\/\/mannschaft.com\/fuer-trans-inklusion-schwimm-weltverband-fuehrt-offene-kategorie-ein\/\">MANNSCHAFT berichtete<\/a>):<\/p>\n<p>\u00abDie Einsetzung der Kategorie sehen wir weder als inklusiv noch als bahnbrechend an. Denn so wird der Eindruck geschaffen, dass trans Frauen keine Frauen seien und trans M\u00e4nner keine M\u00e4nner.<\/p>\n<p>World Aquatics f\u00fchrte 2022 ein faktisches Startverbot f\u00fcr trans Frauen in der Frauenkategorie ein. Dies, nachdem Schwimmerin Lia Thomas bei den US-College-Meisterschaften \u00fcber 500 Yards im Freistil gewonnen hatte (<a href=\"https:\/\/mannschaft.com\/politischer-widerstand-gegen-trans-schwimmerin-lia-thomas\/\" target=\"_blank\" rel=\"noopener\">MANNSCHAFT berichtete<\/a>).<\/p>\n<hr \/>\n<p><a href=\"https:\/\/mannschaft.com\/nackt-ueber-berlin-die-schwule-bromance-von-jannik-und-tai\/\">\u00abNackt \u00fcber Berlin\u00bb: Die (schwule) Bromance von Jannik und Tai<\/a><\/p>\n<hr \/>\n<p>Durch die explizite Segregation von trans, inter und nicht-bin\u00e4ren Personen schaffe man keine Inklusion und keine Wertsch\u00e4tzung von Vielfalt, so die DGTI weiter: \u00ab<a href=\"https:\/\/mannschaft.com\/tag\/inklusion\/\">Inklusion<\/a> muss bedeuten, es zu erm\u00f6glichen, von Anfang an ein wertvoller Teil der Gesellschaft zu sein. Durch diesen Ausschluss werden wir zu Menschen zweiter Klasse kategorisiert.\u00bb<\/p>\n<p>Der Vizepr\u00e4sident des Deutschen Schwimm-Verbandes (DSV), Kai Morgenroth, bedauerte die Absage und sagte, man m\u00fcsse zuh\u00f6ren und \u00ablernen, um funktionierende Ideen f\u00fcr zuk\u00fcnftige Projekte zu entwickeln.\u00bb Die DGTI stehe dem DSV weiterhin zur Verf\u00fcgung und werde die Gespr\u00e4che weitersuchen und hoffentlich f\u00fchren k\u00f6nnen, \u00abum echte Inklusion zu erm\u00f6glichen. Sport muss sich im diskriminierungsfreien Raum abspielen\u00bb.<\/p>\n<p>Viele LGBTIQ-Sportevents f\u00fchren keine separaten Kategorien f\u00fcr trans Personen. Bei den Eurogames in Bern konnten Athlet*innen in der Genderkategorie starten, mit der sie sich identifizieren. Damit stellten sich die Veranstalter*innen gegen die neuen Ausschlusskriterien des Leichtathletikverbands World Athletics (<a href=\"https:\/\/mannschaft.com\/trans-im-sport-eurogames-distanzieren-sich-von-world-athletics\/\">MANNSCHAFT berichtete<\/a>).<\/p>\n<p><strong>Seit September k\u00f6nnen in Z\u00fcrich Regenbogengrabfelder auf dem Friedhof Sihlfeld reserviert werden. Ein grosser Teil ist nach vier Wochen bereits vergeben <a href=\"https:\/\/mannschaft.com\/zuerich-viele-queere-grabstellen-schon-vergeben\/\">(MANNSCHAFT berichtete)<\/a>.<\/strong><\/p>\n","protected":false},"excerpt":{"rendered":"<p>Der Schwimm-Weltverband World Aquatics wollte als erster grosser Sportverband der Welt Wettbewerbe in der \u00aboffenen Kategorie\u00bb f\u00fcr trans Athlet*innen einf\u00fchren. Daraus wird nun nichts. <a class=\"g1-link g1-link-more\" href=\"https:\/\/alte.mannschaft.lgbt\/bimber\/kategorie-fuer-trans-personen-beim-schwimm-weltcup-in-berlin-abgesagt\/\">Weiterlesen<\/a><\/p>\n","protected":false},"author":1,"featured_media":141289,"comment_status":"closed","ping_status":"closed","sticky":false,"template":"","format":"standard","meta":[],"categories":[4447],"tags":[5466,5543,5545],"wps_subtitle":"Keine einzige Person hatte sich f\u00fcr die offene Kategorie angemeldet","_links":{"self":[{"href":"https:\/\/alte.mannschaft.lgbt\/bimber\/wp-json\/wp\/v2\/posts\/179806"}],"collection":[{"href":"https:\/\/alte.mannschaft.lgbt\/bimber\/wp-json\/wp\/v2\/posts"}],"about":[{"href":"https:\/\/alte.mannschaft.lgbt\/bimber\/wp-json\/wp\/v2\/types\/post"}],"author":[{"embeddable":true,"href":"https:\/\/alte.mannschaft.lgbt\/bimber\/wp-json\/wp\/v2\/users\/1"}],"replies":[{"embeddable":true,"href":"https:\/\/alte.mannschaft.lgbt\/bimber\/wp-json\/wp\/v2\/comments?post=179806"}],"version-history":[{"count":7,"href":"https:\/\/alte.mannschaft.lgbt\/bimber\/wp-json\/wp\/v2\/posts\/179806\/revisions"}],"predecessor-version":[{"id":179848,"href":"https:\/\/alte.mannschaft.lgbt\/bimber\/wp-json\/wp\/v2\/posts\/179806\/revisions\/179848"}],"wp:featuredmedia":[{"embeddable":true,"href":"https:\/\/alte.mannschaft.lgbt\/bimber\/wp-json\/wp\/v2\/media\/141289"}],"wp:attachment":[{"href":"https:\/\/alte.mannschaft.lgbt\/bimber\/wp-json\/wp\/v2\/media?parent=179806"}],"wp:term":[{"taxonomy":"category","embeddable":true,"href":"https:\/\/alte.mannschaft.lgbt\/bimber\/wp-json\/wp\/v2\/categories?post=179806"},{"taxonomy":"post_tag","embeddable":true,"href":"https:\/\/alte.mannschaft.lgbt\/bimber\/wp-json\/wp\/v2\/tags?post=179806"}],"curies":[{"name":"wp","href":"https:\/\/api.w.org\/{rel}","templated":true}]}}