{"id":179789,"date":"2023-10-04T15:32:36","date_gmt":"2023-10-04T13:32:36","guid":{"rendered":"https:\/\/mannschaft.com\/?p=179789"},"modified":"2023-10-04T15:36:21","modified_gmt":"2023-10-04T13:36:21","slug":"aufruf-zu-hass-alain-soral-zu-60-tagen-haft-verurteilt","status":"publish","type":"post","link":"https:\/\/alte.mannschaft.lgbt\/bimber\/aufruf-zu-hass-alain-soral-zu-60-tagen-haft-verurteilt\/","title":{"rendered":"Aufruf zu Hass: Alain Soral zu 60 Tagen Haft verurteilt"},"content":{"rendered":"<h3>Das Waadtl\u00e4nder Kantonsgericht best\u00e4tigt das Urteil der Vorinstanz und befindet Alain Soral f\u00fcr schuldig.<\/h3>\n<p>Der Rechtsextreme Alain Soral wurde am Montag zu 60 Tagen Haft ohne Bew\u00e4hrung verurteilt. Das Waadtl\u00e4nder Kantonsgericht befand ihn der Diskriminierung und Aufstachelung zum Hass f\u00fcr schuldig.<\/p>\n<p>Es geht um \u00c4usserungen, die Soral im Sommer 2021 in einem Video auf seiner Website <em>Egalit\u00e9 et R\u00e9conciliation<\/em> (\u00abE&amp;R\u00bb) gemacht hatte (<a href=\"https:\/\/mannschaft.com\/fette-lesbe-schweizer-journalist-zu-drei-monaten-haft-verurteilt\/\">MANNSCHAFT berichtete<\/a>). In dem Video regte er sich \u00fcber die offen homosexuelle Journalistin Cathy Macherel und deren Artikel \u00fcber ihn in den Tageszeitungen <em><a href=\"https:\/\/www.24heures.ch\/alain-soral-est-condamne-a-la-prison-ferme-pour-homophobie-199959661986?idp=OneLog&amp;new_user=no\" target=\"_blank\" rel=\"noopener\">24 heures<\/a><\/em> und <em><a href=\"https:\/\/www.tdg.ch\/alain-soral-est-condamne-a-la-prison-ferme-pour-homophobie-199959661986\" target=\"_blank\" rel=\"noopener\">La Tribune de Gen\u00e8ve<\/a><\/em> auf. Er bezeichnete Macherel unter anderem als \u00abfette Lesbe\u00bb. Den Begriff \u00abqueer\u00bb setzte er im Video mit \u00abgest\u00f6rt\u00bb gleich.<\/p>\n<p>Die Journalistin erstattete im September 2021 Anzeige. Im April 2022 wurde Soral von der Staatsanwaltschaft wegen Diskriminierung aufgrund der sexuellen Orientierung per Strafbefehl zu einer dreimonatigen Gef\u00e4ngnisstrafe verurteilt. Der Autor legte gegen diesen Beschluss Einspruch ein. Sp\u00e4ter verurteilte ihn das Polizeigericht lediglich zu einer Geldstrafe von 30 Tagess\u00e4tzen zu je 50 Franken. Die Staatsanwaltschaft des Kantons Waadt, die eine Freiheitsstrafe von drei Monaten gefordert hatte, entschied sich, den Fall vor die n\u00e4chsth\u00f6here Instanz zu bringen.<\/p>\n<p>Das letzte Wort d\u00fcrfte noch nicht gesprochen sein. Wie Sorals Anwalt mitteilt, werde sein Klient beim Bundesgericht Berufung einlegen.<\/p>\n<p>Seit Mitte 2020 ist Diskriminierung aufgrund der sexuellen Orientierung in der Schweiz strafbar (<a href=\"https:\/\/mannschaft.com\/der-schutz-vor-diskriminierung-gilt-ab-1-juli\/\">MANNSCHAFT berichtete<\/a>). Soral geh\u00f6rt somit zu einer der ersten Personen, bei dem das neue Gesetz Anwendung findet. Der franz\u00f6sisch-schweizerische Staatsb\u00fcrger und Holocaust-Leugner ist in Frankreich bereits mehrmals aufgrund von antisemitischen \u00c4usserungen, Verleumdung und Beleidigung veruteilt worden. Soral erlangte insbesondere Bekanntheit durch seine Zusammenarbeit mit dem franz\u00f6sischen Komiker Dieudonn\u00e9, der dem rechtsextremen Spektrum zugeordnet wird.<\/p>\n<p>Die Dachverb\u00e4nde LOS und Pink Cross sowie die Waadtl\u00e4nder Organisationen Lilith und Vogay begr\u00fcssen in einer gemeinsamen Medienmitteilung den Entscheid des Kantonsgerichts. Das neue Gerichtsurteil sei eine Korrektur des ersten Urteils. \u00abDiese Gerichtsentscheidung ist ein Schl\u00fcsselmoment f\u00fcr die Justiz und die Rechte von LGBTIQ-\u200bPersonen in der Schweiz. Die Verurteilung von Alain Soral sendet ein starkes Signal, dass homophober Hass in unserer Gesellschaft nicht toleriert wird\u00bb, sagt Muriel Waeger, Co-\u200bGesch\u00e4ftsf\u00fchrerin der LOS. \u00abAusserdem ist es ein entscheidender Schritt bei der Anwendung des 2020 vom Schweizer Stimmvolk angenommenen Artikels im Strafgesetzbuch.\u00bb<\/p>\n<p>\u00abEine so harte Verurteilung ist eine Premiere im Kanton Waadt. In einem Kontext, in dem sich der \u00f6ffentliche Diskurs regelm\u00e4ssig feindselig zeigt, ist es umso wichtiger, dass Hass nicht ungestraft bleibt\u00bb, erg\u00e4nzt Manu Anex Co-\u200bGeneralsekret\u00e4r*in von Vogay. \u00abAngesichts der Bedeutung der Antidiskriminierungs-\u200bStrafnorm sollte die Frage, ob sie auf die Geschlechtsidentit\u00e4t ausgeweitet werden m\u00fcsste, erneut diskutiert werden.\u00bb<\/p>\n<p><strong>Mehr: 13 Jahre nach ihrer Gr\u00fcndung l\u00f6st sich die Gay-SVP wieder auf. Pr\u00e4sident Beat Feurer findet, LGBTIQ-Menschen seien nun in der Gesellschaft \u00abweitgehend akzeptiert\u00bb (<a href=\"https:\/\/mannschaft.com\/ziele-erreicht-die-gay-svp-loest-sich-auf\/\">MANNSCHAFT berichtete<\/a>).<\/strong><\/p>\n<p>&nbsp;<\/p>\n","protected":false},"excerpt":{"rendered":"<p>Das Waadtl\u00e4nder Kantonsgericht best\u00e4tigt das Urteil der Vorinstanz und befindet Alain Soral der Diskriminierung und Aufstachelung zum Hass f\u00fcr schuldig. <a class=\"g1-link g1-link-more\" href=\"https:\/\/alte.mannschaft.lgbt\/bimber\/aufruf-zu-hass-alain-soral-zu-60-tagen-haft-verurteilt\/\">Weiterlesen<\/a><\/p>\n","protected":false},"author":1,"featured_media":179790,"comment_status":"closed","ping_status":"closed","sticky":false,"template":"","format":"standard","meta":[],"categories":[1340],"tags":[5031,5538],"wps_subtitle":"Der rechtsextreme Autor und Holocaust-Leugner will den Fall ans Bundesgericht ziehen","_links":{"self":[{"href":"https:\/\/alte.mannschaft.lgbt\/bimber\/wp-json\/wp\/v2\/posts\/179789"}],"collection":[{"href":"https:\/\/alte.mannschaft.lgbt\/bimber\/wp-json\/wp\/v2\/posts"}],"about":[{"href":"https:\/\/alte.mannschaft.lgbt\/bimber\/wp-json\/wp\/v2\/types\/post"}],"author":[{"embeddable":true,"href":"https:\/\/alte.mannschaft.lgbt\/bimber\/wp-json\/wp\/v2\/users\/1"}],"replies":[{"embeddable":true,"href":"https:\/\/alte.mannschaft.lgbt\/bimber\/wp-json\/wp\/v2\/comments?post=179789"}],"version-history":[{"count":5,"href":"https:\/\/alte.mannschaft.lgbt\/bimber\/wp-json\/wp\/v2\/posts\/179789\/revisions"}],"predecessor-version":[{"id":179797,"href":"https:\/\/alte.mannschaft.lgbt\/bimber\/wp-json\/wp\/v2\/posts\/179789\/revisions\/179797"}],"wp:featuredmedia":[{"embeddable":true,"href":"https:\/\/alte.mannschaft.lgbt\/bimber\/wp-json\/wp\/v2\/media\/179790"}],"wp:attachment":[{"href":"https:\/\/alte.mannschaft.lgbt\/bimber\/wp-json\/wp\/v2\/media?parent=179789"}],"wp:term":[{"taxonomy":"category","embeddable":true,"href":"https:\/\/alte.mannschaft.lgbt\/bimber\/wp-json\/wp\/v2\/categories?post=179789"},{"taxonomy":"post_tag","embeddable":true,"href":"https:\/\/alte.mannschaft.lgbt\/bimber\/wp-json\/wp\/v2\/tags?post=179789"}],"curies":[{"name":"wp","href":"https:\/\/api.w.org\/{rel}","templated":true}]}}