{"id":178164,"date":"2023-09-11T14:41:35","date_gmt":"2023-09-11T12:41:35","guid":{"rendered":"https:\/\/mannschaft.com\/?p=178164"},"modified":"2023-12-11T08:18:21","modified_gmt":"2023-12-11T07:18:21","slug":"barbara-schoeneberger-und-kaulitz-brueder-fuer-fernsehpreis-nominiert","status":"publish","type":"post","link":"https:\/\/alte.mannschaft.lgbt\/bimber\/barbara-schoeneberger-und-kaulitz-brueder-fuer-fernsehpreis-nominiert\/","title":{"rendered":"Barbara Sch\u00f6ne&shy;berger und Kaulitz-Br\u00fcder f\u00fcr Fernseh&shy;preis nominiert"},"content":{"rendered":"<h3>Ende September wird wieder der Deutsche Fernsehpreis verliehen. Und diesmal gibt es laut Jury besonders viel Pr\u00e4mierenswertes: \u00abEs pr\u00e4sentieren sich Programme in nie gesehener Vielfalt und bemerkenswerter Qualit\u00e4t.\u00bb<\/h3>\n<p>Barbara Sch\u00f6neberger, Esther Sedlaczek und Jan K\u00f6ppen stehen dieses Jahr in Konkurrenz um den Deutschen Fernsehpreis. Alle drei sind in der Kategorie \u00abBeste Einzelleistung\/Moderation Unterhaltung\u00bb nominiert, wie das Sekretariat des Fernsehpreises am Montag in K\u00f6ln mitteilte.<\/p>\n<p>K\u00f6ppen ist f\u00fcr \u00abIch bin ein Star &#8211; Holt mich hier raus\u00bb und \u00abTake Me Out\u00bb nominiert, Sch\u00f6neberger f\u00fcr die deutsche Vorauswahl zum Eurovision Song Contest <a href=\"https:\/\/mannschaft.com\/glitter-immerhin-lord-of-the-lost-fahren-zum-esc\/\" target=\"_blank\" rel=\"noopener\">(MANNSCHAFT berichtete)<\/a> und Sedlaczek f\u00fcr \u00abQuizduell-Olymp\u00bb und \u00abFrag doch mal die Maus\u00bb.<\/p>\n<p>Der Deutsche Fernsehpreis wird seit 1999 f\u00fcr hervorragende TV-Leistungen verliehen. F\u00fcr die Programmsaison 2022\/23 konstatiert der Juryvorsitzende Wolf Bauer \u00abeinen fast \u00fcberhitzten Wettbewerb\u00bb unter anderem durch neue Anbieter und die h\u00f6here Zahl von Nutzungsarten. \u00abEs pr\u00e4sentieren sich Programme in nie gesehener Vielfalt und bemerkenswerter Qualit\u00e4t\u00bb, so Bauer. Pr\u00e4gend seien weiterhin historische Themen und aktuelle gesellschaftliche Ver\u00e4nderungen.<\/p>\n<p>In der Sparte \u00abBeste Unterhaltung Show\u00bb sind \u00abDie Giovanni Zarrella Show\u00bb, \u00abThat&#8217;s my Jam mit Bill und Tom Kaulitz\u00bb und \u00abWer stiehlt mir die Show?\u00bb im Rennen. Zarrella hatte im vergangenen Jahr den Fernsehpreis f\u00fcr die beste Einzelleistung als Unterhaltungsmoderator gewonnen.<\/p>\n<hr \/>\n<p><a href=\"https:\/\/mannschaft.com\/kim-de-lhorizon-gewinnt-swiss-diversity-award\/\" target=\"_blank\" rel=\"noopener\"><em>Kim de l\u2019Horizon gewinnt Swiss Diversity Award. Der Literaturstar wurde in der Kategorie \u00abLGBTQ+\u00bb geehrt\u00a0<\/em><\/a><\/p>\n<hr \/>\n<p>Das Zeug zur besten Schauspielerin haben laut Jury Dominique Devenport f\u00fcr \u00abSisi 2\u00bb, Nina Gummich f\u00fcr die Verfilmung des Lebens von Alice Schwarzer (\u00abAlice\u00bb), Jella Haase f\u00fcr \u00abKleo\u00bb, Jeanette Hain f\u00fcr<a href=\"https:\/\/mannschaft.com\/serie-luden-sexuelle-revolution-auf-der-hamburger-reeperbahn\/\" target=\"_blank\" rel=\"noopener\"> \u00abLuden &#8211; K\u00f6nige der Reeperbahn\u00bb<\/a> und D\u00e9sir\u00e9e Nosbusch f\u00fcr \u00abS\u00fcsser Rausch\u00bb, \u00abConti\u00bb und \u00abSisi 2\u00bb.<\/p>\n<p>Als bester Schauspieler ausgezeichnet werden k\u00f6nnen Malick Bauer f\u00fcr \u00abSam &#8211; Ein Sachse\u00bb, Matthias Brandt f\u00fcr \u00abKing of Stonks\u00bb, Philip Froissant f\u00fcr \u00abDie Kaiserin\u00bb, Matthias Matschke f\u00fcr \u00abWir sind die Meiers\u00bb und Thomas Schubert f\u00fcr \u00abKing of Stonks\u00bb.<\/p>\n<p>Insgesamt wurden Nominierungen in 28 Kategorien verk\u00fcndet. Schaut man sich alle Kategorien an, kommt das ZDF nach Angaben der Organisatoren in diesem Jahr auf 21 Nennungen, RTL auf 18, die ARD auf 14 und Netflix auf 13 Nennungen. ProSiebenSat1 folgt mit elf Nennungen, Prime Video mit acht, Sky mit vier sowie RTLZWEI, MagentaTV, Disney+, 3sat, Welt und Sport1 jeweils mit einer Nennung.<\/p>\n<p>Im Vergleich der nominierten Produktionen f\u00fchren in der Fiktion die Drama-Serie \u00abSisi 2\u00bb (RTL) und die Comedy-Serie \u00abKing of Stonks\u00bb (Netflix) mit je f\u00fcnf Nominierungen. Auf vier Nennungen kommen die Drama-Serien \u00abKleo\u00bb und \u00abDie Kaiserin\u00bb, beide von Netflix.<\/p>\n<p>Im Informationsbereich gab es laut Jurychef Bauer neben einer aktuellen Berichterstattung in beeindruckender Qualit\u00e4t einen erweiterten Resonanzraum f\u00fcr die Top-Themen Klimawandel und Ukrainekrieg, aber auch f\u00fcr die Ereignisse in Afghanistan, im Iran und bei der <a href=\"https:\/\/mannschaft.com\/zdf-moderatorin-dunja-hayali-schaue-wm-in-katar-privat-gar-nicht\/\" target=\"_blank\" rel=\"noopener\">Fussball-WM in Katar<\/a>.<\/p>\n<p>Nominiert sind in der Kategorie \u00abBeste Information\u00bb die Berichterstattung zum Aufstand der Gruppe Wagner in Russland beim Nachrichtensender n-tv, das \u00abStudio Team Welt\u00bb und eine Live-Sendung der ARD-\u00abTagesthemen\u00bb aus Kiew ein halbes Jahr nach Kriegsbeginn.<\/p>\n<p>Die Gewinner*innen sollen am 27. und 28. September in K\u00f6ln gek\u00fcrt werden. Die Federf\u00fchrung hat dieses Jahr turnusgem\u00e4ss Sat.1 \u00fcbernommen. Den Kreis der Stifter des Preises bilden neben Sat.1 noch RTL, ARD, ZDF und Deutsche Telekom.<\/p>\n","protected":false},"excerpt":{"rendered":"<p>K\u00f6ln. Ende September wird wieder der Deutsche Fernsehpreis verliehen. Nominiert u.a. die Sch\u00f6nebergerin f\u00fcr die ESC-Moderation, Nina Gummich als Alice Schwarzer und die Kaulitz-Br\u00fcder <a class=\"g1-link g1-link-more\" href=\"https:\/\/alte.mannschaft.lgbt\/bimber\/barbara-schoeneberger-und-kaulitz-brueder-fuer-fernsehpreis-nominiert\/\">Weiterlesen<\/a><\/p>\n","protected":false},"author":1950,"featured_media":123037,"comment_status":"closed","ping_status":"closed","sticky":false,"template":"","format":"standard","meta":[],"categories":[2534],"tags":[858,5437,5344,103],"wps_subtitle":"","_links":{"self":[{"href":"https:\/\/alte.mannschaft.lgbt\/bimber\/wp-json\/wp\/v2\/posts\/178164"}],"collection":[{"href":"https:\/\/alte.mannschaft.lgbt\/bimber\/wp-json\/wp\/v2\/posts"}],"about":[{"href":"https:\/\/alte.mannschaft.lgbt\/bimber\/wp-json\/wp\/v2\/types\/post"}],"author":[{"embeddable":true,"href":"https:\/\/alte.mannschaft.lgbt\/bimber\/wp-json\/wp\/v2\/users\/1950"}],"replies":[{"embeddable":true,"href":"https:\/\/alte.mannschaft.lgbt\/bimber\/wp-json\/wp\/v2\/comments?post=178164"}],"version-history":[{"count":6,"href":"https:\/\/alte.mannschaft.lgbt\/bimber\/wp-json\/wp\/v2\/posts\/178164\/revisions"}],"predecessor-version":[{"id":178240,"href":"https:\/\/alte.mannschaft.lgbt\/bimber\/wp-json\/wp\/v2\/posts\/178164\/revisions\/178240"}],"wp:featuredmedia":[{"embeddable":true,"href":"https:\/\/alte.mannschaft.lgbt\/bimber\/wp-json\/wp\/v2\/media\/123037"}],"wp:attachment":[{"href":"https:\/\/alte.mannschaft.lgbt\/bimber\/wp-json\/wp\/v2\/media?parent=178164"}],"wp:term":[{"taxonomy":"category","embeddable":true,"href":"https:\/\/alte.mannschaft.lgbt\/bimber\/wp-json\/wp\/v2\/categories?post=178164"},{"taxonomy":"post_tag","embeddable":true,"href":"https:\/\/alte.mannschaft.lgbt\/bimber\/wp-json\/wp\/v2\/tags?post=178164"}],"curies":[{"name":"wp","href":"https:\/\/api.w.org\/{rel}","templated":true}]}}