{"id":178095,"date":"2023-09-11T14:51:13","date_gmt":"2023-09-11T12:51:13","guid":{"rendered":"https:\/\/mannschaft.com\/?p=178095"},"modified":"2023-09-13T10:58:23","modified_gmt":"2023-09-13T08:58:23","slug":"ruhestaette-der-vielfalt-in-zuerich-eingeweiht","status":"publish","type":"post","link":"https:\/\/alte.mannschaft.lgbt\/bimber\/ruhestaette-der-vielfalt-in-zuerich-eingeweiht\/","title":{"rendered":"\u00abRuhest\u00e4tte der Vielfalt\u00bb in Z\u00fcrich eingeweiht"},"content":{"rendered":"<h3>Auch nach dem Tod vereint mit der Wahlfamilie: Im Rahmen einer feierlichen Zeremonie wurde auf dem Z\u00fcrcher Friedhof Sihlfeld das erste Regenbogen-Grabfeld der Schweiz eingeweiht.<\/h3>\n<p>Vor anderthalb Jahren hat sich erstmals die Arbeitsgruppe \u00abRegenbogen-Ruhe\u00bb getroffen, um eine gemeinsame Idee zu verwirklichen: Auf dem Friedhof Sihlfeld sollte ein Ort der Vielfalt geschaffen werden, wo unter dem Symbol des Regenbogens queere Menschen ihre Ruhest\u00e4tte finden und selbst nach ihrem Tod mit ihrer Wahlfamilie vereint bleiben (<a href=\"https:\/\/mannschaft.com\/auch-im-tod-vereint-mit-der-community-zuerich-plant-regenbogen-grabfeld\/\" target=\"_blank\" rel=\"noopener\">MANNSCHAFT berichtete<\/a>).<\/p>\n<p>Am vergangenen Donnerstag wurde nun in einer Kapelle des gr\u00f6ssten Z\u00fcrcher Friedhofs das neue Grabfeld mit einer feierlichen Zeremonie eingeweiht. Anwesend waren \u00fcber 70 G\u00e4ste. Musikalisch umrahmt wurde der Anlass von den queeren Streicherinnen der \u00abRosa Saiten\u00bb.<\/p>\n<p><strong>Ein neues Familiengrab<\/strong><br \/>\n\u00abDie Menschen suchen nicht nur im Leben die N\u00e4he jener, von denen sie sich verstanden f\u00fchlen und die sie selber verstehen\u00bb, sagte Nicole M\u00fcller von der Arbeitsgruppe in ihrer Einweihungsrede. Friedh\u00f6fe seien schon immer G\u00e4rten der Zugeh\u00f6rigkeit gewesen: So existierten Kindergr\u00e4ber, Soldatengr\u00e4ber und Ruhest\u00e4tten Angeh\u00f6riger bestimmter Religionen und Kulturen. Und selbstverst\u00e4ndlich h\u00e4tten Familiengr\u00e4ber eine lange Tradition.<\/p>\n<p>\u00abMit dem heutigen Tag hat das Genre der Familiengr\u00e4ber in der Schweiz nun Zuwachs bekommen\u00bb, so Nicole M\u00fcller, die in der HAZ-Arbeitsgruppe die LOS vertritt.<\/p>\n<p>Sich auf dem Sihlfeld im Zeichen des Regenbogens bestatten zu lassen, helfe den Lebenden beim Trauern und den Toten, sich vor dem Umschreiben ihrer Biografien zu sch\u00fctzen. Es komme n\u00e4mlich noch immer gar nicht so selten vor, dass Familien einen unerw\u00fcnschten Lebensentwurf posthum \u00abbegradigen\u00bb wollen. Das eingeweihte Grabfeld stehe jedoch allen offen, nicht nur queeren Menschen.<\/p>\n<figure id=\"attachment_178098\" aria-describedby=\"caption-attachment-178098\" style=\"width: 1200px\" class=\"wp-caption alignnone\"><a href=\"https:\/\/mannschaft.com\/bimber\/wp-content\/uploads\/2023\/09\/nicoleMueller-min.jpg\"><img data-expand=\"600\" decoding=\"async\" loading=\"lazy\" class=\"lazyload size-full wp-image-178098\" src=\"data:image\/svg+xml;charset=utf-8,%3Csvg xmlns%3D'http%3A%2F%2Fwww.w3.org%2F2000%2Fsvg' viewBox%3D'0 0 1200 675'%2F%3E\" data-src=\"https:\/\/mannschaft.com\/bimber\/wp-content\/uploads\/2023\/09\/nicoleMueller-min.jpg\" alt=\"Nicole M\u00fcller LOS Regenbogen-Grabfeld Friedhof Sihlfeld Z\u00fcrich\" width=\"1200\" height=\"675\" data-srcset=\"https:\/\/alte.mannschaft.lgbt\/bimber\/wp-content\/uploads\/2023\/09\/nicoleMueller-min.jpg 1200w, https:\/\/alte.mannschaft.lgbt\/bimber\/wp-content\/uploads\/2023\/09\/nicoleMueller-min-300x169.jpg 300w, https:\/\/alte.mannschaft.lgbt\/bimber\/wp-content\/uploads\/2023\/09\/nicoleMueller-min-425x239.jpg 425w, https:\/\/alte.mannschaft.lgbt\/bimber\/wp-content\/uploads\/2023\/09\/nicoleMueller-min-768x432.jpg 768w, https:\/\/alte.mannschaft.lgbt\/bimber\/wp-content\/uploads\/2023\/09\/nicoleMueller-min-192x108.jpg 192w, https:\/\/alte.mannschaft.lgbt\/bimber\/wp-content\/uploads\/2023\/09\/nicoleMueller-min-384x216.jpg 384w, https:\/\/alte.mannschaft.lgbt\/bimber\/wp-content\/uploads\/2023\/09\/nicoleMueller-min-364x205.jpg 364w, https:\/\/alte.mannschaft.lgbt\/bimber\/wp-content\/uploads\/2023\/09\/nicoleMueller-min-728x409.jpg 728w, https:\/\/alte.mannschaft.lgbt\/bimber\/wp-content\/uploads\/2023\/09\/nicoleMueller-min-561x316.jpg 561w, https:\/\/alte.mannschaft.lgbt\/bimber\/wp-content\/uploads\/2023\/09\/nicoleMueller-min-1122x631.jpg 1122w, https:\/\/alte.mannschaft.lgbt\/bimber\/wp-content\/uploads\/2023\/09\/nicoleMueller-min-265x149.jpg 265w, https:\/\/alte.mannschaft.lgbt\/bimber\/wp-content\/uploads\/2023\/09\/nicoleMueller-min-531x299.jpg 531w, https:\/\/alte.mannschaft.lgbt\/bimber\/wp-content\/uploads\/2023\/09\/nicoleMueller-min-608x342.jpg 608w, https:\/\/alte.mannschaft.lgbt\/bimber\/wp-content\/uploads\/2023\/09\/nicoleMueller-min-758x426.jpg 758w, https:\/\/alte.mannschaft.lgbt\/bimber\/wp-content\/uploads\/2023\/09\/nicoleMueller-min-1152x648.jpg 1152w, https:\/\/alte.mannschaft.lgbt\/bimber\/wp-content\/uploads\/2023\/09\/nicoleMueller-min-85x48.jpg 85w, https:\/\/alte.mannschaft.lgbt\/bimber\/wp-content\/uploads\/2023\/09\/nicoleMueller-min-171x96.jpg 171w, https:\/\/alte.mannschaft.lgbt\/bimber\/wp-content\/uploads\/2023\/09\/nicoleMueller-min-400x225.jpg 400w\" data-sizes=\"(max-width: 1200px) 100vw, 1200px\" \/><\/a><figcaption id=\"caption-attachment-178098\" class=\"wp-caption-text\">Nicole M\u00fcller (Bild: Sandra Meier, Gestaltungskiosk.ch)<\/figcaption><\/figure>\n<p><strong>G\u00e4rtner*innen mit Enthusiasmus<\/strong><br \/>\nDurch die Einweihung f\u00fchrte Barbara Bosshard, <a href=\"https:\/\/mannschaft.com\/queer-altern-bloss-nicht-zurueck-in-den-schrank\/\" target=\"_blank\" rel=\"noopener\">Pr\u00e4sidentin von queerAltern<\/a>, dem Verein, der den Anstoss zum Projekt gegeben hatte. Neben ihr und Nicole M\u00fcller wirken in der Arbeitsgruppe Bettina Burkhard von der LOS, Melanie Handschuh von der Christkatholischen Gemeinde Z\u00fcrich sowie Dominik Steinacher von der HAZ \u2013 queer Z\u00fcrich mit.<\/p>\n<p>Barbara Bosshard bedankte sich speziell bei Bruno Bekowies und seinem Team der Friedhofsg\u00e4rtnerei. Deren Werk wurde von den Anwesenden dann auch gleich im Anschluss an die Feierlichkeiten in der Kapelle vor Ort bestaunt. \u00abIn manchen Spazierg\u00e4ngen \u00fcber den Friedhof habe ich die Entwicklung mitbekommen, und gesehen, wie sich die G\u00e4rtner*innen engagieren; in Gespr\u00e4chen mit ihnen habe ich ihren Enthusiasmus miterlebt\u00bb, so Barbara Bosshard.<\/p>\n<figure id=\"attachment_178097\" aria-describedby=\"caption-attachment-178097\" style=\"width: 1400px\" class=\"wp-caption alignnone\"><a href=\"https:\/\/mannschaft.com\/bimber\/wp-content\/uploads\/2023\/09\/Barbara-Bosshard-bedankt-sich-bei-Bruno-Bekowies-fuer-die-gute-Zusammenarbeit_2-min.jpg\"><img data-expand=\"600\" decoding=\"async\" loading=\"lazy\" class=\"lazyload size-full wp-image-178097\" src=\"data:image\/svg+xml;charset=utf-8,%3Csvg xmlns%3D'http%3A%2F%2Fwww.w3.org%2F2000%2Fsvg' viewBox%3D'0 0 1400 788'%2F%3E\" data-src=\"https:\/\/mannschaft.com\/bimber\/wp-content\/uploads\/2023\/09\/Barbara-Bosshard-bedankt-sich-bei-Bruno-Bekowies-fuer-die-gute-Zusammenarbeit_2-min.jpg\" alt=\"Barbara Bosshard und Bruno Bekowies Regenbogen-Grabfeld Ruhest\u00e4tte der Vielfalt\" width=\"1400\" height=\"788\" data-srcset=\"https:\/\/alte.mannschaft.lgbt\/bimber\/wp-content\/uploads\/2023\/09\/Barbara-Bosshard-bedankt-sich-bei-Bruno-Bekowies-fuer-die-gute-Zusammenarbeit_2-min.jpg 1400w, https:\/\/alte.mannschaft.lgbt\/bimber\/wp-content\/uploads\/2023\/09\/Barbara-Bosshard-bedankt-sich-bei-Bruno-Bekowies-fuer-die-gute-Zusammenarbeit_2-min-300x169.jpg 300w, https:\/\/alte.mannschaft.lgbt\/bimber\/wp-content\/uploads\/2023\/09\/Barbara-Bosshard-bedankt-sich-bei-Bruno-Bekowies-fuer-die-gute-Zusammenarbeit_2-min-425x239.jpg 425w, https:\/\/alte.mannschaft.lgbt\/bimber\/wp-content\/uploads\/2023\/09\/Barbara-Bosshard-bedankt-sich-bei-Bruno-Bekowies-fuer-die-gute-Zusammenarbeit_2-min-768x432.jpg 768w, https:\/\/alte.mannschaft.lgbt\/bimber\/wp-content\/uploads\/2023\/09\/Barbara-Bosshard-bedankt-sich-bei-Bruno-Bekowies-fuer-die-gute-Zusammenarbeit_2-min-192x108.jpg 192w, https:\/\/alte.mannschaft.lgbt\/bimber\/wp-content\/uploads\/2023\/09\/Barbara-Bosshard-bedankt-sich-bei-Bruno-Bekowies-fuer-die-gute-Zusammenarbeit_2-min-384x216.jpg 384w, https:\/\/alte.mannschaft.lgbt\/bimber\/wp-content\/uploads\/2023\/09\/Barbara-Bosshard-bedankt-sich-bei-Bruno-Bekowies-fuer-die-gute-Zusammenarbeit_2-min-364x205.jpg 364w, https:\/\/alte.mannschaft.lgbt\/bimber\/wp-content\/uploads\/2023\/09\/Barbara-Bosshard-bedankt-sich-bei-Bruno-Bekowies-fuer-die-gute-Zusammenarbeit_2-min-728x409.jpg 728w, https:\/\/alte.mannschaft.lgbt\/bimber\/wp-content\/uploads\/2023\/09\/Barbara-Bosshard-bedankt-sich-bei-Bruno-Bekowies-fuer-die-gute-Zusammenarbeit_2-min-561x316.jpg 561w, https:\/\/alte.mannschaft.lgbt\/bimber\/wp-content\/uploads\/2023\/09\/Barbara-Bosshard-bedankt-sich-bei-Bruno-Bekowies-fuer-die-gute-Zusammenarbeit_2-min-1122x632.jpg 1122w, https:\/\/alte.mannschaft.lgbt\/bimber\/wp-content\/uploads\/2023\/09\/Barbara-Bosshard-bedankt-sich-bei-Bruno-Bekowies-fuer-die-gute-Zusammenarbeit_2-min-265x149.jpg 265w, https:\/\/alte.mannschaft.lgbt\/bimber\/wp-content\/uploads\/2023\/09\/Barbara-Bosshard-bedankt-sich-bei-Bruno-Bekowies-fuer-die-gute-Zusammenarbeit_2-min-531x299.jpg 531w, https:\/\/alte.mannschaft.lgbt\/bimber\/wp-content\/uploads\/2023\/09\/Barbara-Bosshard-bedankt-sich-bei-Bruno-Bekowies-fuer-die-gute-Zusammenarbeit_2-min-608x342.jpg 608w, https:\/\/alte.mannschaft.lgbt\/bimber\/wp-content\/uploads\/2023\/09\/Barbara-Bosshard-bedankt-sich-bei-Bruno-Bekowies-fuer-die-gute-Zusammenarbeit_2-min-758x426.jpg 758w, https:\/\/alte.mannschaft.lgbt\/bimber\/wp-content\/uploads\/2023\/09\/Barbara-Bosshard-bedankt-sich-bei-Bruno-Bekowies-fuer-die-gute-Zusammenarbeit_2-min-1152x648.jpg 1152w, https:\/\/alte.mannschaft.lgbt\/bimber\/wp-content\/uploads\/2023\/09\/Barbara-Bosshard-bedankt-sich-bei-Bruno-Bekowies-fuer-die-gute-Zusammenarbeit_2-min-85x48.jpg 85w, https:\/\/alte.mannschaft.lgbt\/bimber\/wp-content\/uploads\/2023\/09\/Barbara-Bosshard-bedankt-sich-bei-Bruno-Bekowies-fuer-die-gute-Zusammenarbeit_2-min-171x96.jpg 171w, https:\/\/alte.mannschaft.lgbt\/bimber\/wp-content\/uploads\/2023\/09\/Barbara-Bosshard-bedankt-sich-bei-Bruno-Bekowies-fuer-die-gute-Zusammenarbeit_2-min-400x225.jpg 400w\" data-sizes=\"(max-width: 1400px) 100vw, 1400px\" \/><\/a><figcaption id=\"caption-attachment-178097\" class=\"wp-caption-text\">Barbara Bosshard bedankt sich bei Bruno Bekowies (Bild: Sandra Meier, Gestaltungskiosk.ch)<\/figcaption><\/figure>\n<p><strong>Spenden ben\u00f6tigt<\/strong><br \/>\nDie Pr\u00e4sidentin von queerAltern machte zudem darauf aufmerksam, dass noch Geld ben\u00f6tigt werde f\u00fcr die <a href=\"https:\/\/www.regenbogen-ruhe.ch\/\" target=\"_blank\" rel=\"noopener\">Website<\/a>. Diese soll queere Biografien beinhalten, Zugang zu queerfreundlichen Dienstleistungen erm\u00f6glichen und \u00fcber das Vorgehen bei einem Todesfall informieren.<\/p>\n<p>Wenn du das Projekt unterst\u00fctzen willst, kannst du <a href=\"https:\/\/www.haz.ch\/spenden\/\" target=\"_blank\" rel=\"noopener\">\u00fcber diesen Link<\/a> der HAZ eine Spende schicken und in den Bemerkungen erw\u00e4hnen, dass sie f\u00fcr die Arbeitsgruppe des Themengrabfeldes bestimmt sei.<\/p>\n","protected":false},"excerpt":{"rendered":"<p>Auch nach dem Tod vereint mit der LGBTIQ-Familie: Im Rahmen einer feierlichen Zeremonie wurde auf dem Friedhof Sihlfeld in Z\u00fcrich das erste Regenbogen-Grabfeld der Schweiz eingeweiht. (MANNSCHAFT+) <a class=\"g1-link g1-link-more\" href=\"https:\/\/alte.mannschaft.lgbt\/bimber\/ruhestaette-der-vielfalt-in-zuerich-eingeweiht\/\">Weiterlesen<\/a><\/p>\n","protected":false},"author":42,"featured_media":178096,"comment_status":"closed","ping_status":"closed","sticky":false,"template":"","format":"standard","meta":[],"categories":[4371,1340],"tags":[5538,39],"wps_subtitle":"Ab sofort k\u00f6nnen die Themengrabfelder \u00abRegenbogen\u00bb bei der Stadt gemietet werden","_links":{"self":[{"href":"https:\/\/alte.mannschaft.lgbt\/bimber\/wp-json\/wp\/v2\/posts\/178095"}],"collection":[{"href":"https:\/\/alte.mannschaft.lgbt\/bimber\/wp-json\/wp\/v2\/posts"}],"about":[{"href":"https:\/\/alte.mannschaft.lgbt\/bimber\/wp-json\/wp\/v2\/types\/post"}],"author":[{"embeddable":true,"href":"https:\/\/alte.mannschaft.lgbt\/bimber\/wp-json\/wp\/v2\/users\/42"}],"replies":[{"embeddable":true,"href":"https:\/\/alte.mannschaft.lgbt\/bimber\/wp-json\/wp\/v2\/comments?post=178095"}],"version-history":[{"count":4,"href":"https:\/\/alte.mannschaft.lgbt\/bimber\/wp-json\/wp\/v2\/posts\/178095\/revisions"}],"predecessor-version":[{"id":178268,"href":"https:\/\/alte.mannschaft.lgbt\/bimber\/wp-json\/wp\/v2\/posts\/178095\/revisions\/178268"}],"wp:featuredmedia":[{"embeddable":true,"href":"https:\/\/alte.mannschaft.lgbt\/bimber\/wp-json\/wp\/v2\/media\/178096"}],"wp:attachment":[{"href":"https:\/\/alte.mannschaft.lgbt\/bimber\/wp-json\/wp\/v2\/media?parent=178095"}],"wp:term":[{"taxonomy":"category","embeddable":true,"href":"https:\/\/alte.mannschaft.lgbt\/bimber\/wp-json\/wp\/v2\/categories?post=178095"},{"taxonomy":"post_tag","embeddable":true,"href":"https:\/\/alte.mannschaft.lgbt\/bimber\/wp-json\/wp\/v2\/tags?post=178095"}],"curies":[{"name":"wp","href":"https:\/\/api.w.org\/{rel}","templated":true}]}}