{"id":177252,"date":"2023-08-28T19:04:11","date_gmt":"2023-08-28T17:04:11","guid":{"rendered":"https:\/\/mannschaft.com\/?p=177252"},"modified":"2023-08-29T18:55:44","modified_gmt":"2023-08-29T16:55:44","slug":"pink-cross-feiert-30-jahre-engagement-fuer-schwule-und-bisexuelle-maenner","status":"publish","type":"post","link":"https:\/\/alte.mannschaft.lgbt\/bimber\/pink-cross-feiert-30-jahre-engagement-fuer-schwule-und-bisexuelle-maenner\/","title":{"rendered":"Pink Cross feiert 30 Jahre Engagement f\u00fcr Schwule und Bi-M\u00e4nner"},"content":{"rendered":"<h3>Unter dem Motto \u00abOur time is now!\u00bb hat Pink Cross am Wochenende sein 30-j\u00e4hriges Jubil\u00e4um im Casinotheater Winterthur gefeiert.<\/h3>\n<p>\u00dcber 200 G\u00e4ste waren anwesend, darunter prominente Unterst\u00fctzer*innen, Vertreter*innen verschiedener Organisationen und Freiwillige, die einen wesentlichen Beitrag zum Erfolg von Pink Cross geleistet haben. Als Ehrengast hielt SP-Bundesr\u00e4tin Elisabeth Baume-Schneider eine bewegende Festrede. Aufgelockert wurde der Samstagabend durch verschiedene queere Showacts und ein Grusswort von Viktor Giacobbo.<\/p>\n<figure id=\"attachment_177254\" aria-describedby=\"caption-attachment-177254\" style=\"width: 960px\" class=\"wp-caption alignnone\"><a href=\"https:\/\/mannschaft.com\/bimber\/wp-content\/uploads\/2023\/08\/30-Jahre-PinkCross_MM_HighRes_David-Rosenthal-04601.jpg\"><img data-expand=\"600\" decoding=\"async\" loading=\"lazy\" class=\"lazyload wp-image-177254 size-full\" src=\"data:image\/svg+xml;charset=utf-8,%3Csvg xmlns%3D'http%3A%2F%2Fwww.w3.org%2F2000%2Fsvg' viewBox%3D'0 0 960 641'%2F%3E\" data-src=\"https:\/\/mannschaft.com\/bimber\/wp-content\/uploads\/2023\/08\/30-Jahre-PinkCross_MM_HighRes_David-Rosenthal-04601.jpg\" alt=\"\" width=\"960\" height=\"641\" data-srcset=\"https:\/\/alte.mannschaft.lgbt\/bimber\/wp-content\/uploads\/2023\/08\/30-Jahre-PinkCross_MM_HighRes_David-Rosenthal-04601.jpg 960w, https:\/\/alte.mannschaft.lgbt\/bimber\/wp-content\/uploads\/2023\/08\/30-Jahre-PinkCross_MM_HighRes_David-Rosenthal-04601-300x200.jpg 300w, https:\/\/alte.mannschaft.lgbt\/bimber\/wp-content\/uploads\/2023\/08\/30-Jahre-PinkCross_MM_HighRes_David-Rosenthal-04601-425x284.jpg 425w, https:\/\/alte.mannschaft.lgbt\/bimber\/wp-content\/uploads\/2023\/08\/30-Jahre-PinkCross_MM_HighRes_David-Rosenthal-04601-768x513.jpg 768w, https:\/\/alte.mannschaft.lgbt\/bimber\/wp-content\/uploads\/2023\/08\/30-Jahre-PinkCross_MM_HighRes_David-Rosenthal-04601-180x120.jpg 180w, https:\/\/alte.mannschaft.lgbt\/bimber\/wp-content\/uploads\/2023\/08\/30-Jahre-PinkCross_MM_HighRes_David-Rosenthal-04601-561x375.jpg 561w, https:\/\/alte.mannschaft.lgbt\/bimber\/wp-content\/uploads\/2023\/08\/30-Jahre-PinkCross_MM_HighRes_David-Rosenthal-04601-265x177.jpg 265w, https:\/\/alte.mannschaft.lgbt\/bimber\/wp-content\/uploads\/2023\/08\/30-Jahre-PinkCross_MM_HighRes_David-Rosenthal-04601-531x355.jpg 531w, https:\/\/alte.mannschaft.lgbt\/bimber\/wp-content\/uploads\/2023\/08\/30-Jahre-PinkCross_MM_HighRes_David-Rosenthal-04601-364x243.jpg 364w, https:\/\/alte.mannschaft.lgbt\/bimber\/wp-content\/uploads\/2023\/08\/30-Jahre-PinkCross_MM_HighRes_David-Rosenthal-04601-728x486.jpg 728w, https:\/\/alte.mannschaft.lgbt\/bimber\/wp-content\/uploads\/2023\/08\/30-Jahre-PinkCross_MM_HighRes_David-Rosenthal-04601-608x406.jpg 608w, https:\/\/alte.mannschaft.lgbt\/bimber\/wp-content\/uploads\/2023\/08\/30-Jahre-PinkCross_MM_HighRes_David-Rosenthal-04601-758x506.jpg 758w, https:\/\/alte.mannschaft.lgbt\/bimber\/wp-content\/uploads\/2023\/08\/30-Jahre-PinkCross_MM_HighRes_David-Rosenthal-04601-72x48.jpg 72w, https:\/\/alte.mannschaft.lgbt\/bimber\/wp-content\/uploads\/2023\/08\/30-Jahre-PinkCross_MM_HighRes_David-Rosenthal-04601-144x96.jpg 144w, https:\/\/alte.mannschaft.lgbt\/bimber\/wp-content\/uploads\/2023\/08\/30-Jahre-PinkCross_MM_HighRes_David-Rosenthal-04601-400x267.jpg 400w\" data-sizes=\"(max-width: 960px) 100vw, 960px\" \/><\/a><figcaption id=\"caption-attachment-177254\" class=\"wp-caption-text\">Foto: David Rosenthal<\/figcaption><\/figure>\n<p>Seit 1993 k\u00e4mpft Pink Cross f\u00fcr Akzeptanz und Gleichstellung von schwulen, bisexuellen und queeren M\u00e4nnern. In dieser Zeit durften zahlreiche Erfolge und vier gewonnene Volksabstimmungen gefeiert werden, auf die am Jubil\u00e4umsabend in Winterthur zur\u00fcckgeschaut wurde \u2013 zuletzt war dies die Abstimmung zur Ehe f\u00fcr alle im Jahr 2021 <a href=\"https:\/\/mannschaft.com\/ehe-fuer-alle-kein-ansturm-auf-schweizer-zivilstandsaemter\/\" target=\"_blank\" rel=\"noopener\">(MANNSCHAFT berichtete).<\/a><\/p>\n<p>F\u00fcr Bundesr\u00e4tin Elisabeth Baume-Schneider ist die Gleichstellung von Frauen und LGBTIQ Personen ein wichtiges Anliegen in ihrem gesamten politischen Engagement. So w\u00fcrdigte sie in ihrer Ansprache die beeindruckenden Errungenschaften von Pink Cross und dankte den G\u00e4sten f\u00fcr ihre unerm\u00fcdlichen Einsatz f\u00fcr die Verwirklichung gleicher Rechte f\u00fcr alle Menschen, unabh\u00e4ngig von ihrer sexuellen Orientierung.<\/p>\n<p>Adrian Knecht, Co-Pr\u00e4sident von Pink Cross, zeigte sich begeistert von der Feier und sagte: \u00abWir sind stolz auf die vergangenen 30 Jahre und die Fortschritte, die wir gemeinsam erreicht haben. Doch wir wissen auch, dass noch viel Arbeit vor uns liegt. Pink Cross wird weiterhin f\u00fcr Gleichstellung und Akzeptanz von queeren M\u00e4nnern und allen LGBTIQ Menschen in der Schweiz k\u00e4mpfen.\u00bb<\/p>\n<blockquote class=\"twitter-tweet\">\n<p dir=\"ltr\" lang=\"de\">Happy Birthday <a href=\"https:\/\/twitter.com\/pinkcross_ch?ref_src=twsrc%5Etfw\">@pinkcross_ch<\/a> \ud83c\udff3\ufe0f\u200d\ud83c\udf08! Seid stolz auf euch\ud83d\udc4f\ud83c\udffb! <a href=\"https:\/\/twitter.com\/elisabeth_baume?ref_src=twsrc%5Etfw\">@elisabeth_baume<\/a> hat recht, wenn sie in ihrer tollen Rede euch im Namen von uns allen f\u00fcr euren Kampf um tats\u00e4chliche Freiheit dankt \ud83c\udff3\ufe0f\u200d\ud83c\udf08\ud83d\ude4f\ud83c\udffb. <a href=\"https:\/\/twitter.com\/viktorgiacobbo?ref_src=twsrc%5Etfw\">@viktorgiacobbo<\/a> \ud83d\udc9c\u2764\ufe0f\ud83d\udc9a\ud83d\udda4\ud83e\udd0e\ud83d\udc99 <a href=\"https:\/\/t.co\/hPTeUW8mxU\">pic.twitter.com\/hPTeUW8mxU<\/a><\/p>\n<p>\u2014 Jacqueline Fehr (@jacquelinefehr) <a href=\"https:\/\/twitter.com\/jacquelinefehr\/status\/1695717852882370985?ref_src=twsrc%5Etfw\">August 27, 2023<\/a><\/p><\/blockquote>\n<p><script async src=\"https:\/\/platform.twitter.com\/widgets.js\" charset=\"utf-8\"><\/script><\/p>\n<p>Um einen Blick in die Zukunft zu wagen, wurden in einem Workshop die Ergebnisse einer grossen Mitgliederbefragung diskutiert, welche im Fr\u00fchling 2023 durchgef\u00fchrt wurde. Aufgrund der Antworten wurden priorit\u00e4re Handlungsfelder und m\u00f6gliche Strategien definiert, welche die Arbeit von Pink Cross die n\u00e4chsten 30 Jahre pr\u00e4gen sollen. Die Ergebnisse der Umfrage und des Workshops werden im Herbst ver\u00f6ffentlicht.<\/p>\n<p><a href=\"https:\/\/mannschaft.com\/mannschaft-sucht-die-queeros-2023\/\" target=\"_blank\" rel=\"noopener\"><strong>Es ist wieder soweit: MANNSCHAFT sucht die Queeros 2023! Die Arbeit von Ehrenamtlichen, Aktivist*innen und Vereinen wollen wir w\u00fcrdigen<\/strong><\/a><\/p>\n","protected":false},"excerpt":{"rendered":"<p>Winterthur &#8211; Unter dem Motto: Our time is now! hat @pinkcross_ch am Wochenende sein 30-j. Jubil\u00e4um gefeiert. 30 Jahre Engagement f\u00fcr schwule und bisexuelle M\u00e4nner. \u00dcber 200 G\u00e4ste kamen. <a class=\"g1-link g1-link-more\" href=\"https:\/\/alte.mannschaft.lgbt\/bimber\/pink-cross-feiert-30-jahre-engagement-fuer-schwule-und-bisexuelle-maenner\/\">Weiterlesen<\/a><\/p>\n","protected":false},"author":1,"featured_media":177253,"comment_status":"closed","ping_status":"closed","sticky":false,"template":"","format":"standard","meta":[],"categories":[1340],"tags":[5479,5538],"wps_subtitle":"","_links":{"self":[{"href":"https:\/\/alte.mannschaft.lgbt\/bimber\/wp-json\/wp\/v2\/posts\/177252"}],"collection":[{"href":"https:\/\/alte.mannschaft.lgbt\/bimber\/wp-json\/wp\/v2\/posts"}],"about":[{"href":"https:\/\/alte.mannschaft.lgbt\/bimber\/wp-json\/wp\/v2\/types\/post"}],"author":[{"embeddable":true,"href":"https:\/\/alte.mannschaft.lgbt\/bimber\/wp-json\/wp\/v2\/users\/1"}],"replies":[{"embeddable":true,"href":"https:\/\/alte.mannschaft.lgbt\/bimber\/wp-json\/wp\/v2\/comments?post=177252"}],"version-history":[{"count":6,"href":"https:\/\/alte.mannschaft.lgbt\/bimber\/wp-json\/wp\/v2\/posts\/177252\/revisions"}],"predecessor-version":[{"id":177260,"href":"https:\/\/alte.mannschaft.lgbt\/bimber\/wp-json\/wp\/v2\/posts\/177252\/revisions\/177260"}],"wp:featuredmedia":[{"embeddable":true,"href":"https:\/\/alte.mannschaft.lgbt\/bimber\/wp-json\/wp\/v2\/media\/177253"}],"wp:attachment":[{"href":"https:\/\/alte.mannschaft.lgbt\/bimber\/wp-json\/wp\/v2\/media?parent=177252"}],"wp:term":[{"taxonomy":"category","embeddable":true,"href":"https:\/\/alte.mannschaft.lgbt\/bimber\/wp-json\/wp\/v2\/categories?post=177252"},{"taxonomy":"post_tag","embeddable":true,"href":"https:\/\/alte.mannschaft.lgbt\/bimber\/wp-json\/wp\/v2\/tags?post=177252"}],"curies":[{"name":"wp","href":"https:\/\/api.w.org\/{rel}","templated":true}]}}