{"id":176526,"date":"2023-08-18T12:47:45","date_gmt":"2023-08-18T10:47:45","guid":{"rendered":"https:\/\/mannschaft.com\/?p=176526"},"modified":"2023-08-18T12:50:09","modified_gmt":"2023-08-18T10:50:09","slug":"minister-verteidigt-vorgehen-in-burg-haben-alles-getan","status":"publish","type":"post","link":"https:\/\/alte.mannschaft.lgbt\/bimber\/minister-verteidigt-vorgehen-in-burg-haben-alles-getan\/","title":{"rendered":"Minister verteidigt Vorgehen in Burg: \u00abHaben alles getan\u00bb"},"content":{"rendered":"<h3>Aus Sicht von Brandenburgs Bildungsminister Steffen Freiberg (SPD) hat das Land alles daf\u00fcr getan, um zwei Lehrkr\u00e4fte aus Burg vor rechten und homophoben Attacken zu sch\u00fctzen.<\/h3>\n<p>\u00abWir haben alles, was dieser Apparat hat und dar\u00fcber hinaus in Bewegung gesetzt, um diese beiden Kollegen zu sch\u00fctzen\u00bb, sagte Freiberg dem <a href=\"https:\/\/www.tagesspiegel.de\/potsdam\/brandenburg\/brandenburgs-bildungsminister-freiberg-zu-burg-vorfallen-das-war-nicht-hetze-das-war-hatz-10314928.html\"><em>Tagesspiegel<\/em><\/a>. \u00abAls ich Kenntnis davon erlangte, dass es in Burg diese Hass-Aufkleber gegen die beiden Lehrer gab, habe ich Innenminister Michael St\u00fcbgen angerufen und er konnte mir sagen, dass der Staatsschutz schon vor Ort sei, es eine Opferansprache gegeben habe.\u00bb<\/p>\n<hr \/>\n<p><a href=\"https:\/\/mannschaft.com\/amadeu-antonio-stiftung-region-um-burg-ist-rechte-mafiaregion\/\">Amadeu Antonio Stiftung: Gegend um Burg ist \u00abrechte Mafiaregion\u00bb<\/a><\/p>\n<hr \/>\n<p>Die Polizei ermittle zudem wegen eines Posts auf der Plattform Instagram, \u00abder abseits des Ertr\u00e4glichen war. Das war nicht mehr Hetze, das war Hatz\u00bb, sagte Freiberg.<\/p>\n<p>Die Lehrkr\u00e4fte Max Teske und Laura Nickel hatten im April in einem Brandbrief \u00f6ffentlich gemacht, dass sie an ihrer Schule in Burg im Spreewald t\u00e4glich mit Rechtsextremismus, Sexismus und Homophobie konfrontiert seien (<a href=\"https:\/\/mannschaft.com\/nach-brandbrief-lehrkraefte-aus-burg-wollen-schule-verlassen\/\">MANNSCHAFT berichtete<\/a>). Die beiden Lehrkr\u00e4fte haben inzwischen die Schule verlassen und das auch mit Anfeindungen aus der rechten Szene begr\u00fcndet.<\/p>\n<p>\u00abEs wirkt sich aus, wenn es in einzelnen Familien mittlerweile eine zweite Generation mit rechtsextremer Haltung gibt\u00bb, sagte Minister Freiberg der Zeitung. \u00abUnd dass es zum Teil regional verfestigte Nazistrukturen gibt, ist ein grosses gesellschaftliches Drama, das ich nie wegdiskutiert habe.\u00bb Das Land wolle deshalb zum Jahresbeginn das Handlungskonzept zum Umgang mit Gewalt an Schulen nachbessern. Lehrkr\u00e4fte sollen mit einer Checkliste f\u00fcr Akutsituationen ausgestattet werden, in denen Verhaltensweisen bei bestimmten Fallbeispielen dargestellt seien.<\/p>\n<p>Unterdessen haben etliche Freiwillige mehrere 100 Hassaufkleber unter anderem von Strassenlaternen, Strassenschildern, Warnbaken und Papierk\u00f6rben in der Stadt entfernt (<a href=\"https:\/\/mannschaft.com\/freiwilligenaktion-in-burg-mit-herz-und-spachtel-gegen-hass\/\">MANNSCHAFT berichtete<\/a>). F\u00fcr die Aktion \u00abMit Herz und Spachtel gegen Hass\u00bb hatte eine B\u00fcrgerinitiative mehrere Vereine kontaktiert.<\/p>\n<p>Laut Stadtverwaltung sei aber davon auszugehen, dass die \u00abLaternen leider nicht lange sauber bleiben werden\u00bb. Man bitte daher die Einwohner*innen, ihre \u00abAugen zu \u00f6ffnen, dauerhaft die Patenschaft f\u00fcr die eigene Strassenfront zu \u00fcbernehmen und vor der eigenen Haust\u00fcr die Aufkleber zu entfernen\u00bb.<\/p>\n","protected":false},"excerpt":{"rendered":"<p>Burg \u2013 Aus Sicht des Bildungsministers von Brandenburg Steffen Freiberg habe das Land alles daf\u00fcr getan, um zwei Lehrkr\u00e4fte vor rechter und homophober Hassgewalt zu sch\u00fctzen <a class=\"g1-link g1-link-more\" href=\"https:\/\/alte.mannschaft.lgbt\/bimber\/minister-verteidigt-vorgehen-in-burg-haben-alles-getan\/\">Weiterlesen<\/a><\/p>\n","protected":false},"author":1950,"featured_media":174133,"comment_status":"closed","ping_status":"closed","sticky":false,"template":"","format":"standard","meta":[],"categories":[3,10],"tags":[5544,5461],"wps_subtitle":"Lehrkr\u00e4fte waren attackiert worden, nachdem sie auf homophobe und rasssistische Zust\u00e4nde aufmerksam gemacht hatten ","_links":{"self":[{"href":"https:\/\/alte.mannschaft.lgbt\/bimber\/wp-json\/wp\/v2\/posts\/176526"}],"collection":[{"href":"https:\/\/alte.mannschaft.lgbt\/bimber\/wp-json\/wp\/v2\/posts"}],"about":[{"href":"https:\/\/alte.mannschaft.lgbt\/bimber\/wp-json\/wp\/v2\/types\/post"}],"author":[{"embeddable":true,"href":"https:\/\/alte.mannschaft.lgbt\/bimber\/wp-json\/wp\/v2\/users\/1950"}],"replies":[{"embeddable":true,"href":"https:\/\/alte.mannschaft.lgbt\/bimber\/wp-json\/wp\/v2\/comments?post=176526"}],"version-history":[{"count":4,"href":"https:\/\/alte.mannschaft.lgbt\/bimber\/wp-json\/wp\/v2\/posts\/176526\/revisions"}],"predecessor-version":[{"id":176533,"href":"https:\/\/alte.mannschaft.lgbt\/bimber\/wp-json\/wp\/v2\/posts\/176526\/revisions\/176533"}],"wp:featuredmedia":[{"embeddable":true,"href":"https:\/\/alte.mannschaft.lgbt\/bimber\/wp-json\/wp\/v2\/media\/174133"}],"wp:attachment":[{"href":"https:\/\/alte.mannschaft.lgbt\/bimber\/wp-json\/wp\/v2\/media?parent=176526"}],"wp:term":[{"taxonomy":"category","embeddable":true,"href":"https:\/\/alte.mannschaft.lgbt\/bimber\/wp-json\/wp\/v2\/categories?post=176526"},{"taxonomy":"post_tag","embeddable":true,"href":"https:\/\/alte.mannschaft.lgbt\/bimber\/wp-json\/wp\/v2\/tags?post=176526"}],"curies":[{"name":"wp","href":"https:\/\/api.w.org\/{rel}","templated":true}]}}