{"id":176521,"date":"2023-08-18T12:30:32","date_gmt":"2023-08-18T10:30:32","guid":{"rendered":"https:\/\/mannschaft.com\/?p=176521"},"modified":"2023-08-21T11:48:44","modified_gmt":"2023-08-21T09:48:44","slug":"kommission-fordert-verbot-von-konversionstherapie","status":"publish","type":"post","link":"https:\/\/alte.mannschaft.lgbt\/bimber\/kommission-fordert-verbot-von-konversionstherapie\/","title":{"rendered":"Kommission fordert Verbot von \u00abKonversions&shy;massnahmen\u00bb"},"content":{"rendered":"<h3>Die Schweizer Kommission f\u00fcr Rechtsfragen des St\u00e4nderates (RK-S) spricht sich klar gegen Konversionsmassnahmen aus und will die M\u00f6glichkeiten pr\u00fcfen, wie ein Verbot auf Bundesebene umgesetzt werden k\u00f6nnte.<\/h3>\n<p>\u00abWie der Bundesrat lehnt auch die Kommission Konversionsmassnahmen, die zum Ziel haben, die sexuelle Orientierung von Menschen zu ver\u00e4ndern, klar ab\u00bb, hiess es in der <a href=\"https:\/\/www.parlament.ch\/press-releases\/Pages\/mm-rk-s-2023-08-16.aspx?fbclid=IwAR2QYhdDbL9L6x0CNdNXm_jgvp-myMyNdM7oJVCKlEpimVw2d43KqppwEVA\">Mitteilung vom 16. August<\/a>. Die Meinung werde von mehreren Kantonen geteilt, \u00abin welchen Initiativen und Vorst\u00f6sse f\u00fcr ein Verbot solcher Konversionsmassnahmen eingereicht und teilweise angenommen wurden\u00bb.<\/p>\n<hr \/>\n<p><a href=\"https:\/\/mannschaft.com\/homo-heilungen-gehoeren-endlich-verboten\/\">\u00abHomo-Heilungen geh\u00f6ren endlich verboten!\u00bb<\/a><\/p>\n<hr \/>\n<p>Ziel sei es nun, sich einen \u00dcberblick zu verschaffen, ob und wie ein solches Gesetz auf Bundesebene umgesetzt werden k\u00f6nne. Ein Entschluss wurde allerdings zun\u00e4chst verschoben, um entsprechende Berichte samt L\u00f6sungsvorschl\u00e4gen abzuwarten.<\/p>\n<p>Konversionsmassnahmen entledigen sich jedweder wissenschaftlicher Basis und werden von Verb\u00e4nden und Medizinern abgelehnt (<a href=\"https:\/\/mannschaft.com\/schweizer-studie-empfiehlt-verbot-von-konversionsmassnahmen\/\">MANNSCHAFT berichtete<\/a>). Sch\u00e4tzungen zufolge haben 2 % der LGBTIQ-Personen in der EU solche Praktiken jedoch erlebt. Die tats\u00e4chlichen Zahlen k\u00f6nnten allerdings aufgrund der Dunkelziffern noch viel h\u00f6her liegen.<\/p>\n<p>Im vergangenen Jahr hatte sich der schweizer Nationalrat deutlich gegen die Massnahme ausgesprochen (<a href=\"https:\/\/mannschaft.com\/nationalrat-stimmt-fuer-nationales-verbot-von-konversionstherapien\/\">MANNSCHAFT berichtete<\/a>). Der Bundesrat und die damalige Justizministerin Karin Keller-Sutter hatten den Antrag derweil abgelehnt, da er sich ihrer Meinung nach nicht umsetzen lasse. Dem stellen sich nun die Rechtskommissionen des Nationalrats und des St\u00e4nderats entgegen.<\/p>\n<p>Aktuell besteht f\u00fcr die Berufsverb\u00e4nde von \u00c4rzt*nnen und Therapeut*innen bereits ein derartiges Verbot, problematisch sind jedoch nicht anerkannte Therapeut*innen, sogenmannte Heiler*innen, oder Seelsorger*innen, die diese Praktiken anbieten und nicht von der Direktive betroffen sind.<\/p>\n<p><strong>Victor Madrigal-Borloz verglich k\u00fcrzlich erzwungene Konversionstherapien mit Foltermethoden. Der UNO-Experte f\u00fcr Gewalt und Diskriminierung aufgrund der sexuellen Orientierung und Geschlechtsidentit\u00e4t fordert ein weltweites Verbot <a href=\"https:\/\/mannschaft.com\/2020\/07\/10\/uno-experte-fordert-globales-verbot-der-konversionstherapie\/\" target=\"_blank\" rel=\"noopener noreferrer\">(MANNSCHAFT berichtete)<\/a>.<\/strong><\/p>\n","protected":false},"excerpt":{"rendered":"<p>Schweiz \u2013 Die Kommission f\u00fcr Rechtsfragen des St\u00e4nderates (RK-S) hat sich in Bern gegen Konversionsmassnahmen ausgesprochen und will die M\u00f6glichkeiten pr\u00fcfen, wie ein Verbot auf Bundesebene umgesetzt werden kann <a class=\"g1-link g1-link-more\" href=\"https:\/\/alte.mannschaft.lgbt\/bimber\/kommission-fordert-verbot-von-konversionstherapie\/\">Weiterlesen<\/a><\/p>\n","protected":false},"author":1,"featured_media":113051,"comment_status":"closed","ping_status":"closed","sticky":false,"template":"","format":"standard","meta":[],"categories":[25,1340],"tags":[5544,5461],"wps_subtitle":"Ziel ist eine bundesweite Bestimmung","_links":{"self":[{"href":"https:\/\/alte.mannschaft.lgbt\/bimber\/wp-json\/wp\/v2\/posts\/176521"}],"collection":[{"href":"https:\/\/alte.mannschaft.lgbt\/bimber\/wp-json\/wp\/v2\/posts"}],"about":[{"href":"https:\/\/alte.mannschaft.lgbt\/bimber\/wp-json\/wp\/v2\/types\/post"}],"author":[{"embeddable":true,"href":"https:\/\/alte.mannschaft.lgbt\/bimber\/wp-json\/wp\/v2\/users\/1"}],"replies":[{"embeddable":true,"href":"https:\/\/alte.mannschaft.lgbt\/bimber\/wp-json\/wp\/v2\/comments?post=176521"}],"version-history":[{"count":7,"href":"https:\/\/alte.mannschaft.lgbt\/bimber\/wp-json\/wp\/v2\/posts\/176521\/revisions"}],"predecessor-version":[{"id":176595,"href":"https:\/\/alte.mannschaft.lgbt\/bimber\/wp-json\/wp\/v2\/posts\/176521\/revisions\/176595"}],"wp:featuredmedia":[{"embeddable":true,"href":"https:\/\/alte.mannschaft.lgbt\/bimber\/wp-json\/wp\/v2\/media\/113051"}],"wp:attachment":[{"href":"https:\/\/alte.mannschaft.lgbt\/bimber\/wp-json\/wp\/v2\/media?parent=176521"}],"wp:term":[{"taxonomy":"category","embeddable":true,"href":"https:\/\/alte.mannschaft.lgbt\/bimber\/wp-json\/wp\/v2\/categories?post=176521"},{"taxonomy":"post_tag","embeddable":true,"href":"https:\/\/alte.mannschaft.lgbt\/bimber\/wp-json\/wp\/v2\/tags?post=176521"}],"curies":[{"name":"wp","href":"https:\/\/api.w.org\/{rel}","templated":true}]}}