{"id":176380,"date":"2023-08-16T19:02:16","date_gmt":"2023-08-16T17:02:16","guid":{"rendered":"https:\/\/mannschaft.com\/?p=176380"},"modified":"2023-08-18T16:13:25","modified_gmt":"2023-08-18T14:13:25","slug":"wegen-we-are-family-svp-bekommt-aerger-mit-nile-rodgers","status":"publish","type":"post","link":"https:\/\/alte.mannschaft.lgbt\/bimber\/wegen-we-are-family-svp-bekommt-aerger-mit-nile-rodgers\/","title":{"rendered":"Wegen \u00abWe Are Family\u00bb \u2013 SVP bekommt \u00c4rger mit Nile Rodgers"},"content":{"rendered":"<h3>Am 22. Oktober finden in der Schweiz Parlamentswahlen statt. Die nationalkonservative rechtspopulistische SVP buhlt um Stimmen und bekommt nun \u00c4rger mit US-Musiklegende Nile Rodgers.<\/h3>\n<p>Die Schweizer Volkspartei (SVP) hat f\u00fcr den Wahlkampf ein peppiges Video ver\u00f6ffentlicht und bekommt deswegen \u00c4rger mit Nile Rodgers. Der komponierte einst Superhits f\u00fcr seine Band Chic wie \u00abLe Freak\u00bb, aber auch f\u00fcr das Soul- und Funk-Gesangsprojekt Sister Sledge. Am bekanntesten ist deren Song \u00abWe Are Family\u00bb: ein Klassiker und eine queere Hymne, um die sich nun der Streit mit der SVP dreht.<\/p>\n<hr \/>\n<p><a href=\"https:\/\/mannschaft.com\/svp-freysinger-lgbt-toeten-die-gesellschaft\/\">Der abgew\u00e4hlte Walliser SVP-Staatsrat Oskar Freysinger erkl\u00e4rte einst: \u00abLGBTIQ t\u00f6ten die Gesellschaft\u00bb<\/a><\/p>\n<hr \/>\n<p>F\u00fcr den Wahlkampf hat man diesen Song umgedichtet auf \u00abDas isch d\u2019SVP\u00bb \u2013 offenbar, um jung und recht hip zu wirken. Dieselbe SVP, in der man sonst gegen das Gendern wettert, gegen trans Politikerinnen hetzt <a href=\"https:\/\/mannschaft.com\/svp-nationalrat-andreas-glarner-hetzt-gegen-trans-politikerin-tessa-ganserer\/\" target=\"_blank\" rel=\"noopener\">(MANNSCHAFT berichtete)<\/a>\u00a0oder ein queeres Schulprojekt stoppen will <a href=\"https:\/\/mannschaft.com\/svp-grossraetin-will-queeres-schulprojekt-abq-verbieten\/\" target=\"_blank\" rel=\"noopener\">(MANNSCHAFT berichtete)<\/a>.<\/p>\n<p>Auf die Song-Nutzung aufmerksam gemacht wurde der US-Musiker Rodgers offenbar durch den Schweizer Comedian, Autor und Filmproduzent Patrick \u00abKarpi\u00bb Karpiczenko.<\/p>\n<blockquote class=\"twitter-tweet\">\n<p dir=\"ltr\" lang=\"en\">Hey <a href=\"https:\/\/twitter.com\/nilerodgers?ref_src=twsrc%5Etfw\">@nilerodgers<\/a> the far-right party SVP from Switzerland just released a cover of your song &#8222;We are family&#8220;. I assume they did get permission to use the song. Just wanted to let you know. <a href=\"https:\/\/twitter.com\/WeAreFamilyFdtn?ref_src=twsrc%5Etfw\">@WeAreFamilyFdtn<\/a> <a href=\"https:\/\/twitter.com\/SonyMusicPubLAT?ref_src=twsrc%5Etfw\">@SonyMusicPubLAT<\/a> <a href=\"https:\/\/twitter.com\/sonymusic?ref_src=twsrc%5Etfw\">@sonymusic<\/a> <a href=\"https:\/\/twitter.com\/bmi?ref_src=twsrc%5Etfw\">@bmi<\/a> <a href=\"https:\/\/t.co\/klrxWkj9Yb\">pic.twitter.com\/klrxWkj9Yb<\/a><\/p>\n<p>\u2014 Karpi (@karpi) <a href=\"https:\/\/twitter.com\/karpi\/status\/1690988776410038272?ref_src=twsrc%5Etfw\">August 14, 2023<\/a><\/p><\/blockquote>\n<p><script async src=\"https:\/\/platform.twitter.com\/widgets.js\" charset=\"utf-8\"><\/script><\/p>\n<p>Nile Rodgers reagierte nun auf X (vormals Twitter) \u00abIch habe \u2039We Are Family\u2018 geschrieben, um das ultimative Lied \u00fcber Inklusion und Vielfalt auf allen Ebenen zu sein, unabh\u00e4ngig von Rasse, ethnischer Zugeh\u00f6rigkeit, Alter, Geschlecht, Religion oder sexueller Orientierung. Ich verurteile seine Verwendung durch die SVP (Schweizerische Volkspartei) oder alle anderen, die sich nicht an die Werte des Liedes halten, und an alle anst\u00e4ndigen Menschen. Der Zweck des Liedes ist es, allen ohne Ausgrenzung Freude zu bereiten!\u00bb, so Rodgers.<\/p>\n<blockquote class=\"twitter-tweet\">\n<p dir=\"ltr\" lang=\"en\">Following reports that the right wing SVP party in Switzerland has used a <a href=\"https:\/\/twitter.com\/hashtag\/WeAreFamily?src=hash&amp;ref_src=twsrc%5Etfw\">#WeAreFamily<\/a> sound-alike song in a political video without permission, <a href=\"https:\/\/twitter.com\/hashtag\/NileRodgers?src=hash&amp;ref_src=twsrc%5Etfw\">#NileRodgers<\/a> made the following statement:<\/p>\n<p>\u201cI wrote \u2018We Are Family\u2019 to be the ultimate song about inclusion and diversity at all\u2026 <a href=\"https:\/\/t.co\/Twz3sCllf8\">pic.twitter.com\/Twz3sCllf8<\/a><\/p>\n<p>\u2014 Nile Rodgers (@nilerodgers) <a href=\"https:\/\/twitter.com\/nilerodgers\/status\/1691557800319607001?ref_src=twsrc%5Etfw\">August 15, 2023<\/a><\/p><\/blockquote>\n<p><script async src=\"https:\/\/platform.twitter.com\/widgets.js\" charset=\"utf-8\"><\/script><\/p>\n<p>Der Song ist bereits auf Youtube gesperrt, weil Sony Music erkl\u00e4rte, dass es sich hier um eine Urheberrechtsverletzung handle. Aber auf Seiten der SVP ist von Einsicht keine Spur.<\/p>\n<p>\u00abEs wird behauptet, er habe \u00c4hnlichkeit mit \u2039We are Family\u203a\u00bb, erkl\u00e4rte SVP-Nationalrat Thomas Matter via Facebook. Nun arbeite man \u00abmit Hochdruck daran\u00bb, dass Song und Video auf Youtube wieder verf\u00fcgbar w\u00fcrden.<\/p>\n<p><strong>Auch mit Daft Punk und mit Adam Lambert hat Nile Rodgers vor ein paar Jahren zusammen gearbeitet <a href=\"https:\/\/mannschaft.com\/adam-lambert-velvet-lambert-machts-jetzt-mit-nile-rodgers\/\" target=\"_blank\" rel=\"noopener\">(MANNSCHAFT berichtete)<\/a><\/strong><\/p>\n","protected":false},"excerpt":{"rendered":"<p>Am 22. Oktober finden in d. Schweiz Parlamentswahlen statt. Die nationalkonservative rechtspopulistische SVP buhlt um Stimmen und bekommt \u00c4rger mit einer US-Musiklegende: @nilerodgers  <a class=\"g1-link g1-link-more\" href=\"https:\/\/alte.mannschaft.lgbt\/bimber\/wegen-we-are-family-svp-bekommt-aerger-mit-nile-rodgers\/\">Weiterlesen<\/a><\/p>\n","protected":false},"author":1,"featured_media":176428,"comment_status":"closed","ping_status":"closed","sticky":false,"template":"","format":"standard","meta":[],"categories":[1340],"tags":[5546,5544,5515],"wps_subtitle":"Die Partei nutzt die queere Hymne im Wahlkampf","_links":{"self":[{"href":"https:\/\/alte.mannschaft.lgbt\/bimber\/wp-json\/wp\/v2\/posts\/176380"}],"collection":[{"href":"https:\/\/alte.mannschaft.lgbt\/bimber\/wp-json\/wp\/v2\/posts"}],"about":[{"href":"https:\/\/alte.mannschaft.lgbt\/bimber\/wp-json\/wp\/v2\/types\/post"}],"author":[{"embeddable":true,"href":"https:\/\/alte.mannschaft.lgbt\/bimber\/wp-json\/wp\/v2\/users\/1"}],"replies":[{"embeddable":true,"href":"https:\/\/alte.mannschaft.lgbt\/bimber\/wp-json\/wp\/v2\/comments?post=176380"}],"version-history":[{"count":13,"href":"https:\/\/alte.mannschaft.lgbt\/bimber\/wp-json\/wp\/v2\/posts\/176380\/revisions"}],"predecessor-version":[{"id":176405,"href":"https:\/\/alte.mannschaft.lgbt\/bimber\/wp-json\/wp\/v2\/posts\/176380\/revisions\/176405"}],"wp:featuredmedia":[{"embeddable":true,"href":"https:\/\/alte.mannschaft.lgbt\/bimber\/wp-json\/wp\/v2\/media\/176428"}],"wp:attachment":[{"href":"https:\/\/alte.mannschaft.lgbt\/bimber\/wp-json\/wp\/v2\/media?parent=176380"}],"wp:term":[{"taxonomy":"category","embeddable":true,"href":"https:\/\/alte.mannschaft.lgbt\/bimber\/wp-json\/wp\/v2\/categories?post=176380"},{"taxonomy":"post_tag","embeddable":true,"href":"https:\/\/alte.mannschaft.lgbt\/bimber\/wp-json\/wp\/v2\/tags?post=176380"}],"curies":[{"name":"wp","href":"https:\/\/api.w.org\/{rel}","templated":true}]}}