{"id":174645,"date":"2023-07-21T08:26:59","date_gmt":"2023-07-21T06:26:59","guid":{"rendered":"https:\/\/mannschaft.com\/?p=174645"},"modified":"2023-07-22T10:14:21","modified_gmt":"2023-07-22T08:14:21","slug":"freak-fantasie-und-schwuler-schick-jean-paul-gaultier-kehrt-zurueck","status":"publish","type":"post","link":"https:\/\/alte.mannschaft.lgbt\/bimber\/freak-fantasie-und-schwuler-schick-jean-paul-gaultier-kehrt-zurueck\/","title":{"rendered":"Freak, Fantasie und schwuler Schick: Jean Paul Gaultier kehrt zur\u00fcck"},"content":{"rendered":"<h3>Mit 71 Jahren noch ein \u00abenfant terrible\u00bb sein? Selbstverst\u00e4ndlich! Modedesigner <a href=\"https:\/\/mannschaft.com\/jean-paul-gaultier-wir-sind-alle-freaks\/\" target=\"_blank\" rel=\"noopener\">Jean Paul Gaultier<\/a> bricht mit seiner \u00abFashion Freak Show\u00bb wieder einmal gesellschaftliche Regeln und Tabus.<\/h3>\n<p><em>Von Sabina Crisan, dpa<\/em><\/p>\n<p>Burlesk, opulent, extravagant, schockierend: Modedesigner Jean Paul Gaultier verzauberte die Welt \u00fcber f\u00fcnf Jahrzehnte lang mit seinen Kreationen. Nun kehrt der Franzose drei Jahre nach seinem R\u00fcckzug vom Laufsteg nach M\u00fcnchen zur\u00fcck, um die \u00abFashion Freak Show\u00bb zu pr\u00e4sentieren. Erstmalig auf einer deutschen B\u00fchne erz\u00e4hlt die Mischung aus Revue und Modenschau seine Lebensgeschichte mit viel Musik.<\/p>\n<p>Ausgelassen wirkt der 71-J\u00e4hrige vor der Kost\u00fcmprobe in der M\u00fcnchner Isar-Philharmonie, wo am Donnerstag die Premiere unter stehendem Beifall stattfand. In schwarzer Jeans und T-Shirt erinnert er sich an die Zeit, als er entgegen der gesellschaftlichen Normen gekleidet war &#8211; sei es mit Schottenr\u00f6cken oder Kavalierstiefeln. \u00abWo ist dein Pferd?\u00bb, h\u00e4tten sie ihn damals ironisch gefragt, erz\u00e4hlt er in einem Interview der Deutschen Presse-Agentur.<\/p>\n<p><strong>Aufhebung von Geschlechterrollen auf dem Laufsteg<\/strong><br \/>\n\u00abIch dachte, anstatt in der Kolonne zu bleiben, gehe ich meinen eigenen Weg\u00bb, sagt der Designer. Die Idee der sch\u00f6pferischen Freiheit lernte er unter der F\u00fchrung des Modedesigners Pierre Cardin kennen. Er sei seine Schule gewesen, sagt Gaultier. \u00abF\u00fcr mich ist es das Beste, frei zu sein\u00bb, betont er sein Credo.<\/p>\n<figure id=\"attachment_174647\" aria-describedby=\"caption-attachment-174647\" style=\"width: 1000px\" class=\"wp-caption alignnone\"><a href=\"https:\/\/mannschaft.com\/bimber\/wp-content\/uploads\/2023\/07\/Deutschland_Premiere_78757707.jpg\"><img data-expand=\"600\" decoding=\"async\" loading=\"lazy\" class=\"lazyload wp-image-174647 size-full\" src=\"data:image\/svg+xml;charset=utf-8,%3Csvg xmlns%3D'http%3A%2F%2Fwww.w3.org%2F2000%2Fsvg' viewBox%3D'0 0 1000 666'%2F%3E\" data-src=\"https:\/\/mannschaft.com\/bimber\/wp-content\/uploads\/2023\/07\/Deutschland_Premiere_78757707.jpg\" alt=\"Jean Paul Gaultier\" width=\"1000\" height=\"666\" data-srcset=\"https:\/\/alte.mannschaft.lgbt\/bimber\/wp-content\/uploads\/2023\/07\/Deutschland_Premiere_78757707.jpg 1000w, https:\/\/alte.mannschaft.lgbt\/bimber\/wp-content\/uploads\/2023\/07\/Deutschland_Premiere_78757707-300x200.jpg 300w, https:\/\/alte.mannschaft.lgbt\/bimber\/wp-content\/uploads\/2023\/07\/Deutschland_Premiere_78757707-425x283.jpg 425w, https:\/\/alte.mannschaft.lgbt\/bimber\/wp-content\/uploads\/2023\/07\/Deutschland_Premiere_78757707-768x511.jpg 768w, https:\/\/alte.mannschaft.lgbt\/bimber\/wp-content\/uploads\/2023\/07\/Deutschland_Premiere_78757707-180x120.jpg 180w, https:\/\/alte.mannschaft.lgbt\/bimber\/wp-content\/uploads\/2023\/07\/Deutschland_Premiere_78757707-561x374.jpg 561w, https:\/\/alte.mannschaft.lgbt\/bimber\/wp-content\/uploads\/2023\/07\/Deutschland_Premiere_78757707-265x176.jpg 265w, https:\/\/alte.mannschaft.lgbt\/bimber\/wp-content\/uploads\/2023\/07\/Deutschland_Premiere_78757707-531x354.jpg 531w, https:\/\/alte.mannschaft.lgbt\/bimber\/wp-content\/uploads\/2023\/07\/Deutschland_Premiere_78757707-364x242.jpg 364w, https:\/\/alte.mannschaft.lgbt\/bimber\/wp-content\/uploads\/2023\/07\/Deutschland_Premiere_78757707-728x485.jpg 728w, https:\/\/alte.mannschaft.lgbt\/bimber\/wp-content\/uploads\/2023\/07\/Deutschland_Premiere_78757707-608x405.jpg 608w, https:\/\/alte.mannschaft.lgbt\/bimber\/wp-content\/uploads\/2023\/07\/Deutschland_Premiere_78757707-758x505.jpg 758w, https:\/\/alte.mannschaft.lgbt\/bimber\/wp-content\/uploads\/2023\/07\/Deutschland_Premiere_78757707-72x48.jpg 72w, https:\/\/alte.mannschaft.lgbt\/bimber\/wp-content\/uploads\/2023\/07\/Deutschland_Premiere_78757707-144x96.jpg 144w, https:\/\/alte.mannschaft.lgbt\/bimber\/wp-content\/uploads\/2023\/07\/Deutschland_Premiere_78757707-400x266.jpg 400w\" data-sizes=\"(max-width: 1000px) 100vw, 1000px\" \/><\/a><figcaption id=\"caption-attachment-174647\" class=\"wp-caption-text\">Angela Ermakova (l.) und Tochter Anna Ermakova mit Gaultier bei der Deutschland-Premiere der \u00abFashion Freak Show\u00bb (Foto: Matthias Balk\/dpa)<\/figcaption><\/figure>\n<p>Inzwischen ist der Designer zu einem Kultbegriff geworden. Mit Punk-Einfl\u00fcssen, ikonischen Kegel-BHs oder der Aufhebung von Geschlechterrollen auf dem Laufsteg, wo M\u00e4nner auch mal Hochzeitskleider trugen, hat er die Szene f\u00fcr immer revolutioniert (<a href=\"https:\/\/mannschaft.com\/mehr-als-tutus-fuer-maenner-jean-paul-gaultier-wird-70\/\" target=\"_blank\" rel=\"noopener\">MANNSCHAFT berichtete<\/a>). Gegen Zw\u00e4nge wolle man rebellieren, erkl\u00e4rt er. \u00abWenn man die Barriere durchbricht, bedeutet das, dass sich etwas in der Gesellschaft ver\u00e4ndert. Das heisst also, dass etwas ver\u00e4ndert werden muss. Das ist also gut, sehr gut.\u00bb<\/p>\n<p><strong>Alles nur Zirkus?<\/strong><br \/>\nOb das alles Zirkus gewesen sei? Der Vergleich st\u00f6rt den Designer nicht: \u00abIch w\u00fcrde sagen, das ist wie ein Kompliment. Ich liebe den Zirkus, ich finde der verleiht Emotionen\u00bb, sagt er leidenschaftlich. \u00abIch glaube, der einzige Fauxpas in der Mode ist, so zu tun, als w\u00e4re man etwas, das man nicht ist. Das ist ein Fauxpas f\u00fcr alles im Leben\u00bb, erkl\u00e4rt Gaultier.<\/p>\n<p>Seine Augen funkeln, wenn er \u00fcber Mode spricht. Und mit grazi\u00f6sen Handgesten beschreibt er die Form einer eigens geschaffenen Welt. \u00abAls ich meine Kollektion pr\u00e4sentierte, als ich noch Mode machte, wollte ich immer ein Gef\u00fchl vermitteln. Ich hoffte, dass sowohl die Kleidung als auch die Atmosph\u00e4re Emotionen vermitteln w\u00fcrden\u00bb, erkl\u00e4rt der Franzose begeistert.<\/p>\n<p><iframe loading=\"lazy\" title=\"YouTube video player\" src=\"https:\/\/www.youtube.com\/embed\/gw_W0d5QxiM\" width=\"560\" height=\"315\" frameborder=\"0\" allowfullscreen=\"allowfullscreen\"><\/iframe><\/p>\n<p>Dies sei heutzutage von Modekonzernen anders kontrolliert. Gaultier w\u00fcnscht sich deshalb die R\u00fcckkehr zu einer Welt, in der der Nachwuchs loslegen kann, ohne in einem grossen Unternehmen arbeiten zu m\u00fcssen oder viel Geld zu haben. Seit einiger Zeit ist die Fashion-Sph\u00e4re zu einer Industrie geworden. Gaultier sieht das kritisch.<\/p>\n<p>Deshalb w\u00fcrde er vorerst keine R\u00fcckkehr in die Modebranche anstreben. \u00abNun, keine Mode. Man muss in der Zeit sein, in der alle sozialen Medien existieren, man muss da voll dabei sein &#8211; und das bin ich nicht\u00bb, erkl\u00e4rt der 71-J\u00e4hrige. \u00abIch kann kein Modestatement abgeben, das zum jetzigen Zeitpunkt passt\u00bb, sagt er lachend.<\/p>\n<p><strong>Zur Pride-Saison 2022 entwarf Gaultier eine limitierte Pride-Parf\u00fcm-Edition (<a href=\"https:\/\/mannschaft.com\/jean-paul-gaultier-ist-zurueck-gewinne-die-limitierte-pride-edition\/\" target=\"_blank\" rel=\"noopener\">MANNSCHAFT berichtete<\/a>).<\/strong><\/p>\n","protected":false},"excerpt":{"rendered":"<p>M\u00fcnchen &#8211; Freak, Fantasie und schwuler Schick: Jean Paul Gaultier kehrt zur\u00fcck und zeigt an der Isar seine \u00abFashion Freak Show\u00bb.  <a class=\"g1-link g1-link-more\" href=\"https:\/\/alte.mannschaft.lgbt\/bimber\/freak-fantasie-und-schwuler-schick-jean-paul-gaultier-kehrt-zurueck\/\">Weiterlesen<\/a><\/p>\n","protected":false},"author":1950,"featured_media":174646,"comment_status":"closed","ping_status":"closed","sticky":false,"template":"","format":"standard","meta":[],"categories":[4381,262],"tags":[998],"wps_subtitle":"In M\u00fcnchen zeigt der Designer seine \u00abFashion Freak Show\u00bb","_links":{"self":[{"href":"https:\/\/alte.mannschaft.lgbt\/bimber\/wp-json\/wp\/v2\/posts\/174645"}],"collection":[{"href":"https:\/\/alte.mannschaft.lgbt\/bimber\/wp-json\/wp\/v2\/posts"}],"about":[{"href":"https:\/\/alte.mannschaft.lgbt\/bimber\/wp-json\/wp\/v2\/types\/post"}],"author":[{"embeddable":true,"href":"https:\/\/alte.mannschaft.lgbt\/bimber\/wp-json\/wp\/v2\/users\/1950"}],"replies":[{"embeddable":true,"href":"https:\/\/alte.mannschaft.lgbt\/bimber\/wp-json\/wp\/v2\/comments?post=174645"}],"version-history":[{"count":6,"href":"https:\/\/alte.mannschaft.lgbt\/bimber\/wp-json\/wp\/v2\/posts\/174645\/revisions"}],"predecessor-version":[{"id":174653,"href":"https:\/\/alte.mannschaft.lgbt\/bimber\/wp-json\/wp\/v2\/posts\/174645\/revisions\/174653"}],"wp:featuredmedia":[{"embeddable":true,"href":"https:\/\/alte.mannschaft.lgbt\/bimber\/wp-json\/wp\/v2\/media\/174646"}],"wp:attachment":[{"href":"https:\/\/alte.mannschaft.lgbt\/bimber\/wp-json\/wp\/v2\/media?parent=174645"}],"wp:term":[{"taxonomy":"category","embeddable":true,"href":"https:\/\/alte.mannschaft.lgbt\/bimber\/wp-json\/wp\/v2\/categories?post=174645"},{"taxonomy":"post_tag","embeddable":true,"href":"https:\/\/alte.mannschaft.lgbt\/bimber\/wp-json\/wp\/v2\/tags?post=174645"}],"curies":[{"name":"wp","href":"https:\/\/api.w.org\/{rel}","templated":true}]}}