{"id":173503,"date":"2023-07-04T08:15:17","date_gmt":"2023-07-04T06:15:17","guid":{"rendered":"https:\/\/mannschaft.com\/?p=173503"},"modified":"2023-07-05T18:44:19","modified_gmt":"2023-07-05T16:44:19","slug":"pascal-pajic-schwuler-jugo-und-buendner-persoenlichkeit-des-jahres","status":"publish","type":"post","link":"https:\/\/alte.mannschaft.lgbt\/bimber\/pascal-pajic-schwuler-jugo-und-buendner-persoenlichkeit-des-jahres\/","title":{"rendered":"Pascal Pajic: \u00abSchwuler Jugo\u00bb und B\u00fcndner Pers\u00f6nlichkeit des Jahres"},"content":{"rendered":"<h3>Nach einem dramatischen Coming-out mit 19 begann Pascal Pajic, sich f\u00fcr die LGBTIQ-Community zu engagieren. Jetzt wurde Pascal zur B\u00fcndner Pers\u00f6nlichkeit des Jahres gew\u00e4hlt, was nicht allen passt.<\/h3>\n<p>\u00abVor zehn Jahren w\u00e4re es noch unm\u00f6glich gewesen, dass eine Person wie ich \u2013 ein schwuler, non-bin\u00e4rer, linker Unterschichtsjugo \u2013 einen Preis wie die Auszeichnung zur B\u00fcndner Pers\u00f6nlichkeit des Jahres gewinnt\u00bb, sagt Pascal Pajic im Interview mit MANNSCHAFT. \u00abEs zeigt mir, dass unsere jahrelange Arbeit f\u00fcr mehr Gleichstellung und Gerechtigkeit Fr\u00fcchte tr\u00e4gt.\u00bb Der Preis aus dem Heimatkanton sei deshalb nicht nur ein pers\u00f6nlicher Erfolg und eine grosse Ehre, sondern auch Ausdruck davon, was die Community erreichen k\u00f6nne, wenn man f\u00fcreinander einstehe.<\/p>\n<p>\u00abIch bin mir bewusst, dass ich auf den Schultern derjenigen stehe, die vor mir kamen\u00bb, so Pascal weiter. \u00abMutige, inspirierende Menschen, die bereits vor mir den Kampf f\u00fcr Gleichstellung gek\u00e4mpft haben, die mir den Weg bereitet haben und \u00fcberhaupt erst das erm\u00f6glichten, was ich tue. Deshalb ist dieser Preis f\u00fcr mich ein Grund zur\u00fcckzuschauen, jenen zu gedenken, die vor mir da waren, und zu bestaunen, wie stark unsere Community schon immer war.\u00bb<\/p>\n<p><strong>Schwierige Jugend in Chur<\/strong><br \/>\nSeit dem Jahr 2016 vergibt die Medienfamilie <em>S\u00fcdostschweiz<\/em> den Titel \u00abB\u00fcndner Pers\u00f6nlichkeit des Jahres\u00bb in Form einer Steinbock-Troph\u00e4e. Die bisherigen Gewinner*innen waren Leonie Barandun-Alig, Nino Schurter, Fabian Florin alias \u00abBane\u00bb, Andres Amb\u00fchl, das gesamte Gesundheitspersonal und Martin Meuli.<\/p>\n<p>Mit Pascal w\u00e4hlten die B\u00fcndner*innen nun Anfang Jahr eine Person, die den queeren Jugendtreff \u00abwhatever\u00bb gr\u00fcndete und dem B\u00fcndnerland die erste \u00abKhur Pride\u00bb bescherte. Die Heimat Chur weckt bei der B\u00fcndner Pers\u00f6nlichkeit des Jahres 2022 allerdings gemischte Gef\u00fchle: Die Eltern, die in den 80er-Jahren aus dem damaligen <a href=\"https:\/\/mannschaft.com\/tag\/balkan\/\" target=\"_blank\" rel=\"noopener\">Jugoslawien<\/a> als Gastarbeitende in die Schweiz gekommen sind, sowie das \u00fcbrige Umfeld haben Homosexualit\u00e4t grunds\u00e4tzlich verurteilt. Pascal machte deshalb in der Jugend auf Hetero, sprach absichtlich mit tieferer Stimme und knutschte vor den Kollegen mit M\u00e4dchen rum.<\/p>\n<p>Als der Bruder Pascal bei den Eltern outete, kam es zu dramatischen Szenen: \u00abMein Papa war geschockt und weinte. Meine Mama wollte wissen, was sie falsch gemacht hatte\u00bb, erz\u00e4hlte Pascal 2020 im <a href=\"https:\/\/mannschaft.com\/tag\/zurich-pride\/\" target=\"_blank\" rel=\"noopener\">Zurich Pride<\/a> Podcast (<a href=\"https:\/\/mannschaft.com\/outing-bei-eltern-aus-ex-jugoslawien-mein-vater-weinte\/\" target=\"_blank\" rel=\"noopener\">MANNSCHAFT berichtete<\/a>). Der Vater dachte sogar, Pascal w\u00e4re durch die Vergewaltigung eines Mannes schwul geworden. Nach und nach beruhigte sich die Situation zuhause wieder, aber es habe viel Zeit und Tr\u00e4nen gebraucht.<\/p>\n<p><strong>Hassmails und Todesdrohungen<\/strong><br \/>\nMan k\u00f6nnte jetzt sagen, die Steinbock-Troph\u00e4e w\u00e4re so was wie eine Vers\u00f6hnung mit der Heimat, eine Art Wiedergutmachung f\u00fcr die Leiden der Jugend im homophoben Umfeld in <a href=\"https:\/\/mannschaft.com\/tag\/chur\">Chur<\/a>. Doch leider gab es auch nach der Bekanntgabe dieser Auszeichnung wieder negative Reaktionen. \u00abEs gibt immer ein gewisses Grundrauschen an Negativit\u00e4t, wenn marginalisierte Menschen sich \u00f6ffentlich exponieren und die herrschenden Machtstrukturen unserer Gesellschaft infrage stellen\u00bb, sagt Pascal.<\/p>\n<p>Negative Reaktionen, Hassmails und Todesdrohungen w\u00fcrden zum Alltag geh\u00f6ren. Kann Pascal damit umgehen? \u00abZu behaupten, es w\u00fcrde mich kaltlassen, w\u00e4re gelogen. Wichtig ist, dass ich mich von Hass abgrenze. Gl\u00fccklicherweise kommt jedes Mal auch eine Flut von positiven Reaktionen, ich werde also auch mit Liebe \u00fcbersch\u00fcttet. Ich versuche, mich darauf zu fokussieren.\u00bb<\/p>\n<p>Die Auszeichnung zur B\u00fcndner Pers\u00f6nlichkeit des Jahres sei deshalb auch ein Mahnmal: \u00abWir d\u00fcrfen uns nicht ausruhen! Probleme gibt es immer noch zuhauf, nun gilt es, diese anzugehen und den Weg jenen zu bereiten, die nach uns kommen.\u00bb<\/p>\n<blockquote class=\"instagram-media\" style=\"background: #FFF; border: 0; border-radius: 3px; box-shadow: 0 0 1px 0 rgba(0,0,0,0.5),0 1px 10px 0 rgba(0,0,0,0.15); margin: 1px; max-width: 540px; min-width: 326px; padding: 0; width: calc(100% - 2px);\" data-instgrm-captioned=\"\" data-instgrm-permalink=\"https:\/\/www.instagram.com\/p\/CnxfOuGqGSV\/?utm_source=ig_embed&amp;utm_campaign=loading\" data-instgrm-version=\"14\">\n<div style=\"padding: 16px;\">\n<p>&nbsp;<\/p>\n<div style=\"display: flex; flex-direction: row; align-items: center;\">\n<div style=\"background-color: #f4f4f4; border-radius: 50%; flex-grow: 0; height: 40px; margin-right: 14px; width: 40px;\"><\/div>\n<div style=\"display: flex; flex-direction: column; flex-grow: 1; justify-content: center;\">\n<div style=\"background-color: #f4f4f4; border-radius: 4px; flex-grow: 0; height: 14px; margin-bottom: 6px; width: 100px;\"><\/div>\n<div style=\"background-color: #f4f4f4; border-radius: 4px; flex-grow: 0; height: 14px; width: 60px;\"><\/div>\n<\/div>\n<\/div>\n<div style=\"padding: 19% 0;\"><\/div>\n<div style=\"display: block; height: 50px; margin: 0 auto 12px; width: 50px;\"><\/div>\n<div style=\"padding-top: 8px;\">\n<div style=\"color: #3897f0; font-family: Arial,sans-serif; font-size: 14px; font-style: normal; font-weight: 550; line-height: 18px;\">Sieh dir diesen Beitrag auf Instagram an<\/div>\n<\/div>\n<div style=\"padding: 12.5% 0;\"><\/div>\n<div style=\"display: flex; flex-direction: row; margin-bottom: 14px; align-items: center;\">\n<div>\n<div style=\"background-color: #f4f4f4; border-radius: 50%; height: 12.5px; width: 12.5px; transform: translateX(0px) translateY(7px);\"><\/div>\n<div style=\"background-color: #f4f4f4; height: 12.5px; transform: rotate(-45deg) translateX(3px) translateY(1px); width: 12.5px; flex-grow: 0; margin-right: 14px; margin-left: 2px;\"><\/div>\n<div style=\"background-color: #f4f4f4; border-radius: 50%; height: 12.5px; width: 12.5px; transform: translateX(9px) translateY(-18px);\"><\/div>\n<\/div>\n<div style=\"margin-left: 8px;\">\n<div style=\"background-color: #f4f4f4; border-radius: 50%; flex-grow: 0; height: 20px; width: 20px;\"><\/div>\n<div style=\"width: 0; height: 0; border-top: 2px solid transparent; border-left: 6px solid #f4f4f4; border-bottom: 2px solid transparent; transform: translateX(16px) translateY(-4px) rotate(30deg);\"><\/div>\n<\/div>\n<div style=\"margin-left: auto;\">\n<div style=\"width: 0px; border-top: 8px solid #F4F4F4; border-right: 8px solid transparent; transform: translateY(16px);\"><\/div>\n<div style=\"background-color: #f4f4f4; flex-grow: 0; height: 12px; width: 16px; transform: translateY(-4px);\"><\/div>\n<div style=\"width: 0; height: 0; border-top: 8px solid #F4F4F4; border-left: 8px solid transparent; transform: translateY(-4px) translateX(8px);\"><\/div>\n<\/div>\n<\/div>\n<div style=\"display: flex; flex-direction: column; flex-grow: 1; justify-content: center; margin-bottom: 24px;\">\n<div style=\"background-color: #f4f4f4; border-radius: 4px; flex-grow: 0; height: 14px; margin-bottom: 6px; width: 224px;\"><\/div>\n<div style=\"background-color: #f4f4f4; border-radius: 4px; flex-grow: 0; height: 14px; width: 144px;\"><\/div>\n<\/div>\n<p>&nbsp;<\/p>\n<p style=\"color: #c9c8cd; font-family: Arial,sans-serif; font-size: 14px; line-height: 17px; margin-bottom: 0; margin-top: 8px; overflow: hidden; padding: 8px 0 7px; text-align: center; text-overflow: ellipsis; white-space: nowrap;\"><a style=\"color: #c9c8cd; font-family: Arial,sans-serif; font-size: 14px; font-style: normal; font-weight: normal; line-height: 17px; text-decoration: none;\" href=\"https:\/\/www.instagram.com\/p\/CnxfOuGqGSV\/?utm_source=ig_embed&amp;utm_campaign=loading\" target=\"_blank\" rel=\"noopener\">Ein Beitrag geteilt von Pascal Pajic (keine\/iel) (@paspaj)<\/a><\/p>\n<\/div>\n<\/blockquote>\n<p><script async src=\"\/\/www.instagram.com\/embed.js\"><\/script><\/p>\n<p><strong>Sich als Mensch weiterentwickeln<\/strong><br \/>\nPascal ist mittlerweile 29 und schliesst im n\u00e4chsten Sommer das Medizinstudium ab; die Doktorarbeit ist auch schon auf gutem Weg. Zudem soll 2024 die zweite Ausgabe der \u00abKhur Pride\u00bb \u00fcber die B\u00fchne gehen, wo Pascal wieder in der Organisation mitwirken wird.<\/p>\n<p>Auch die politische Laufbahn m\u00f6chte Pascal weiterverfolgen: Nach den Anf\u00e4ngen bei der JUSO ist Pascal inzwischen im Parteivorstand der SP Graub\u00fcnden und Mitglied der Grossfraktion im B\u00fcndner Kantonsparlament.<\/p>\n<p>Das gr\u00f6sste Ziel sei es aber, sich selbst und den Mitmenschen gerecht zu werden, Selbstreflexion zu betreiben und sich als Mensch weiterzuentwickeln. \u00abIch denke, wir alle haben von dieser rassistischen, kapitalistischen, queerfeindlichen und sexistischen Gesellschaft toxische Gedanken eingeimpft bekommen. Daran zu arbeiten, ist ein konstantes Ziel f\u00fcr mich. Ich ertappe mich oft dabei, meinen Selbstwert \u00fcber meine Leistung zu definieren und ein schlechtes Gewissen zu bekommen, wenn ich mal nichts tue. Dabei w\u00e4re das genauso wichtig!\u00bb<\/p>\n","protected":false},"excerpt":{"rendered":"<p>Nach einem dramatischen Coming-out mit 19 begann Pascal Pajic, sich f\u00fcr die LGBTIQ-Community zu engagieren. Jetzt wurde Pascal zur B\u00fcndner Pers\u00f6nlichkeit des Jahres gew\u00e4hlt, was nicht allen passt. <a class=\"g1-link g1-link-more\" href=\"https:\/\/alte.mannschaft.lgbt\/bimber\/pascal-pajic-schwuler-jugo-und-buendner-persoenlichkeit-des-jahres\/\">Weiterlesen<\/a><\/p>\n","protected":false},"author":42,"featured_media":173509,"comment_status":"closed","ping_status":"closed","sticky":false,"template":"","format":"standard","meta":[],"categories":[4371,1340],"tags":[5544,5545],"wps_subtitle":"Pascal erz\u00e4hlt, was diese Auszeichnung so bedeutend macht","_links":{"self":[{"href":"https:\/\/alte.mannschaft.lgbt\/bimber\/wp-json\/wp\/v2\/posts\/173503"}],"collection":[{"href":"https:\/\/alte.mannschaft.lgbt\/bimber\/wp-json\/wp\/v2\/posts"}],"about":[{"href":"https:\/\/alte.mannschaft.lgbt\/bimber\/wp-json\/wp\/v2\/types\/post"}],"author":[{"embeddable":true,"href":"https:\/\/alte.mannschaft.lgbt\/bimber\/wp-json\/wp\/v2\/users\/42"}],"replies":[{"embeddable":true,"href":"https:\/\/alte.mannschaft.lgbt\/bimber\/wp-json\/wp\/v2\/comments?post=173503"}],"version-history":[{"count":1,"href":"https:\/\/alte.mannschaft.lgbt\/bimber\/wp-json\/wp\/v2\/posts\/173503\/revisions"}],"predecessor-version":[{"id":173510,"href":"https:\/\/alte.mannschaft.lgbt\/bimber\/wp-json\/wp\/v2\/posts\/173503\/revisions\/173510"}],"wp:featuredmedia":[{"embeddable":true,"href":"https:\/\/alte.mannschaft.lgbt\/bimber\/wp-json\/wp\/v2\/media\/173509"}],"wp:attachment":[{"href":"https:\/\/alte.mannschaft.lgbt\/bimber\/wp-json\/wp\/v2\/media?parent=173503"}],"wp:term":[{"taxonomy":"category","embeddable":true,"href":"https:\/\/alte.mannschaft.lgbt\/bimber\/wp-json\/wp\/v2\/categories?post=173503"},{"taxonomy":"post_tag","embeddable":true,"href":"https:\/\/alte.mannschaft.lgbt\/bimber\/wp-json\/wp\/v2\/tags?post=173503"}],"curies":[{"name":"wp","href":"https:\/\/api.w.org\/{rel}","templated":true}]}}