{"id":173385,"date":"2023-07-03T07:56:16","date_gmt":"2023-07-03T05:56:16","guid":{"rendered":"https:\/\/mannschaft.com\/?p=173385"},"modified":"2023-07-05T17:52:41","modified_gmt":"2023-07-05T15:52:41","slug":"gedenken-an-homosexuelle-ns-verfolgte-in-buchenwald","status":"publish","type":"post","link":"https:\/\/alte.mannschaft.lgbt\/bimber\/gedenken-an-homosexuelle-ns-verfolgte-in-buchenwald\/","title":{"rendered":"Gedenken an homosexuelle NS-Verfolgte in Buchenwald"},"content":{"rendered":"<h3>Mit einer Kranzniederlegung ist in der Gedenkst\u00e4tte Buchenwald an die homosexuellen H\u00e4ftlinge im ehemaligen NS-Konzentrationslager erinnert worden.<\/h3>\n<p>Zu den Organisatoren der Gedenkveranstaltung am Sonntag geh\u00f6rte die <a href=\"https:\/\/www.weimar.aidshilfe.de\/de\" target=\"_blank\" rel=\"noopener\">Aids Hilfe Weimar<\/a>, unter anderem nahm Justizministerin Doreen Denst\u00e4dt (Gr\u00fcne) teil. \u00abQueerfeindliche Hasskriminalit\u00e4t, rechtsextreme Stimmungsmache und Wahlerfolge machen uns jeden Tag aufs Neue deutlich, wie wichtig der Einsatz f\u00fcr queere Menschen ist\u00bb, sagte Denst\u00e4dt laut Mitteilung in Weimar.<\/p>\n<hr \/>\n<p><a href=\"https:\/\/mannschaft.com\/ja-zum-koran-und-nein-zur-homosexualitaet\/\">\u00abJa zum Koran\u00bb und \u00abNein zur Homosexualit\u00e4t\u00bb Proteste im Irak und Iran nach Koranverbrennung in Schweden.<\/a><\/p>\n<hr \/>\n<p>Das Gedenken solle auch als Mahnung verstanden werden: \u00abLasst uns weiterhin stark f\u00fcr unsere Demokratie und ihre Werte einstehen, so dass rechte Ideologien, Menschenhass und Queerfeindlichkeit nie wieder die Oberhand gewinnen.\u00bb<\/p>\n<p>Historiker*innen zufolge wurden etwa 700 M\u00e4nner im Nationalsozialismus als Homosexuelle in die Konzentrationslager Buchenwald und Mittelbau-Dora in Th\u00fcringen verschleppt. Circa die H\u00e4lfte von ihnen \u00fcberlebte nicht. Im KZ musste die H\u00e4ftlingsgruppe als Kennzeichnung ein rosa Dreieck auf ihrer Kleidung tragen.<\/p>\n<p><strong>\u00abAristoteles und Dante entdecken die Ge\u00adheimnisse des Universums\u00bb \u2013 Der Erfolgsroman von Benjamin Alire Saenz \u00fcber die Freundschaft und Liebe zwischen zwei US-Teenagern aus mexikanischen Familien wurde verfilmt. Gerade kam der erste Trailer raus <a href=\"https:\/\/mannschaft.com\/aristoteles-und-dante-entdecken-die-geheimnisse-des-universums\/\">(MANNSCHAFT berichtete)<\/a>.<\/strong><\/p>\n","protected":false},"excerpt":{"rendered":"<p>Mit einer Kranzniederlegung ist in der Gedenkst\u00e4tte Buchenwald an die homosexuellen H\u00e4ftlinge im ehemaligen Konzentrationslager erinnert worden.  <a class=\"g1-link g1-link-more\" href=\"https:\/\/alte.mannschaft.lgbt\/bimber\/gedenken-an-homosexuelle-ns-verfolgte-in-buchenwald\/\">Weiterlesen<\/a><\/p>\n","protected":false},"author":1950,"featured_media":173391,"comment_status":"closed","ping_status":"closed","sticky":false,"template":"","format":"standard","meta":[],"categories":[3,4701],"tags":[5464,5461,2803],"wps_subtitle":"","_links":{"self":[{"href":"https:\/\/alte.mannschaft.lgbt\/bimber\/wp-json\/wp\/v2\/posts\/173385"}],"collection":[{"href":"https:\/\/alte.mannschaft.lgbt\/bimber\/wp-json\/wp\/v2\/posts"}],"about":[{"href":"https:\/\/alte.mannschaft.lgbt\/bimber\/wp-json\/wp\/v2\/types\/post"}],"author":[{"embeddable":true,"href":"https:\/\/alte.mannschaft.lgbt\/bimber\/wp-json\/wp\/v2\/users\/1950"}],"replies":[{"embeddable":true,"href":"https:\/\/alte.mannschaft.lgbt\/bimber\/wp-json\/wp\/v2\/comments?post=173385"}],"version-history":[{"count":8,"href":"https:\/\/alte.mannschaft.lgbt\/bimber\/wp-json\/wp\/v2\/posts\/173385\/revisions"}],"predecessor-version":[{"id":173417,"href":"https:\/\/alte.mannschaft.lgbt\/bimber\/wp-json\/wp\/v2\/posts\/173385\/revisions\/173417"}],"wp:featuredmedia":[{"embeddable":true,"href":"https:\/\/alte.mannschaft.lgbt\/bimber\/wp-json\/wp\/v2\/media\/173391"}],"wp:attachment":[{"href":"https:\/\/alte.mannschaft.lgbt\/bimber\/wp-json\/wp\/v2\/media?parent=173385"}],"wp:term":[{"taxonomy":"category","embeddable":true,"href":"https:\/\/alte.mannschaft.lgbt\/bimber\/wp-json\/wp\/v2\/categories?post=173385"},{"taxonomy":"post_tag","embeddable":true,"href":"https:\/\/alte.mannschaft.lgbt\/bimber\/wp-json\/wp\/v2\/tags?post=173385"}],"curies":[{"name":"wp","href":"https:\/\/api.w.org\/{rel}","templated":true}]}}