{"id":172649,"date":"2023-06-23T11:54:06","date_gmt":"2023-06-23T09:54:06","guid":{"rendered":"https:\/\/mannschaft.com\/?p=172649"},"modified":"2023-06-24T07:58:19","modified_gmt":"2023-06-24T05:58:19","slug":"schalke-verpflichtet-luzern-torwart-marius-mueller","status":"publish","type":"post","link":"https:\/\/alte.mannschaft.lgbt\/bimber\/schalke-verpflichtet-luzern-torwart-marius-mueller\/","title":{"rendered":"Schalke verpflichtet Luzern-Torwart Marius M\u00fcller"},"content":{"rendered":"<h3>Bundesliga-Absteiger FC Schalke 04 hat Torh\u00fcter Marius M\u00fcller vom FC Luzern aus der Schweiz verpflichtet.<\/h3>\n<p>Der 29-J\u00e4hrige unterschrieb bei den Gelsenkirchenern einen Vertrag bis zum Ende der Saison 2024\/25, wie der Fussball-Zweitligist am Donnerstag mitteilte. \u00dcber die Transfermodalit\u00e4ten vereinbarten die beiden Clubs Stillschweigen.<\/p>\n<p>\u00abMarius ist ein erfahrener Spieler, der uns mit seiner Qualit\u00e4t viel Sicherheit im Torh\u00fcter-Team gibt\u00bb, sagte Schalkes Sportdirektor Andr\u00e9 Hechelmann laut Vereinsmitteilung. Der geb\u00fcrtige Heppenheimer M\u00fcller stand vor seinem Wechsel nach Luzern bereits bei RB Leipzig und beim 1. FC Kaiserslautern unter Vertrag.<\/p>\n<p>Im vergangenen Sommer hatte es um M\u00fcller in der Schweiz Aufregung gegeben. Der Torwart hatte sich am 13. August 2022 \u00fcber die Niederlage seines Vereins gegen den FC St. Gallen ge\u00e4rgert und in einem Fernsehinterview abf\u00e4llig \u00fcber die Verteidiger seiner Mannschaft ge\u00e4ussert. Sie h\u00e4tten sich weggedreht, statt in den Ball zu gehen, sagte M\u00fcller, und benutzte dabei das Wort \u00abschwul\u00bb abf\u00e4llig: Ihm w\u00fcrde das \u00abschwule Weggedrehe tierisch auf den Sack gehen\u00bb <a href=\"https:\/\/mannschaft.com\/marius-mueller-fc-luzern-das-schwule-weggedrehe\/\" target=\"_blank\" rel=\"noopener\">(MANNSCHAFT berichtete)<\/a>. Der Verein und M\u00fcller selbst baten anschliessend um Entschuldigung.<\/p>\n<p>Von der Schweizer Fussballliga Swiss Football League (SFL) war M\u00fcller zu einer Geldstrafe verurteilt worden; eine Sperre wurde nicht verh\u00e4ngt <a href=\"https:\/\/mannschaft.com\/nach-homophobem-ausfall-keine-fcl-sperre-gegen-marius-mueller\/\" target=\"_blank\" rel=\"noopener\">(MANNSCHAFT berichtete)<\/a><\/p>\n","protected":false},"excerpt":{"rendered":"<p>Gelsenkirchen &#8211; Bundesliga-Absteiger FC Schalke 04 hat Torh\u00fcter Marius M\u00fcller v. FC #Luzern aus d. Schweiz verpflichtet. Der hatte letztes Jahr mit schwulen-feindlichen \u00c4usserungen von sich reden gemacht <a class=\"g1-link g1-link-more\" href=\"https:\/\/alte.mannschaft.lgbt\/bimber\/schalke-verpflichtet-luzern-torwart-marius-mueller\/\">Weiterlesen<\/a><\/p>\n","protected":false},"author":1950,"featured_media":146195,"comment_status":"closed","ping_status":"closed","sticky":false,"template":"","format":"standard","meta":[],"categories":[1340,4447],"tags":[1401,5543],"wps_subtitle":"","_links":{"self":[{"href":"https:\/\/alte.mannschaft.lgbt\/bimber\/wp-json\/wp\/v2\/posts\/172649"}],"collection":[{"href":"https:\/\/alte.mannschaft.lgbt\/bimber\/wp-json\/wp\/v2\/posts"}],"about":[{"href":"https:\/\/alte.mannschaft.lgbt\/bimber\/wp-json\/wp\/v2\/types\/post"}],"author":[{"embeddable":true,"href":"https:\/\/alte.mannschaft.lgbt\/bimber\/wp-json\/wp\/v2\/users\/1950"}],"replies":[{"embeddable":true,"href":"https:\/\/alte.mannschaft.lgbt\/bimber\/wp-json\/wp\/v2\/comments?post=172649"}],"version-history":[{"count":5,"href":"https:\/\/alte.mannschaft.lgbt\/bimber\/wp-json\/wp\/v2\/posts\/172649\/revisions"}],"predecessor-version":[{"id":172654,"href":"https:\/\/alte.mannschaft.lgbt\/bimber\/wp-json\/wp\/v2\/posts\/172649\/revisions\/172654"}],"wp:featuredmedia":[{"embeddable":true,"href":"https:\/\/alte.mannschaft.lgbt\/bimber\/wp-json\/wp\/v2\/media\/146195"}],"wp:attachment":[{"href":"https:\/\/alte.mannschaft.lgbt\/bimber\/wp-json\/wp\/v2\/media?parent=172649"}],"wp:term":[{"taxonomy":"category","embeddable":true,"href":"https:\/\/alte.mannschaft.lgbt\/bimber\/wp-json\/wp\/v2\/categories?post=172649"},{"taxonomy":"post_tag","embeddable":true,"href":"https:\/\/alte.mannschaft.lgbt\/bimber\/wp-json\/wp\/v2\/tags?post=172649"}],"curies":[{"name":"wp","href":"https:\/\/api.w.org\/{rel}","templated":true}]}}