{"id":172585,"date":"2023-06-23T12:55:28","date_gmt":"2023-06-23T10:55:28","guid":{"rendered":"https:\/\/mannschaft.com\/?p=172585"},"modified":"2023-06-23T12:57:11","modified_gmt":"2023-06-23T10:57:11","slug":"queerfeindlich-motivierte-straftaten-in-sachsen-nehmen-stark-zu","status":"publish","type":"post","link":"https:\/\/alte.mannschaft.lgbt\/bimber\/queerfeindlich-motivierte-straftaten-in-sachsen-nehmen-stark-zu\/","title":{"rendered":"Queerfeindlich motivierte Straftaten in Sachsen nehmen stark zu"},"content":{"rendered":"<h3>Die Angriffe auf Menschen aufgrund ihrer sexuellen Orientierung haben im vergangenen Jahr in Sachsen deutlich zugenommen.<\/h3>\n<p>Insgesamt wurden 92 solche Straftaten registriert, geht aus einer am Freitag ver\u00f6ffentlichten Antwort des Innenministeriums auf eine Kleine Anfrage der Abgeordneten Sarah Buddeberg (Linke) hervor.<\/p>\n<p>Sie fragt Zahlen dazu regelm\u00e4ssig ab und zeigte sich \u00fcberaus besorgt: \u00abDas Ergebnis sollte alle aufschrecken: Von 2021 zu 2022 stieg die Anzahl der gesch\u00e4digten Personen um 50 Prozent. Zwei der Opfer dieser queerfeindlichen Angriffe wurden schwer verletzt.\u00bb Insgesamt seien 18 Menschen gesch\u00e4digt worden, im Jahr zuvor 12. Die Zahl der Straftaten hatte sich etwa verdoppelt. 2021 waren es 44.<\/p>\n<p>Buddeberg forderte Konsequenzen. \u00abEin wichtiger Schritt in Sachsen w\u00e4re eine unabh\u00e4ngige Meldestelle, wie sie in anderen Bundesl\u00e4ndern Standard ist. Auch die Staatsregierung t\u00e4te gut daran, die Forderungen aus der queeren Community aufzugreifen. Alle Menschen haben das Recht auf ein sicheres und gewaltfreies Leben\u00bb, betonte die Politikerin.<\/p>\n<p>Ende M\u00e4rz hatte die Opferberatung RAA in Leipzig konstatiert, dass rechte Gewalt in dem Freistaat zugenommen habe (<a href=\"https:\/\/mannschaft.com\/300-rechte-hassdelikte-im-norden-16-stuttgarter-baerentreffen\/\">MANNSCHAFT berichtete<\/a>). Voriges Jahr seien 314 Menschen bei 205 Taten Opfer von derartigen Attacken geworden, im Jahr davor seien 189 F\u00e4lle gez\u00e4hlt worden \u2013 rund acht Prozent weniger. Gerade in l\u00e4ndlichen Regionen sei eine verst\u00e4rkte rechte Raumnahme zu beobachten. Sie f\u00fchre zu gezielten Attacken, u.a. auf LGBTIQ.<\/p>\n<p>In seiner Donnerstag-Sitzung hatte der Bundestag gerade erst den von der Bundesregierung eingebrachten Entwurf f\u00fcr ein \u00abGesetz zur \u00dcberarbeitung des Sanktionenrechts \u2013 Ersatzfreiheitsstrafe, Strafzumessung, Auflagen und Weisungen sowie Unterbringung in einer Entziehungsanstalt\u00bb beschlossen (<a href=\"https:\/\/mannschaft.com\/hasskriminalitaet-gegen-lgbtiq-wird-kuenftig-besser-geahndet\/\">MANNSCHAFT berichtete<\/a>). Damit werden \u00abgeschlechtsspezifische\u00bb sowie \u00abgegen die sexuelle Orientierung gerichtete\u00bb Tatmotive als weitere Beispiele f\u00fcr menschenverachtende Beweggr\u00fcnde ausdr\u00fccklich in die Strafgesetze zu Hasskriminalit\u00e4t (\u00a7 46 StGB) aufgenommen.<\/p>\n<p>\u00abHasstaten und Gewalt gegen queere Menschen sind menschenverachtende Straftaten. Allt\u00e4glich werden in Deutschland LGBTIQ angegriffen\u00bb, hatte <a href=\"https:\/\/mannschaft.com\/bundesregierung-beruft-sven-lehmann-zum-queer-beauftragten\/\" target=\"_blank\" rel=\"noopener\">Sven Lehmann<\/a>, Beauftragter der Bundesregierung f\u00fcr die Akzeptanz sexueller und geschlechtlicher Vielfalt (Queer-Beauftragter), diesbez\u00fcglich erkl\u00e4rt. \u00abLaut offiziellen Zahlen gibt es jeden Tag mindestens drei Angriffe auf Lesben, Schwule, Bisexuelle, trans und inter und queere Menschen. Die Dunkelziffer ist deutlich h\u00f6her. Diesen Straftaten muss der Staat entschlossen entgegentreten.\u00bb<\/p>\n","protected":false},"excerpt":{"rendered":"<p>Angriffe auf Menschen aufgrund ihrer sexuellen Orientierung haben im vergangenen Jahr in Sachsen deutlich zugenommen. Die Abgeordnete der Linke Sarah Buddeberg fordert Konsequenzen <a class=\"g1-link g1-link-more\" href=\"https:\/\/alte.mannschaft.lgbt\/bimber\/queerfeindlich-motivierte-straftaten-in-sachsen-nehmen-stark-zu\/\">Weiterlesen<\/a><\/p>\n","protected":false},"author":1950,"featured_media":54439,"comment_status":"closed","ping_status":"closed","sticky":false,"template":"","format":"standard","meta":[],"categories":[3,10],"tags":[5461],"wps_subtitle":"Linken-Politikerin fordert Konsequenzen","_links":{"self":[{"href":"https:\/\/alte.mannschaft.lgbt\/bimber\/wp-json\/wp\/v2\/posts\/172585"}],"collection":[{"href":"https:\/\/alte.mannschaft.lgbt\/bimber\/wp-json\/wp\/v2\/posts"}],"about":[{"href":"https:\/\/alte.mannschaft.lgbt\/bimber\/wp-json\/wp\/v2\/types\/post"}],"author":[{"embeddable":true,"href":"https:\/\/alte.mannschaft.lgbt\/bimber\/wp-json\/wp\/v2\/users\/1950"}],"replies":[{"embeddable":true,"href":"https:\/\/alte.mannschaft.lgbt\/bimber\/wp-json\/wp\/v2\/comments?post=172585"}],"version-history":[{"count":5,"href":"https:\/\/alte.mannschaft.lgbt\/bimber\/wp-json\/wp\/v2\/posts\/172585\/revisions"}],"predecessor-version":[{"id":172591,"href":"https:\/\/alte.mannschaft.lgbt\/bimber\/wp-json\/wp\/v2\/posts\/172585\/revisions\/172591"}],"wp:featuredmedia":[{"embeddable":true,"href":"https:\/\/alte.mannschaft.lgbt\/bimber\/wp-json\/wp\/v2\/media\/54439"}],"wp:attachment":[{"href":"https:\/\/alte.mannschaft.lgbt\/bimber\/wp-json\/wp\/v2\/media?parent=172585"}],"wp:term":[{"taxonomy":"category","embeddable":true,"href":"https:\/\/alte.mannschaft.lgbt\/bimber\/wp-json\/wp\/v2\/categories?post=172585"},{"taxonomy":"post_tag","embeddable":true,"href":"https:\/\/alte.mannschaft.lgbt\/bimber\/wp-json\/wp\/v2\/tags?post=172585"}],"curies":[{"name":"wp","href":"https:\/\/api.w.org\/{rel}","templated":true}]}}