{"id":172000,"date":"2023-06-16T07:07:03","date_gmt":"2023-06-16T05:07:03","guid":{"rendered":"https:\/\/mannschaft.com\/?p=172000"},"modified":"2023-06-17T09:10:41","modified_gmt":"2023-06-17T07:10:41","slug":"oesterreichischer-filmpreis-eismayer-4-mal-ausgezeichnet","status":"publish","type":"post","link":"https:\/\/alte.mannschaft.lgbt\/bimber\/oesterreichischer-filmpreis-eismayer-4-mal-ausgezeichnet\/","title":{"rendered":"\u00d6sterreichischer Filmpreis: \u00abEismayer\u00bb 4-mal ausgezeichnet"},"content":{"rendered":"<h3>Am Donnerstag Abend wurde der \u00d6sterreichische Filmpreis verliehen und David Wagners schwules Liebesdrama \u00abEismayer\u00bb in vier Kategorien ausgezeichnet.<\/h3>\n<p>Gerhard Liebmann erhielt den Preis f\u00fcr die Beste m\u00e4nnliche Hauptrolle, Luka Dimi\u0107 f\u00fcr die Beste m\u00e4nnliche Nebenrolle, David Wagner wurde f\u00fcr das Beste Drehbuch und Eva Klampfer f\u00fcr die Beste Musik ausgezeichnet.<\/p>\n<blockquote class=\"twitter-tweet\">\n<p dir=\"ltr\" lang=\"de\">Im Globe Wien wurde der <a href=\"https:\/\/twitter.com\/hashtag\/%C3%96sterreichischeFilmpreis2023?src=hash&amp;ref_src=twsrc%5Etfw\">#\u00d6sterreichischeFilmpreis2023<\/a> verliehen. Gro\u00dfe Freude hatten die Spielfilme &#8222;Vera&#8220; von <a href=\"https:\/\/twitter.com\/hashtag\/TizzaCovi?src=hash&amp;ref_src=twsrc%5Etfw\">#TizzaCovi<\/a> und <a href=\"https:\/\/twitter.com\/hashtag\/RainerFrimmel?src=hash&amp;ref_src=twsrc%5Etfw\">#RainerFrimmel<\/a>, &#8222;Eismayer&#8220; von <a href=\"https:\/\/twitter.com\/hashtag\/DavidWagner?src=hash&amp;ref_src=twsrc%5Etfw\">#DavidWagner<\/a> und &#8222;Corsage&#8220; von <a href=\"https:\/\/twitter.com\/hashtag\/MarieKreutzer?src=hash&amp;ref_src=twsrc%5Etfw\">#MarieKreutzer<\/a>.<a href=\"https:\/\/t.co\/XFNiJLXkB9\">https:\/\/t.co\/XFNiJLXkB9<\/a><\/p>\n<p>\u2014 Cinema Austriaco (@AustriacoCinema) <a href=\"https:\/\/twitter.com\/AustriacoCinema\/status\/1669472347298971648?ref_src=twsrc%5Etfw\">June 15, 2023<\/a><\/p><\/blockquote>\n<p><script async src=\"https:\/\/platform.twitter.com\/widgets.js\" charset=\"utf-8\"><\/script><\/p>\n<p>\u00abIch habe mich selten so gewollt gef\u00fchlt\u00bb, erkl\u00e4rte Liebmann in seiner Dankesrede.<\/p>\n<p>Auch Marie Kreutzers Sisi-Parabel \u00abCorsage\u00bb erhielt 4 Troph\u00e4en. \u00dcber die Preistr\u00e4ger*innen in den 16 Kategorien abseits des publikumsst\u00e4rksten Films entschieden die derzeit 600 Mitglieder der Akademie des \u00d6sterreichischen Films.<\/p>\n<p>In \u00abEismayer\u00bb verliebt sich ein herrischen Ausbilder beim \u00d6sterreichischen Bundesheer in seinen offen schwulen Rekruten und kommt f\u00fcr ihn aus dem jahrzehntelangen Versteck. Der Film beruht auf einer wahren Geschichte, die unter \u00d6sterreichs Soldaten legend\u00e4r ist: Charles Eismayer, der einst ber\u00fcchtigtste Schleifer des Bundesheeres gab seinem ehemaligen Rekruten Mario Falak 2014 in Galauniform auf dem Kasernenhof das Ja-Wort<a href=\"https:\/\/mannschaft.com\/eismayer-liebe-unter-soldaten-im-bundesheer\/\" target=\"_blank\" rel=\"noopener\"> (MANNSCHAFT berichtete).<\/a><\/p>\n<p>Schon beim Filmfestival Max Oph\u00fcls Preis Anfang des Jahres erhielt \u00abEismayer\u00bb den Publikumspreis Spielfilm und den Preis der Filmkritik f\u00fcr den besten Spielfilm.<\/p>\n<p><strong>Kevin Spacey: \u00abIch wollte mir nicht eingestehen, wer ich war.\u00bb Der Schauspieler hofft auf neue Rollenangebote <a href=\"https:\/\/mannschaft.com\/kevin-spacey-ich-wollte-mir-nicht-eingestehen-wer-ich-war\/\" target=\"_blank\" rel=\"noopener\">(MANNSCHAFT berichtete)<\/a>.<br \/>\n<\/strong><\/p>\n","protected":false},"excerpt":{"rendered":"<p>Wien \u2013 Gestern Abend wurde der \u00d6sterreichische Filmpreis verliehen, und David Wagners schwules Liebesdrama Eismayer wurde in gleich vier Kategorien ausgezeichnet. <a class=\"g1-link g1-link-more\" href=\"https:\/\/alte.mannschaft.lgbt\/bimber\/oesterreichischer-filmpreis-eismayer-4-mal-ausgezeichnet\/\">Weiterlesen<\/a><\/p>\n","protected":false},"author":1,"featured_media":147626,"comment_status":"closed","ping_status":"closed","sticky":false,"template":"","format":"standard","meta":[],"categories":[2527,2534],"tags":[5437,567],"wps_subtitle":"Die Gala fand im Globe Wien in der Marx Halle statt","_links":{"self":[{"href":"https:\/\/alte.mannschaft.lgbt\/bimber\/wp-json\/wp\/v2\/posts\/172000"}],"collection":[{"href":"https:\/\/alte.mannschaft.lgbt\/bimber\/wp-json\/wp\/v2\/posts"}],"about":[{"href":"https:\/\/alte.mannschaft.lgbt\/bimber\/wp-json\/wp\/v2\/types\/post"}],"author":[{"embeddable":true,"href":"https:\/\/alte.mannschaft.lgbt\/bimber\/wp-json\/wp\/v2\/users\/1"}],"replies":[{"embeddable":true,"href":"https:\/\/alte.mannschaft.lgbt\/bimber\/wp-json\/wp\/v2\/comments?post=172000"}],"version-history":[{"count":8,"href":"https:\/\/alte.mannschaft.lgbt\/bimber\/wp-json\/wp\/v2\/posts\/172000\/revisions"}],"predecessor-version":[{"id":172008,"href":"https:\/\/alte.mannschaft.lgbt\/bimber\/wp-json\/wp\/v2\/posts\/172000\/revisions\/172008"}],"wp:featuredmedia":[{"embeddable":true,"href":"https:\/\/alte.mannschaft.lgbt\/bimber\/wp-json\/wp\/v2\/media\/147626"}],"wp:attachment":[{"href":"https:\/\/alte.mannschaft.lgbt\/bimber\/wp-json\/wp\/v2\/media?parent=172000"}],"wp:term":[{"taxonomy":"category","embeddable":true,"href":"https:\/\/alte.mannschaft.lgbt\/bimber\/wp-json\/wp\/v2\/categories?post=172000"},{"taxonomy":"post_tag","embeddable":true,"href":"https:\/\/alte.mannschaft.lgbt\/bimber\/wp-json\/wp\/v2\/tags?post=172000"}],"curies":[{"name":"wp","href":"https:\/\/api.w.org\/{rel}","templated":true}]}}