{"id":171899,"date":"2023-06-15T07:20:09","date_gmt":"2023-06-15T05:20:09","guid":{"rendered":"https:\/\/mannschaft.com\/?p=171899"},"modified":"2023-06-16T09:10:39","modified_gmt":"2023-06-16T07:10:39","slug":"unternehmen-fordern-diskriminierungsschutz-fuer-lgbtiq","status":"publish","type":"post","link":"https:\/\/alte.mannschaft.lgbt\/bimber\/unternehmen-fordern-diskriminierungsschutz-fuer-lgbtiq\/","title":{"rendered":"Unternehmen fordern Diskriminierungs&shy;schutz f\u00fcr LGBTIQ"},"content":{"rendered":"<h3>Die Diskriminierung aufgrund der sexuellen Orientierung ist bislang nicht vom \u00f6sterreichischen Gleichbehandlungsgesetz erfasst \u2013 und findet leider nach wie vor statt. Deloitte, Bank Austria, IKEA und andere fordern eine Anpassung der Rechtslage.<\/h3>\n<p>So sorgte Anfang letzten Jahres der Fall eines Hoteliers f\u00fcr Aufsehen, da dieser \u00f6ffentlich machte, keine homosexuellen G\u00e4ste zu dulden\u00a0<a href=\"https:\/\/mannschaft.com\/entsetzen-ueber-anti-homo-haus-in-niederoesterreich\/\" target=\"_blank\" rel=\"noopener\">(MANNSCHAFT berichtete).<\/a> Auf Initiative von Deloitte \u00d6sterreich setzen sich im Rahmen der <a href=\"https:\/\/www2.deloitte.com\/at\/de\/seiten\/press-release\/petition-mehr-gleichberechtigung.html\" target=\"_blank\" rel=\"noopener\">Petition \u00abLevelling Up\u00bb<\/a> deshalb zahlreiche namhafte Unternehmen f\u00fcr einen umfassenden Diskriminierungsschutz der LGBTIQ-Community ein.<\/p>\n<hr \/>\n<p><a href=\"https:\/\/mannschaft.com\/schutz-fuer-alle-lgbtiq-will-vollen-diskriminierungsschutz\/\">\u00d6sterreich: Schutz f\u00fcr Alle! LGBTIQ wollen vollen Diskriminierungsschutz<\/a><\/p>\n<hr \/>\n<p>Inklusion und Diversit\u00e4t sind Grundpfeiler einer gleichberechtigten Gesellschaft \u2013 und auch zentrale Erfolgsfaktoren f\u00fcr nachhaltiges Wirtschaften. Die Tatsache, dass das \u00f6sterreichische Gleichbehandlungsgesetz beim \u00f6ffentlichen Anbieten von G\u00fctern und Dienstleistungen die sexuelle Orientierung als unzul\u00e4ssigen Diskriminierungsgrund ausklammert, ist ein Vers\u00e4umnis, das dringend ausgeglichen werden muss.<\/p>\n<p>Deshalb fordert Deloitte \u00d6sterreich gemeinsam mit Anyline, Bank Austria, Bayer, byrd, EBCONT communication, Erste Group, EY, <a href=\"https:\/\/mannschaft.com\/polen-zieht-ikea-nach-einsatz-gegen-homophobie-vor-gericht\/\" target=\"_blank\" rel=\"noopener\">IKEA<\/a>, Medizinische Universit\u00e4t Wien, Microsoft, PwC, RX, SAP, TU Wien, Wolf Theiss und WU Wien eine entsprechende Anpassung der aktuellen Rechtslage.<\/p>\n<blockquote><p>Bisher wurde an der gesetzlichen Situation nichts ge\u00e4ndert, dabei ist das Thema aktueller denn je.<\/p><\/blockquote>\n<p>\u00abBereits vor einem Jahr haben wir mit unserer Petition die Ausdehnung des Anwendungsbereiches des Gleichbehandlungsgesetzes gefordert. Bisher wurde an der gesetzlichen Situation aber nichts ge\u00e4ndert, dabei ist das Thema aktueller denn je\u00bb, betont Harald Breit, CEO von Deloitte \u00d6sterreich.<\/p>\n<p>\u00abIn einigen L\u00e4ndern wurden h\u00f6chstbedenkliche Schritte gesetzt, die die Sicherheit von homosexuellen Personen ernsthaft gef\u00e4hrden. \u00d6sterreich sollte hier eine Vorbildfunktion einnehmen und jetzt ein klares Zeichen setzen. Denn Diskriminierung \u2013 egal in welcher Form \u2013 darf keinen Platz in unserer Gesellschaft haben.\u00bb<\/p>\n<p>Laut dem Bundesgesetz \u00fcber die Gleichbehandlung ist die Diskriminierung aufgrund von Geschlecht und ethnischer Zugeh\u00f6rigkeit verboten. Die Diskriminierung aufgrund der sexuellen Orientierung, aber auch aufgrund der Religion oder Weltanschauung und des Alters, ist jedoch noch immer rechtlich zul\u00e4ssig. Lediglich im Rahmen eines Arbeitsverh\u00e4ltnisses gilt auch f\u00fcr diese Bereiche ein Diskriminierungsschutz \u2013 beim Zugang zu G\u00fctern und Dienstleistungen hingegen nicht.<\/p>\n<figure id=\"attachment_171905\" aria-describedby=\"caption-attachment-171905\" style=\"width: 600px\" class=\"wp-caption alignnone\"><a href=\"https:\/\/mannschaft.com\/bimber\/wp-content\/uploads\/2023\/06\/at-harald-breit-credits-deloitte-feelimage-.jpg\"><img data-expand=\"600\" decoding=\"async\" loading=\"lazy\" class=\"lazyload size-full wp-image-171905\" src=\"data:image\/svg+xml;charset=utf-8,%3Csvg xmlns%3D'http%3A%2F%2Fwww.w3.org%2F2000%2Fsvg' viewBox%3D'0 0 600 600'%2F%3E\" data-src=\"https:\/\/mannschaft.com\/bimber\/wp-content\/uploads\/2023\/06\/at-harald-breit-credits-deloitte-feelimage-.jpg\" alt=\"Harald Breit\" width=\"600\" height=\"600\" data-srcset=\"https:\/\/alte.mannschaft.lgbt\/bimber\/wp-content\/uploads\/2023\/06\/at-harald-breit-credits-deloitte-feelimage-.jpg 600w, https:\/\/alte.mannschaft.lgbt\/bimber\/wp-content\/uploads\/2023\/06\/at-harald-breit-credits-deloitte-feelimage--300x300.jpg 300w, https:\/\/alte.mannschaft.lgbt\/bimber\/wp-content\/uploads\/2023\/06\/at-harald-breit-credits-deloitte-feelimage--425x425.jpg 425w, https:\/\/alte.mannschaft.lgbt\/bimber\/wp-content\/uploads\/2023\/06\/at-harald-breit-credits-deloitte-feelimage--50x50.jpg 50w, https:\/\/alte.mannschaft.lgbt\/bimber\/wp-content\/uploads\/2023\/06\/at-harald-breit-credits-deloitte-feelimage--192x192.jpg 192w, https:\/\/alte.mannschaft.lgbt\/bimber\/wp-content\/uploads\/2023\/06\/at-harald-breit-credits-deloitte-feelimage--384x384.jpg 384w, https:\/\/alte.mannschaft.lgbt\/bimber\/wp-content\/uploads\/2023\/06\/at-harald-breit-credits-deloitte-feelimage--110x110.jpg 110w, https:\/\/alte.mannschaft.lgbt\/bimber\/wp-content\/uploads\/2023\/06\/at-harald-breit-credits-deloitte-feelimage--220x220.jpg 220w, https:\/\/alte.mannschaft.lgbt\/bimber\/wp-content\/uploads\/2023\/06\/at-harald-breit-credits-deloitte-feelimage--561x561.jpg 561w, https:\/\/alte.mannschaft.lgbt\/bimber\/wp-content\/uploads\/2023\/06\/at-harald-breit-credits-deloitte-feelimage--265x265.jpg 265w, https:\/\/alte.mannschaft.lgbt\/bimber\/wp-content\/uploads\/2023\/06\/at-harald-breit-credits-deloitte-feelimage--531x531.jpg 531w, https:\/\/alte.mannschaft.lgbt\/bimber\/wp-content\/uploads\/2023\/06\/at-harald-breit-credits-deloitte-feelimage--364x364.jpg 364w, https:\/\/alte.mannschaft.lgbt\/bimber\/wp-content\/uploads\/2023\/06\/at-harald-breit-credits-deloitte-feelimage--48x48.jpg 48w, https:\/\/alte.mannschaft.lgbt\/bimber\/wp-content\/uploads\/2023\/06\/at-harald-breit-credits-deloitte-feelimage--96x96.jpg 96w, https:\/\/alte.mannschaft.lgbt\/bimber\/wp-content\/uploads\/2023\/06\/at-harald-breit-credits-deloitte-feelimage--400x400.jpg 400w, https:\/\/alte.mannschaft.lgbt\/bimber\/wp-content\/uploads\/2023\/06\/at-harald-breit-credits-deloitte-feelimage--100x100.jpg 100w\" data-sizes=\"(max-width: 600px) 100vw, 600px\" \/><\/a><figcaption id=\"caption-attachment-171905\" class=\"wp-caption-text\">Harald Breit (Foto: Deloitte)<\/figcaption><\/figure>\n<p>Ein Beispiel: In der Praxis bedeutet das, dass zwei M\u00e4nnern eine Wohnung wegen Vorurteilen gegen\u00fcber reinen M\u00e4nnerhaushalten nicht verweigert werden darf \u2013 denn das w\u00fcrde unter die verbotene Diskriminierung aufgrund des Geschlechts fallen. Stellt sich allerdings heraus, dass die M\u00e4nner ein Paar sind, ist die Verweigerung des Mietverh\u00e4ltnisses laut Gesetz sehr wohl zul\u00e4ssig. Denn aktuell greift der Diskriminierungsschutz nicht bei Ungleichbehandlung aufgrund der sexuellen Orientierung.<\/p>\n<blockquote><p>Es kann nicht sein, dass hierzulande ein Vermieter einer ganzen Personengruppe ein Mietverh\u00e4ltnis verweigern darf und daf\u00fcr rechtlich nicht belangt werden kann.<\/p><\/blockquote>\n<p>\u00abWir schreiben das Jahr 2023. Es kann nicht sein, dass hierzulande ein Vermieter einer ganzen Personengruppe ein Mietverh\u00e4ltnis verweigern darf und daf\u00fcr rechtlich nicht belangt werden kann. F\u00fcr echte Chancengleichheit braucht es einen klaren rechtlichen Rahmen \u2013 und dieser sollte von der Politik schnellstm\u00f6glich geschaffen werden\u00bb, fordert Harald Breit abschliessend.<\/p>\n<p><strong>Jeder Mensch hat Recht auf den Schutz der eigenen sexuellen Orientierung und Geschlechtsidentit\u00e4t, sagen die Gr\u00fcnen und fordern ein transinklusives Verbot von \u00abKonversionstherapien\u00bb <a href=\"https:\/\/mannschaft.com\/kein-verbot-von-konversionstherapien-gruene-kritisieren-oevp\/\">(MANNSCHAFT berichtete)<\/a>.<\/strong><\/p>\n","protected":false},"excerpt":{"rendered":"<p>Wien \u2013 Diskriminierung gegen LGBTIQ ist bislang nicht v. Gleichbehandlungsgesetz erfasst \u2013 und findet nach wie vor statt. @deloitteAT, IKEA, SAP, @TU_Wien u. andere fordern Anpassung d. Rechtslage. <a class=\"g1-link g1-link-more\" href=\"https:\/\/alte.mannschaft.lgbt\/bimber\/unternehmen-fordern-diskriminierungsschutz-fuer-lgbtiq\/\">Weiterlesen<\/a><\/p>\n","protected":false},"author":1,"featured_media":43542,"comment_status":"closed","ping_status":"closed","sticky":false,"template":"","format":"standard","meta":[],"categories":[5094,2527],"tags":[5531,5466,5507,567],"wps_subtitle":"","_links":{"self":[{"href":"https:\/\/alte.mannschaft.lgbt\/bimber\/wp-json\/wp\/v2\/posts\/171899"}],"collection":[{"href":"https:\/\/alte.mannschaft.lgbt\/bimber\/wp-json\/wp\/v2\/posts"}],"about":[{"href":"https:\/\/alte.mannschaft.lgbt\/bimber\/wp-json\/wp\/v2\/types\/post"}],"author":[{"embeddable":true,"href":"https:\/\/alte.mannschaft.lgbt\/bimber\/wp-json\/wp\/v2\/users\/1"}],"replies":[{"embeddable":true,"href":"https:\/\/alte.mannschaft.lgbt\/bimber\/wp-json\/wp\/v2\/comments?post=171899"}],"version-history":[{"count":10,"href":"https:\/\/alte.mannschaft.lgbt\/bimber\/wp-json\/wp\/v2\/posts\/171899\/revisions"}],"predecessor-version":[{"id":171925,"href":"https:\/\/alte.mannschaft.lgbt\/bimber\/wp-json\/wp\/v2\/posts\/171899\/revisions\/171925"}],"wp:featuredmedia":[{"embeddable":true,"href":"https:\/\/alte.mannschaft.lgbt\/bimber\/wp-json\/wp\/v2\/media\/43542"}],"wp:attachment":[{"href":"https:\/\/alte.mannschaft.lgbt\/bimber\/wp-json\/wp\/v2\/media?parent=171899"}],"wp:term":[{"taxonomy":"category","embeddable":true,"href":"https:\/\/alte.mannschaft.lgbt\/bimber\/wp-json\/wp\/v2\/categories?post=171899"},{"taxonomy":"post_tag","embeddable":true,"href":"https:\/\/alte.mannschaft.lgbt\/bimber\/wp-json\/wp\/v2\/tags?post=171899"}],"curies":[{"name":"wp","href":"https:\/\/api.w.org\/{rel}","templated":true}]}}