{"id":171402,"date":"2023-06-09T14:50:41","date_gmt":"2023-06-09T12:50:41","guid":{"rendered":"https:\/\/mannschaft.com\/?p=171402"},"modified":"2023-06-10T15:05:07","modified_gmt":"2023-06-10T13:05:07","slug":"auch-im-tod-vereint-mit-der-community-zuerich-plant-regenbogen-grabfeld","status":"publish","type":"post","link":"https:\/\/alte.mannschaft.lgbt\/bimber\/auch-im-tod-vereint-mit-der-community-zuerich-plant-regenbogen-grabfeld\/","title":{"rendered":"Auch im Tod vereint mit der Community: Z\u00fcrich plant Regenbogen-Grabfeld"},"content":{"rendered":"<h3>Auf dem gr\u00f6ssten Friedhof Z\u00fcrichs entsteht ein Grabfeld, das unter anderem f\u00fcr queere Menschen vorgesehen ist. Dieses von zw\u00f6lf LGBTIQ-Organisationen unterst\u00fctzte Projekt st\u00f6sst auf reges Interesse.<\/h3>\n<p>Als Barbara Bosshard, heute Pr\u00e4sidentin von <a href=\"https:\/\/queeraltern.ch\/\" target=\"_blank\" rel=\"noopener\">queerAltern<\/a>, vor 15 Jahren ihre damalige Partnerin verlor, fand die Beisetzung auf einem Gemeinschaftsgrab statt. Die anonyme Atmosph\u00e4re habe das Trauern an diesem Ort erschwert, erz\u00e4hlt Barbara im Gespr\u00e4ch mit MANNSCHAFT. Sie hofft, dass mit dem Themengrabfeld \u00abRegenbogen\u00bb ein Gedenkort entsteht, an dem Hinterbliebene mehr Trost finden k\u00f6nnen als sie damals. Queere Menschen werden auf dem <a href=\"https:\/\/mannschaft.com\/tag\/zuerich\" target=\"_blank\" rel=\"noopener\">Z\u00fcrcher<\/a> Friedhof Sihlfeld k\u00fcnftig selbst nach ihrem Tod mit ihrer Wahlfamilie vereint bleiben.<\/p>\n<p><strong>Ein wahres Bed\u00fcrfnis<\/strong><br \/>\nBeim Regenbogen-Grabfeld handelt es sich um das neuste von queerAltern angestossene Projekt, das insgesamt zw\u00f6lf LGBTIQ-Organisationen unterst\u00fctzen. Eine Arbeitsgruppe von HAZ \u2013 Queer Z\u00fcrich ist seit gut einem Jahr an der Umsetzung dieser Idee. Die Projektgruppe besteht aus Vertreter*innen der Lesbenorganisation Schweiz, HAZ \u2013 Queer Z\u00fcrich, Pink Cross, queerAltern und der Christkatholischen Gemeinde Z\u00fcrich.<\/p>\n<p>Zum Projekt geh\u00f6rt auch eine Website, die einen Leitfaden f\u00fcr den Todesfall bereitstellt sowie den Zugang zu queerfreundlichen Dienstleistungen erm\u00f6glicht. Ausserdem sollen auf der Homepage, sofern gew\u00fcnscht, die Biografien der Verstorbenen aus der LGBTIQ-Community sichtbar sein.<\/p>\n<p>Dass das Regenbogen-Grabfeld ein wahres Bed\u00fcrfnis von queeren Menschen ist und nicht einfach ein morbider Weg f\u00fcr mehr Sichtbarkeit, konnte man im vergangenen Mai an einer Diskussion im Rahmen des queeren <a href=\"https:\/\/mannschaft.com\/liebe-im-rugby-schlamm-das-pink-apple-festival-2023-wird-sportlich\/\" target=\"_blank\" rel=\"noopener\">Filmfestivals Pink Apple<\/a> erleben: Wie Barbara berichtet, h\u00e4tten sich zahlreiche Personen sehr interessiert gezeigt und nach dem Anlass mit ihr dar\u00fcber gesprochen. \u00abSie haben die Hoffnung, dass sie nun einen Ort erhalten, wo sie sich zugeh\u00f6rig f\u00fchlen. Und wo noch andere Menschen, die eine \u00e4hnliche Biografie haben, mit ihnen trauern\u00bb, sagt Barbara gegen\u00fcber MANNSCHAFT.<\/p>\n<figure id=\"attachment_171405\" aria-describedby=\"caption-attachment-171405\" style=\"width: 1280px\" class=\"wp-caption alignnone\"><a href=\"https:\/\/mannschaft.com\/bimber\/wp-content\/uploads\/2023\/06\/thumbnail_qA_queerSalon10_Barbara-Bosshard_\u00a9Sandra-Meier-gestaltungskiosk.ch-3.jpg\"><img data-expand=\"600\" decoding=\"async\" loading=\"lazy\" class=\"lazyload size-full wp-image-171405\" src=\"data:image\/svg+xml;charset=utf-8,%3Csvg xmlns%3D'http%3A%2F%2Fwww.w3.org%2F2000%2Fsvg' viewBox%3D'0 0 1280 853'%2F%3E\" data-src=\"https:\/\/mannschaft.com\/bimber\/wp-content\/uploads\/2023\/06\/thumbnail_qA_queerSalon10_Barbara-Bosshard_\u00a9Sandra-Meier-gestaltungskiosk.ch-3.jpg\" alt=\"Barbara Bosshard queerAltern\" width=\"1280\" height=\"853\" data-srcset=\"https:\/\/alte.mannschaft.lgbt\/bimber\/wp-content\/uploads\/2023\/06\/thumbnail_qA_queerSalon10_Barbara-Bosshard_\u00a9Sandra-Meier-gestaltungskiosk.ch-3.jpg 1280w, https:\/\/alte.mannschaft.lgbt\/bimber\/wp-content\/uploads\/2023\/06\/thumbnail_qA_queerSalon10_Barbara-Bosshard_\u00a9Sandra-Meier-gestaltungskiosk.ch-3-300x200.jpg 300w, https:\/\/alte.mannschaft.lgbt\/bimber\/wp-content\/uploads\/2023\/06\/thumbnail_qA_queerSalon10_Barbara-Bosshard_\u00a9Sandra-Meier-gestaltungskiosk.ch-3-425x283.jpg 425w, https:\/\/alte.mannschaft.lgbt\/bimber\/wp-content\/uploads\/2023\/06\/thumbnail_qA_queerSalon10_Barbara-Bosshard_\u00a9Sandra-Meier-gestaltungskiosk.ch-3-768x512.jpg 768w, https:\/\/alte.mannschaft.lgbt\/bimber\/wp-content\/uploads\/2023\/06\/thumbnail_qA_queerSalon10_Barbara-Bosshard_\u00a9Sandra-Meier-gestaltungskiosk.ch-3-180x120.jpg 180w, https:\/\/alte.mannschaft.lgbt\/bimber\/wp-content\/uploads\/2023\/06\/thumbnail_qA_queerSalon10_Barbara-Bosshard_\u00a9Sandra-Meier-gestaltungskiosk.ch-3-561x374.jpg 561w, https:\/\/alte.mannschaft.lgbt\/bimber\/wp-content\/uploads\/2023\/06\/thumbnail_qA_queerSalon10_Barbara-Bosshard_\u00a9Sandra-Meier-gestaltungskiosk.ch-3-1122x748.jpg 1122w, https:\/\/alte.mannschaft.lgbt\/bimber\/wp-content\/uploads\/2023\/06\/thumbnail_qA_queerSalon10_Barbara-Bosshard_\u00a9Sandra-Meier-gestaltungskiosk.ch-3-265x177.jpg 265w, https:\/\/alte.mannschaft.lgbt\/bimber\/wp-content\/uploads\/2023\/06\/thumbnail_qA_queerSalon10_Barbara-Bosshard_\u00a9Sandra-Meier-gestaltungskiosk.ch-3-531x354.jpg 531w, https:\/\/alte.mannschaft.lgbt\/bimber\/wp-content\/uploads\/2023\/06\/thumbnail_qA_queerSalon10_Barbara-Bosshard_\u00a9Sandra-Meier-gestaltungskiosk.ch-3-364x243.jpg 364w, https:\/\/alte.mannschaft.lgbt\/bimber\/wp-content\/uploads\/2023\/06\/thumbnail_qA_queerSalon10_Barbara-Bosshard_\u00a9Sandra-Meier-gestaltungskiosk.ch-3-728x485.jpg 728w, https:\/\/alte.mannschaft.lgbt\/bimber\/wp-content\/uploads\/2023\/06\/thumbnail_qA_queerSalon10_Barbara-Bosshard_\u00a9Sandra-Meier-gestaltungskiosk.ch-3-608x405.jpg 608w, https:\/\/alte.mannschaft.lgbt\/bimber\/wp-content\/uploads\/2023\/06\/thumbnail_qA_queerSalon10_Barbara-Bosshard_\u00a9Sandra-Meier-gestaltungskiosk.ch-3-758x505.jpg 758w, https:\/\/alte.mannschaft.lgbt\/bimber\/wp-content\/uploads\/2023\/06\/thumbnail_qA_queerSalon10_Barbara-Bosshard_\u00a9Sandra-Meier-gestaltungskiosk.ch-3-1152x768.jpg 1152w, https:\/\/alte.mannschaft.lgbt\/bimber\/wp-content\/uploads\/2023\/06\/thumbnail_qA_queerSalon10_Barbara-Bosshard_\u00a9Sandra-Meier-gestaltungskiosk.ch-3-72x48.jpg 72w, https:\/\/alte.mannschaft.lgbt\/bimber\/wp-content\/uploads\/2023\/06\/thumbnail_qA_queerSalon10_Barbara-Bosshard_\u00a9Sandra-Meier-gestaltungskiosk.ch-3-144x96.jpg 144w, https:\/\/alte.mannschaft.lgbt\/bimber\/wp-content\/uploads\/2023\/06\/thumbnail_qA_queerSalon10_Barbara-Bosshard_\u00a9Sandra-Meier-gestaltungskiosk.ch-3-400x267.jpg 400w\" data-sizes=\"(max-width: 1280px) 100vw, 1280px\" \/><\/a><figcaption id=\"caption-attachment-171405\" class=\"wp-caption-text\">Barbara Bosshard (Foto: Sandra Meier)<\/figcaption><\/figure>\n<p><strong>Omnipr\u00e4senter Regenbogen<\/strong><br \/>\nDer <a href=\"https:\/\/mannschaft.com\/tag\/Regenbogen\" target=\"_blank\" rel=\"noopener\">Regenbogen<\/a> wird in vielerlei Hinsicht auf dem Themengrabfeld pr\u00e4sent sein. Grabplatten sollen mit den Farben dieses symboltr\u00e4chtigen Himmelsbogens ausgeschm\u00fcckt werden.<\/p>\n<p>Das Bestattungs- und Friedhofsamt ist daf\u00fcr besorgt, dass die G\u00e4rtner*innen das Themengrabfeld so bepflanzen, dass rund ums Jahr etwas am Bl\u00fchen ist und f\u00fcr Farbtupfer sorgt. Ebenso werden ab n\u00e4chsten Herbst Regenbogen-Windr\u00e4der an diesem Ort der Vielfalt zu sehen sein.<\/p>\n<p><strong>Kein exklusiver Klub<\/strong><br \/>\nBarbara betont, dass diese Gr\u00e4ber jedoch nicht ausschliesslich f\u00fcr queere Menschen reserviert seien. Die Bevorzugung einer bestimmten Bev\u00f6lkerungsgruppe w\u00fcrde ohnehin nicht dem st\u00e4dtischen Reglement entsprechen.<\/p>\n<p>Die Symbolik des Regenbogens spielt auch f\u00fcr gewisse spirituelle Gemeinschaften sowie f\u00fcr die Friedens- und Umweltbewegung eine grosse Rolle. Sie findet sich zudem in Selbsthilfe-Initiativen f\u00fcr Eltern, die ihr Kind verloren haben (sogenannte Regenbogen-Vereine). All diesen Menschen steht das Grabfeld offen, zumal ja der Regenbogen ganz allgemein f\u00fcr Vielfalt und Inklusion steht.<\/p>\n<p>Auf dem Themengrabfeld k\u00f6nnen Stadtz\u00fcrcher*innen wie auch Ausw\u00e4rtige ihre letzte Ruhe finden. Die Miete f\u00fcr total 20 Jahre kostet f\u00fcr Z\u00fcrcher*innen 2\u2019000 und Ausw\u00e4rtige 2&#8217;450 Franken.<\/p>\n<p><strong>Spenden gesucht<\/strong><br \/>\nDie Landschaftsgestaltung auf dem Friedhof Sihlfeld ist momentan noch voll im Gang. In einer ersten Phase sind 30 Urnengr\u00e4ber geplant. Im Ganzen sind 120 vorgesehen \u2013 es h\u00e4tte aber noch Platz f\u00fcr mehr.<\/p>\n<p>Auch noch nicht fertig ist die Website der Arbeitsgruppe. <a href=\"https:\/\/www.regenbogen-ruhe.ch\/11355765\/grabfeld\" target=\"_blank\" rel=\"noopener\">Hier geht\u2019s zum aktuellen Onlineauftritt<\/a> des Projekts. Um unter anderem die richtige Internetseite mit dem geplanten Angebot umsetzen zu k\u00f6nnen, ben\u00f6tigt die Arbeitsgruppe finanzielle Unterst\u00fctzung. Wenn du das Projekt supporten willst, kannst du <a href=\"https:\/\/www.haz.ch\/spenden\/\" target=\"_blank\" rel=\"noopener\">\u00fcber diesen Link<\/a> der HAZ eine Spende schicken und in den Bemerkungen erw\u00e4hnen, dass sie f\u00fcr die Arbeitsgruppe des Themengrabfeldes bestimmt sei.<\/p>\n<p><strong>Gerade im Pride-Monat Juni erstrahlt der Regenbogen als Symbol f\u00fcr die LGBTIQ-Gemeinschaft in besonderem Glanz. Im Rainbow-Shop von Simon und Thomas kannst du dich zu diesem Anlass mit hunderten unterschiedlichen Regenbogen-Artikeln eindecken (<\/strong><a href=\"https:\/\/mannschaft.com\/lieblingsfarbe-bunt-hochsaison-im-rainbowshop-von-simon-und-thomas\/\" target=\"_blank\" rel=\"noopener\"><strong>MANNSCHAFT berichtete<\/strong><\/a><strong>). Ein Dorn im Auge ist das Symbol hingegen den Beh\u00f6rden in Malaysia: Sie beschlagnahmten 164 Uhren aus der Pride-Kollektion von Swatch (<\/strong><a href=\"https:\/\/mannschaft.com\/regenbogen-razzia-in-malaysia-pride-uhren-von-swatch-beschlagnahmt\/\" target=\"_blank\" rel=\"noopener\"><strong>MANNSCHAFT berichtete<\/strong><\/a><strong>).<\/strong><\/p>\n","protected":false},"excerpt":{"rendered":"<p>Auf dem gr\u00f6ssten Friedhof Z\u00fcrichs entsteht ein Grabfeld, das unter anderem f\u00fcr queere Menschen vorgesehen ist. Dieses von zw\u00f6lf LGBTIQ-Organisationen unterst\u00fctzte Projekt st\u00f6sst auf reges Interesse.(MANNSCHAFT+) <a class=\"g1-link g1-link-more\" href=\"https:\/\/alte.mannschaft.lgbt\/bimber\/auch-im-tod-vereint-mit-der-community-zuerich-plant-regenbogen-grabfeld\/\">Weiterlesen<\/a><\/p>\n","protected":false},"author":42,"featured_media":171403,"comment_status":"closed","ping_status":"closed","sticky":false,"template":"","format":"standard","meta":[],"categories":[4371,1340],"tags":[5538,39],"wps_subtitle":"Das neue Themengrabfeld wird im September auf dem Friedhof Sihlfeld eingeweiht","_links":{"self":[{"href":"https:\/\/alte.mannschaft.lgbt\/bimber\/wp-json\/wp\/v2\/posts\/171402"}],"collection":[{"href":"https:\/\/alte.mannschaft.lgbt\/bimber\/wp-json\/wp\/v2\/posts"}],"about":[{"href":"https:\/\/alte.mannschaft.lgbt\/bimber\/wp-json\/wp\/v2\/types\/post"}],"author":[{"embeddable":true,"href":"https:\/\/alte.mannschaft.lgbt\/bimber\/wp-json\/wp\/v2\/users\/42"}],"replies":[{"embeddable":true,"href":"https:\/\/alte.mannschaft.lgbt\/bimber\/wp-json\/wp\/v2\/comments?post=171402"}],"version-history":[{"count":4,"href":"https:\/\/alte.mannschaft.lgbt\/bimber\/wp-json\/wp\/v2\/posts\/171402\/revisions"}],"predecessor-version":[{"id":171410,"href":"https:\/\/alte.mannschaft.lgbt\/bimber\/wp-json\/wp\/v2\/posts\/171402\/revisions\/171410"}],"wp:featuredmedia":[{"embeddable":true,"href":"https:\/\/alte.mannschaft.lgbt\/bimber\/wp-json\/wp\/v2\/media\/171403"}],"wp:attachment":[{"href":"https:\/\/alte.mannschaft.lgbt\/bimber\/wp-json\/wp\/v2\/media?parent=171402"}],"wp:term":[{"taxonomy":"category","embeddable":true,"href":"https:\/\/alte.mannschaft.lgbt\/bimber\/wp-json\/wp\/v2\/categories?post=171402"},{"taxonomy":"post_tag","embeddable":true,"href":"https:\/\/alte.mannschaft.lgbt\/bimber\/wp-json\/wp\/v2\/tags?post=171402"}],"curies":[{"name":"wp","href":"https:\/\/api.w.org\/{rel}","templated":true}]}}