{"id":171382,"date":"2023-06-09T09:05:10","date_gmt":"2023-06-09T07:05:10","guid":{"rendered":"https:\/\/mannschaft.com\/?p=171382"},"modified":"2023-06-12T08:45:07","modified_gmt":"2023-06-12T06:45:07","slug":"150000-menschen-feiern-bei-pride-parade-in-tel-aviv","status":"publish","type":"post","link":"https:\/\/alte.mannschaft.lgbt\/bimber\/150000-menschen-feiern-bei-pride-parade-in-tel-aviv\/","title":{"rendered":"150&#8217;000 Menschen feiern bei Pride Parade in Tel Aviv"},"content":{"rendered":"<h3>Rund 150&#8217;000 Menschen haben laut Stadtverwaltung in der israelischen K\u00fcstenstadt Tel Aviv die diesj\u00e4hrige Pride-Parade gefeiert.<\/h3>\n<p>Mit Regenbogenflaggen und bunten Kost\u00fcmen versammelten sie sich am Donnerstagabend an der Strandpromenade und zogen ausgelassen durch die Strassen. Sie kamen zusammen, um f\u00fcr gleiche Rechte f\u00fcr Lesben, Schwule, Bisexuelle, trans\u00a0 und queere Menschen zu demonstrieren. Die liberale K\u00fcstenmetropole gilt als Hochburg der Szene im Nahen Osten.<\/p>\n<figure id=\"attachment_171384\" aria-describedby=\"caption-attachment-171384\" style=\"width: 976px\" class=\"wp-caption alignnone\"><a href=\"https:\/\/mannschaft.com\/bimber\/wp-content\/uploads\/2023\/06\/Pride_Parade_in_Tel-Aviv-78305030.jpg\"><img data-expand=\"600\" decoding=\"async\" loading=\"lazy\" class=\"lazyload size-full wp-image-171384\" src=\"data:image\/svg+xml;charset=utf-8,%3Csvg xmlns%3D'http%3A%2F%2Fwww.w3.org%2F2000%2Fsvg' viewBox%3D'0 0 976 651'%2F%3E\" data-src=\"https:\/\/mannschaft.com\/bimber\/wp-content\/uploads\/2023\/06\/Pride_Parade_in_Tel-Aviv-78305030.jpg\" alt=\"\" width=\"976\" height=\"651\" data-srcset=\"https:\/\/alte.mannschaft.lgbt\/bimber\/wp-content\/uploads\/2023\/06\/Pride_Parade_in_Tel-Aviv-78305030.jpg 976w, https:\/\/alte.mannschaft.lgbt\/bimber\/wp-content\/uploads\/2023\/06\/Pride_Parade_in_Tel-Aviv-78305030-300x200.jpg 300w, https:\/\/alte.mannschaft.lgbt\/bimber\/wp-content\/uploads\/2023\/06\/Pride_Parade_in_Tel-Aviv-78305030-425x283.jpg 425w, https:\/\/alte.mannschaft.lgbt\/bimber\/wp-content\/uploads\/2023\/06\/Pride_Parade_in_Tel-Aviv-78305030-768x512.jpg 768w, https:\/\/alte.mannschaft.lgbt\/bimber\/wp-content\/uploads\/2023\/06\/Pride_Parade_in_Tel-Aviv-78305030-180x120.jpg 180w, https:\/\/alte.mannschaft.lgbt\/bimber\/wp-content\/uploads\/2023\/06\/Pride_Parade_in_Tel-Aviv-78305030-561x374.jpg 561w, https:\/\/alte.mannschaft.lgbt\/bimber\/wp-content\/uploads\/2023\/06\/Pride_Parade_in_Tel-Aviv-78305030-265x177.jpg 265w, https:\/\/alte.mannschaft.lgbt\/bimber\/wp-content\/uploads\/2023\/06\/Pride_Parade_in_Tel-Aviv-78305030-531x354.jpg 531w, https:\/\/alte.mannschaft.lgbt\/bimber\/wp-content\/uploads\/2023\/06\/Pride_Parade_in_Tel-Aviv-78305030-364x243.jpg 364w, https:\/\/alte.mannschaft.lgbt\/bimber\/wp-content\/uploads\/2023\/06\/Pride_Parade_in_Tel-Aviv-78305030-728x486.jpg 728w, https:\/\/alte.mannschaft.lgbt\/bimber\/wp-content\/uploads\/2023\/06\/Pride_Parade_in_Tel-Aviv-78305030-608x406.jpg 608w, https:\/\/alte.mannschaft.lgbt\/bimber\/wp-content\/uploads\/2023\/06\/Pride_Parade_in_Tel-Aviv-78305030-758x506.jpg 758w, https:\/\/alte.mannschaft.lgbt\/bimber\/wp-content\/uploads\/2023\/06\/Pride_Parade_in_Tel-Aviv-78305030-72x48.jpg 72w, https:\/\/alte.mannschaft.lgbt\/bimber\/wp-content\/uploads\/2023\/06\/Pride_Parade_in_Tel-Aviv-78305030-144x96.jpg 144w, https:\/\/alte.mannschaft.lgbt\/bimber\/wp-content\/uploads\/2023\/06\/Pride_Parade_in_Tel-Aviv-78305030-400x267.jpg 400w\" data-sizes=\"(max-width: 976px) 100vw, 976px\" \/><\/a><figcaption id=\"caption-attachment-171384\" class=\"wp-caption-text\">Pride in Tel Aviv (Foto: Ilia Yefimovich\/dpa)<\/figcaption><\/figure>\n<p>Die Abschlussfeier ist in diesem Jahr erst einen Tag nach der Parade am Freitag geplant. Bei dem Konzert im Stadtpark werden erneut Zehntausende Menschen erwartet.<\/p>\n<p>Die Pride-Feiern finden in diesem Jahr vor dem Hintergrund massiver innenpolitischer Spannungen in Israel statt. Seit Monaten spaltet eine von der rechts-religi\u00f6sen Regierung von Ministerpr\u00e4sident Benjamin Netanjahu vorangetriebene Justizreform weite Teile der Gesellschaft.<\/p>\n<p>Die LGBTQ-Gemeinschaft etwa bef\u00fcrchtet durch die geplante Reform eine Verschlechterung ihrer Rechte. Mehrere Minister in der Regierung sind offen homophob <a href=\"https:\/\/mannschaft.com\/sorge-um-lgbtiq-rechte-unter-israels-neuer-ultrarechter-regierung\/\" target=\"_blank\" rel=\"noopener\">(MANNSCHAFT berichtete)<\/a>. Insbesondere die streng-religi\u00f6sen Parteien lehnen Gesetzes\u00e4nderungen zugunsten von nicht heterosexuellen Menschen ab. Sie sehen dies als Verstoss gegen j\u00fcdische religi\u00f6se Gebote an.<\/p>\n<hr \/>\n<p><a href=\"https:\/\/mannschaft.com\/yair-cherki-orthodoxer-israelischer-tv-journalist-outet-sich-als-schwul\/\" target=\"_blank\" rel=\"noopener\"><em>Yair Cherki, orthodoxer israelischer TV-Journalist, outet sich als schwul. Er ist Korrespondent f\u00fcr Religionsangelegenheiten beim Fernsehkanal 12\u00a0<\/em><\/a><\/p>\n<hr \/>\n<p>Es ist die am weitesten rechts stehenden Regierung in der Geschichte Israels. Regelm\u00e4ssig versammeln sich Tausende Menschen, um gegen die geplante Beschneidung des H\u00f6chsten Gerichts zu protestieren. Bem\u00fchungen um einen Kompromiss erzielten bisher keinen Durchbruch.<\/p>\n<p>2015 hatte ein strengreligi\u00f6ser Jude bei der Gay-Pride-Parade in Jerusalem eine 16-J\u00e4hrige erstochen. Ein Gericht verurteilte den M\u00f6rder sp\u00e4ter zu lebenslanger Haft plus 31 Jahre.<\/p>\n","protected":false},"excerpt":{"rendered":"<p>TelAviv \u2013 Rund 150&#8217;000 Menschen haben laut Stadtverwaltung in der israelischen K\u00fcstenstadt die diesj\u00e4hrige Pride Parade gefeiert.  <a class=\"g1-link g1-link-more\" href=\"https:\/\/alte.mannschaft.lgbt\/bimber\/150000-menschen-feiern-bei-pride-parade-in-tel-aviv\/\">Weiterlesen<\/a><\/p>\n","protected":false},"author":1950,"featured_media":171383,"comment_status":"closed","ping_status":"closed","sticky":false,"template":"","format":"standard","meta":[],"categories":[2],"tags":[124,5503],"wps_subtitle":"","_links":{"self":[{"href":"https:\/\/alte.mannschaft.lgbt\/bimber\/wp-json\/wp\/v2\/posts\/171382"}],"collection":[{"href":"https:\/\/alte.mannschaft.lgbt\/bimber\/wp-json\/wp\/v2\/posts"}],"about":[{"href":"https:\/\/alte.mannschaft.lgbt\/bimber\/wp-json\/wp\/v2\/types\/post"}],"author":[{"embeddable":true,"href":"https:\/\/alte.mannschaft.lgbt\/bimber\/wp-json\/wp\/v2\/users\/1950"}],"replies":[{"embeddable":true,"href":"https:\/\/alte.mannschaft.lgbt\/bimber\/wp-json\/wp\/v2\/comments?post=171382"}],"version-history":[{"count":5,"href":"https:\/\/alte.mannschaft.lgbt\/bimber\/wp-json\/wp\/v2\/posts\/171382\/revisions"}],"predecessor-version":[{"id":171389,"href":"https:\/\/alte.mannschaft.lgbt\/bimber\/wp-json\/wp\/v2\/posts\/171382\/revisions\/171389"}],"wp:featuredmedia":[{"embeddable":true,"href":"https:\/\/alte.mannschaft.lgbt\/bimber\/wp-json\/wp\/v2\/media\/171383"}],"wp:attachment":[{"href":"https:\/\/alte.mannschaft.lgbt\/bimber\/wp-json\/wp\/v2\/media?parent=171382"}],"wp:term":[{"taxonomy":"category","embeddable":true,"href":"https:\/\/alte.mannschaft.lgbt\/bimber\/wp-json\/wp\/v2\/categories?post=171382"},{"taxonomy":"post_tag","embeddable":true,"href":"https:\/\/alte.mannschaft.lgbt\/bimber\/wp-json\/wp\/v2\/tags?post=171382"}],"curies":[{"name":"wp","href":"https:\/\/api.w.org\/{rel}","templated":true}]}}