{"id":170940,"date":"2023-06-03T14:12:02","date_gmt":"2023-06-03T12:12:02","guid":{"rendered":"https:\/\/mannschaft.com\/?p=170940"},"modified":"2023-06-07T11:57:29","modified_gmt":"2023-06-07T09:57:29","slug":"baselland-erweitert-auftrag-fuer-fachstelle-teilerfolg-fuer-lgbtiq","status":"publish","type":"post","link":"https:\/\/alte.mannschaft.lgbt\/bimber\/baselland-erweitert-auftrag-fuer-fachstelle-teilerfolg-fuer-lgbtiq\/","title":{"rendered":"Baselland erweitert Auftrag f\u00fcr Fachstelle \u2013 \u00abTeilerfolg\u00bb f\u00fcr LGBTIQ"},"content":{"rendered":"<h3>Die Fachstelle f\u00fcr Gleichstellung Baselland wird sich neu auch um Anliegen von LGBTIQ-Personen k\u00fcmmern. Zus\u00e4tzliches Geld gibt&#8217;s aber nicht. Landr\u00e4tin Miriam Locher (SP) spricht von einem \u00abTeilerfolg\u00bb.<\/h3>\n<p>In ihrer Motion forderte Landr\u00e4tin Miriam Locher von der SP Anfang 2021, die Aufgabenbereiche der Fachstelle f\u00fcr Gleichstellung Baselland um die sexuelle Orientierung zu erg\u00e4nzen. Zus\u00e4tzlich sollten die daf\u00fcr n\u00f6tigen Stellenprozente f\u00fcr eine LGBTIQ-Anlaufstelle bereitgestellt werden.<\/p>\n<p><strong>Keine eigene Fachstelle<\/strong><br \/>\nEine Erhebung der Fachstelle Gleichstellung bei Fachpersonen von Organisationen wie der Aids Hilfe und <a href=\"https:\/\/mannschaft.com\/50-jahre-habs-queer-basel-am-anfang-war-ein-film\/\" target=\"_blank\" rel=\"noopener\">habs queer Basel<\/a> hatte daraufhin Handlungsbedarf aufgezeigt. Dies betrifft besonders die Themenfelder Bildung und Jugend, Gesundheit, Diskriminierungsschutz sowie Beratung und Finanzierung.<\/p>\n<p>Diese Woche wurde das Gesch\u00e4ft nun mit dem <a href=\"https:\/\/www.baselland.ch\/politik-und-behorden\/landrat-parlament\/geschafte\/geschaefte-ab-juli-2015?i=https%3A\/\/baselland.talus.ch\/de\/politik\/cdws\/geschaeft.php%3Fgid%3D551ba4f6cb5143e5a581ecc165025e88\" target=\"_blank\" rel=\"noopener\">Bericht der Finanzkommission abgeschlossen<\/a>. Der Regierungsrat war zuvor zum Schluss gekommen, dass die LGBTIQ-Thematik im Kanton Basel-Landschaft aufgenommen werden muss. Eine eigene Fachstelle und zus\u00e4tzliche finanzielle Mittel wird es jedoch nicht geben.<\/p>\n<p><strong>\u00abDas reicht nicht aus\u00bb<\/strong><br \/>\nWie der Bericht der Finanzkommission andeutet, k\u00f6nnte sich dies aber vielleicht in Zukunft \u00e4ndern: Noch sei unklar, welche L\u00fccken die Fachstelle schliessen werde, welche ihrer T\u00e4tigkeiten zur Verbesserung im LGBTIQ-Bereich beitragen k\u00f6nnten und wie viele Anfragen an sie gelangen werden. Sobald Handlungsbedarf bestehe, weil der Umfang der neuen Aufgabe auf Kosten der bisherigen Gleichstellungsarbeit gehe, werde man jedoch reagieren. \u00dcber die T\u00e4tigkeiten der Fachstelle im LGBTIQ-Bereich soll daher jeweils im Jahresbericht ausf\u00fchrlich informiert werden.<\/p>\n<p>Gegen\u00fcber der <em>Basler Zeitung<\/em> zeigte sich Miriam Locher erfreut dar\u00fcber, dass die Thematik in ihrem b\u00fcrgerlich gepr\u00e4gten Halbkanton Anklang findet.\u00a0Sie werde jedoch dranbleiben m\u00fcssen. \u00abJetzt sind die Sinne gesch\u00e4rft, der erste Schritt ist getan. Das reicht aber nicht aus\u00bb, sagt die SP-Landr\u00e4tin. F\u00fcr sie sei das Resultat zumindest ein \u00abTeilerfolg\u00bb.<\/p>\n<p><strong>Basel-Stadt ist weiter<\/strong><br \/>\nDer Stadtkanton ist hingegen schon um einiges weiter: Dort plant man das neue Gleichstellungsgesetz auf sexuelle Orientierung sowie Geschlechtsmerkmale und Geschlechtsidentit\u00e4t zu erweitern (<a href=\"https:\/\/mannschaft.com\/mehr-gleichstellung-fuer-lgbtiq-in-basel-stadt-geplant\/\" target=\"_blank\" rel=\"noopener\">MANNSCHAFT berichtete<\/a>). Das w\u00e4re ein absolutes Novum in der Schweiz. Zugleich m\u00f6chte die Regierung die Abteilung Gleichstellung um eine 50-Prozent-Stelle zugunsten der LGBTIQ-Interessen erweitern und daf\u00fcr j\u00e4hrlich 83\u2019000 Franken zur Verf\u00fcgung stellen.<\/p>\n<p>\u00abDas Gleichstellungsgesetz Basel-Stadt schafft die Grundlage f\u00fcr eine umfassende, progressive Gleichstellungspolitik, die ihren feministischen Urspr\u00fcngen treu bleibt und diese sinnvoll um queere Anliegen erweitert\u00bb, sagte damals Alessandra Widmer, Co-Gesch\u00e4ftsleiterin der Lesbenorganisation Schweiz.<\/p>\n<p>2021 hatte der Grosse Rat von Basel-Stadt zudem eine Motion zum Verbot von \u00abKonversionstherapien\u00bb bef\u00fcrwortet (<a href=\"https:\/\/mannschaft.com\/parlament-von-basel-stadt-will-verbot-von-konversionstherapien\/\" target=\"_blank\" rel=\"noopener\">MANNSCHAFT berichtete<\/a>).<\/p>\n","protected":false},"excerpt":{"rendered":"<p>Die Fachstelle f\u00fcr Gleichstellung Baselland wird sich neu auch um Anliegen von LGBTIQ-Personen k\u00fcmmern. Zus\u00e4tzliches Geld gibts aber nicht. Landr\u00e4tin Miriam Locher (SP) spricht von einem \u00abTeilerfolg\u00bb. <a class=\"g1-link g1-link-more\" href=\"https:\/\/alte.mannschaft.lgbt\/bimber\/baselland-erweitert-auftrag-fuer-fachstelle-teilerfolg-fuer-lgbtiq\/\">Weiterlesen<\/a><\/p>\n","protected":false},"author":42,"featured_media":156534,"comment_status":"closed","ping_status":"closed","sticky":false,"template":"","format":"standard","meta":[],"categories":[1340],"tags":[473,5459,5544],"wps_subtitle":"Eine eigene Anlaufstelle f\u00fcr queere Menschen wird jedoch nicht gegr\u00fcndet","_links":{"self":[{"href":"https:\/\/alte.mannschaft.lgbt\/bimber\/wp-json\/wp\/v2\/posts\/170940"}],"collection":[{"href":"https:\/\/alte.mannschaft.lgbt\/bimber\/wp-json\/wp\/v2\/posts"}],"about":[{"href":"https:\/\/alte.mannschaft.lgbt\/bimber\/wp-json\/wp\/v2\/types\/post"}],"author":[{"embeddable":true,"href":"https:\/\/alte.mannschaft.lgbt\/bimber\/wp-json\/wp\/v2\/users\/42"}],"replies":[{"embeddable":true,"href":"https:\/\/alte.mannschaft.lgbt\/bimber\/wp-json\/wp\/v2\/comments?post=170940"}],"version-history":[{"count":3,"href":"https:\/\/alte.mannschaft.lgbt\/bimber\/wp-json\/wp\/v2\/posts\/170940\/revisions"}],"predecessor-version":[{"id":171254,"href":"https:\/\/alte.mannschaft.lgbt\/bimber\/wp-json\/wp\/v2\/posts\/170940\/revisions\/171254"}],"wp:featuredmedia":[{"embeddable":true,"href":"https:\/\/alte.mannschaft.lgbt\/bimber\/wp-json\/wp\/v2\/media\/156534"}],"wp:attachment":[{"href":"https:\/\/alte.mannschaft.lgbt\/bimber\/wp-json\/wp\/v2\/media?parent=170940"}],"wp:term":[{"taxonomy":"category","embeddable":true,"href":"https:\/\/alte.mannschaft.lgbt\/bimber\/wp-json\/wp\/v2\/categories?post=170940"},{"taxonomy":"post_tag","embeddable":true,"href":"https:\/\/alte.mannschaft.lgbt\/bimber\/wp-json\/wp\/v2\/tags?post=170940"}],"curies":[{"name":"wp","href":"https:\/\/api.w.org\/{rel}","templated":true}]}}