{"id":169725,"date":"2023-05-18T09:49:44","date_gmt":"2023-05-18T07:49:44","guid":{"rendered":"https:\/\/mannschaft.com\/?p=169725"},"modified":"2023-05-19T12:22:41","modified_gmt":"2023-05-19T10:22:41","slug":"ausgepfiffen-keine-rede-von-afd-politikerin-am-idahobit","status":"publish","type":"post","link":"https:\/\/alte.mannschaft.lgbt\/bimber\/ausgepfiffen-keine-rede-von-afd-politikerin-am-idahobit\/","title":{"rendered":"Ausgepfiffen: Keine Rede von AfD-Politikerin am IDAHOBIT"},"content":{"rendered":"<h3>Am Internationalen Tag gegen Homo-, Bi-, Inter- und Transphobie treten Politiker f\u00fcr Gleichstellung und gegen Diskriminierung ein. Im Landtag war die Veranstaltung diesmal von Protesten gepr\u00e4gt, weil die AfD-Politikerin Bessin sprechen sollte. Doch daraus wurde nichts.<\/h3>\n<p>Von Monika Wendel, dpa<\/p>\n<p>Am Tag gegen Homophobie haben queere Menschen im Innenhof des Landtags in Potsdam gegen die angek\u00fcndigte Rede der <a href=\"https:\/\/mannschaft.com\/afd-jugend-als-rechtsextremistische-bestrebung-eingestuft\/\" target=\"_blank\" rel=\"noopener\">AfD<\/a>-Landtagsabgeordneten Birgit Bessin protestiert. Sie pfiffen die stellvertretende Fraktionsvorsitzende der rechten Partei am Mittag in Potsdam etwa f\u00fcnf Minuten lang aus &#8211; so lange h\u00e4tte die Redezeit Bessins sein sollen.<\/p>\n<p>Bereits zuvor gab es breiten Protest vom Lesben- und Schwulenverband und Landtagsfraktionen, weil Bessin zum Hissen der Regenbogenfahne das Recht bekam, eine Rede zu halten <a href=\"https:\/\/mannschaft.com\/protest-gegen-afd-chefin-birgit-bessin-beim-idahobit\/\" target=\"_blank\" rel=\"noopener\">(MANNSCHAFT berichtete)<\/a>. Sie sei eine Vertreterin einer Partei, die gegen Minderheiten hetze, hie\u00df es unter anderem. Rund 120 Menschen waren mit Fahnen und Plakaten gekommen, um beim Hissen der Regenbogenfahne dabei zu sein.<\/p>\n<p>Der Landtag w\u00fcrdigt damit jedes Jahr den Internationalen Tag gegen Homo-, Bi, Inter- und Transphobie. Nach Angaben des Parlaments hatten sich die Fraktionen darauf geeinigt, dass zu Gedenktagen reihum Redner entsandt werden k\u00f6nnen. In diesem Fall war Bessin an der Reihe, die auch stellvertretende Fraktionsvorsitzende der AfD im Landtag ist. Angesichts breiter Kritik daran gab es Forderungen, diese Regelungen zur Festlegung von Rednern zu \u00fcberdenken.<\/p>\n<figure id=\"attachment_169730\" aria-describedby=\"caption-attachment-169730\" style=\"width: 1016px\" class=\"wp-caption alignnone\"><a href=\"https:\/\/mannschaft.com\/bimber\/wp-content\/uploads\/2023\/05\/Internationaler_Tag_780606061.jpg\"><img data-expand=\"600\" decoding=\"async\" loading=\"lazy\" class=\"lazyload size-full wp-image-169730\" src=\"data:image\/svg+xml;charset=utf-8,%3Csvg xmlns%3D'http%3A%2F%2Fwww.w3.org%2F2000%2Fsvg' viewBox%3D'0 0 1016 762'%2F%3E\" data-src=\"https:\/\/mannschaft.com\/bimber\/wp-content\/uploads\/2023\/05\/Internationaler_Tag_780606061.jpg\" alt=\"\" width=\"1016\" height=\"762\" \/><\/a><figcaption id=\"caption-attachment-169730\" class=\"wp-caption-text\">17.05.2023: IDAHOBIT in Potsdam (Foto: Monika Wendel\/dpa)<\/figcaption><\/figure>\n<p>W\u00e4hrend des Minuten langen Protests mit Trillerpfeifen, \u00abHau ab\u00bb-Rufen und dem Popsong \u00abYMCA\u00bb blieb Bessin, die frauenpolitische Sprecherin ihrer Fraktion ist, am Mikrofon im Innenhof des Landtages stehen. \u00abWill jemand mal wieder f\u00fcr Ordnung sorgen?\u00bb, meinte sie kurz. Landtagspr\u00e4sidentin Ulrike Liedtke (SPD) sagte dann, die Redezeit von f\u00fcnf Minuten sei beendet. Die Veranstaltung ging &#8211; ohne Bessins Rede &#8211; weiter. Der Schwulen- und Lesbenverband Berlin-Brandenburg kritisierte, Bessin habe im Landtag viele queerfeindliche Antr\u00e4ge der AfD im Landtag vertreten.<\/p>\n<p>Landtagspr\u00e4sident Liedtke sagte: \u00abIch habe als Pr\u00e4sidentin des Landtags Brandenburg die Aufgabe, alle Abgeordneten gleich zu behandeln. (&#8230;) Die entsprechende frauenpolitische Sprecherin hat die M\u00f6glichkeit gehabt, zu sprechen. Und es gab ein Pfeifkonzert, man wollte sie nicht h\u00f6ren.\u00bb Bessin selber habe die M\u00f6glichkeit gehabt, \u00abdie G\u00e4ste zu \u00fcberzeugen von ihrer Rede\u00bb.<\/p>\n<p>Der Fraktionsvorsitzende der Linken, Sebastian Walter, bezeichnete den Protest als ein \u00abwichtiges Signal der Zivilgesellschaft\u00bb. Die CDU-Abgeordnete und gleichstellungspolitische Sprecherin, Kristy Augustin, sagte an die Adresse Bessins, es w\u00e4re aufrichtig gewesen, nicht an dieser Veranstaltung teilzunehmen und eine Rede halten zu wollen.<\/p>\n<hr \/>\n<p><a href=\"https:\/\/mannschaft.com\/afd-schwul-15-gute-gruende-sie-nicht-zu-waehlen\/\" target=\"_blank\" rel=\"noopener\"><em>15 gute Gr\u00fcnde, nicht die AfD zu w\u00e4hlen\u00a0<\/em><\/a><\/p>\n<hr \/>\n<p>Die AfD-Abgeordnete Bessin kritisierte dagegen, dass die Landtagspr\u00e4sidentin nicht versucht habe, einzugreifen und den Protest einzud\u00e4mmen. \u00abDas ist eine Entscheidung der Landtagspr\u00e4sidentin. Ich glaube, da hat sie sich eher selbst mit l\u00e4cherlich gemacht als uns geschadet.\u00bb In einem eigenen Facebook-Beitrag Bessins hiess es auch: \u00abSo geht Ausgrenzung im Landtag &#8230; Und wird heute sogar geduldet\u00bb.<\/p>\n<blockquote><p>Die Regenbogenfahne im Innenhof des Landtages \u2013 ein festliches, fr\u00f6hliches Zeichen der Ermutigung und Zuversicht, ein Zeichen f\u00fcr Vielfalt und Toleranz.<\/p><\/blockquote>\n<p>Das eigentliche Hissen der Regenbogenfahne war dann gar nicht so leicht: Als Gesundheits- und Gleichstellungsministerin Ursula Nonnemacher (Gr\u00fcne), die selber ein Regenbogentuch um den Hals trug, und die Landtagspr\u00e4sidentin die Fahne mit viel Kraft in die H\u00f6he ziehen wollten, schien es am Mast zu klemmen. Erst nach etlichen Versuchen gelang das Hissen dann doch.<\/p>\n<p>Landtagspr\u00e4sidentin Liedtke sagte in ihrer Rede: \u00abDie Regenbogenfahne im Innenhof des Landtages \u2013 das ist ein festliches, fr\u00f6hliches Zeichen der Ermutigung und Zuversicht, ein Zeichen f\u00fcr Vielfalt und Toleranz.\u00bb Sie forderte ein Eintreten f\u00fcr die Gleichstellung aller Menschen unabh\u00e4ngig von ihrer sexuellen Orientierung. Der Tag erinnere darin, dass ein diskriminierungsfreies Leben f\u00fcr alle Menschen noch immer keine Selbstverst\u00e4ndlichkeit sei, sagte Nonnemacher. \u00abEs gilt, gemeinsam und entschlossen einzustehen f\u00fcr demokratische Grundwerte \u2013 nicht nur am heutigen Tag.\u00bb<\/p>\n","protected":false},"excerpt":{"rendered":"<p>Am IDAHOBIT gestern traten Politiker*innen f. Gleichstellung u. gg Diskriminierung ein. Im Landtag von Potsdam war dies von Protesten gepr\u00e4gt, weil AfD-Politikerin Bessin sprechen sollte. Doch daraus wurde nichts.  <a class=\"g1-link g1-link-more\" href=\"https:\/\/alte.mannschaft.lgbt\/bimber\/ausgepfiffen-keine-rede-von-afd-politikerin-am-idahobit\/\">Weiterlesen<\/a><\/p>\n","protected":false},"author":1950,"featured_media":169726,"comment_status":"closed","ping_status":"closed","sticky":false,"template":"","format":"standard","meta":[],"categories":[3],"tags":[5538,5507,5544],"wps_subtitle":"","_links":{"self":[{"href":"https:\/\/alte.mannschaft.lgbt\/bimber\/wp-json\/wp\/v2\/posts\/169725"}],"collection":[{"href":"https:\/\/alte.mannschaft.lgbt\/bimber\/wp-json\/wp\/v2\/posts"}],"about":[{"href":"https:\/\/alte.mannschaft.lgbt\/bimber\/wp-json\/wp\/v2\/types\/post"}],"author":[{"embeddable":true,"href":"https:\/\/alte.mannschaft.lgbt\/bimber\/wp-json\/wp\/v2\/users\/1950"}],"replies":[{"embeddable":true,"href":"https:\/\/alte.mannschaft.lgbt\/bimber\/wp-json\/wp\/v2\/comments?post=169725"}],"version-history":[{"count":7,"href":"https:\/\/alte.mannschaft.lgbt\/bimber\/wp-json\/wp\/v2\/posts\/169725\/revisions"}],"predecessor-version":[{"id":169734,"href":"https:\/\/alte.mannschaft.lgbt\/bimber\/wp-json\/wp\/v2\/posts\/169725\/revisions\/169734"}],"wp:featuredmedia":[{"embeddable":true,"href":"https:\/\/alte.mannschaft.lgbt\/bimber\/wp-json\/wp\/v2\/media\/169726"}],"wp:attachment":[{"href":"https:\/\/alte.mannschaft.lgbt\/bimber\/wp-json\/wp\/v2\/media?parent=169725"}],"wp:term":[{"taxonomy":"category","embeddable":true,"href":"https:\/\/alte.mannschaft.lgbt\/bimber\/wp-json\/wp\/v2\/categories?post=169725"},{"taxonomy":"post_tag","embeddable":true,"href":"https:\/\/alte.mannschaft.lgbt\/bimber\/wp-json\/wp\/v2\/tags?post=169725"}],"curies":[{"name":"wp","href":"https:\/\/api.w.org\/{rel}","templated":true}]}}