{"id":169611,"date":"2023-05-17T09:09:43","date_gmt":"2023-05-17T07:09:43","guid":{"rendered":"https:\/\/mannschaft.com\/?p=169611"},"modified":"2023-05-17T23:20:51","modified_gmt":"2023-05-17T21:20:51","slug":"premiere-vor-nrw-landtag-weht-die-regenbogenflagge","status":"publish","type":"post","link":"https:\/\/alte.mannschaft.lgbt\/bimber\/premiere-vor-nrw-landtag-weht-die-regenbogenflagge\/","title":{"rendered":"Premieren: Regenbogen&shy;flaggen in NRW und Rheinland-Pfalz"},"content":{"rendered":"<h3>Vor dem nordrhein-westf\u00e4lischen Landtag in D\u00fcsseldorf soll an diesem Mittwoch erstmals die Regenbogenflagge gehisst werden. Anlass ist der Internationale Tag gegen Homo-, Bi-, Inter- und Transphobie.<\/h3>\n<p>\u00abNordrhein-Westfalen ist weltoffen und tolerant. Mit der bunten Regenbogenflagge sprechen wir uns gegen jegliche Form der Diskriminierung und Ausgrenzung aus\u00bb, sagte der Pr\u00e4sident des Landtags, Andr\u00e9 Kuper, der <em>Rheinischen Post<\/em> (Mittwoch).<\/p>\n<hr \/>\n<p><a href=\"https:\/\/mannschaft.com\/protest-gegen-afd-chefin-birgit-bessin-beim-idahobit\/\" target=\"_blank\" rel=\"noopener\"><em>Protest gegen Brandenburger AfD-Landeschefin Birgit Bessin: Sie soll beim IDAHOBIT reden<\/em><\/a><\/p>\n<hr \/>\n<p>Dem Zeitungsbericht zufolge hat das Pr\u00e4sidium des Landtags beschlossen, dass die Regenbogenflagge k\u00fcnftig immer zu bestimmten Anl\u00e4ssen gehisst wird &#8211; in Kombination mit den Flaggen der Europ\u00e4ischen Union, des Bundes und des Landes. Dazu sollen auch die Tage der Christopher-Street-Day-Parade in der Landeshauptstadt geh\u00f6ren.<\/p>\n<p>Andere Bundesl\u00e4nder verfahren \u00e4hnlich. So sollten an den Geb\u00e4uden der Polizei in Rheinland-Pfalz erstmals Regenbogenflaggen gehisst werden. Die Fahnen wehten an den Hauptgeb\u00e4uden der Polizeipr\u00e4sidien, des Landeskriminalamtes sowie an der Hochschule der Polizei Rheinland-Pfalz, wie das Innenministerium mitteilte.<\/p>\n<p>Auch Innenminister Michael Ebling (SPD) hisste am Mittwoch die Regenbogenflagge am Landespolizeipr\u00e4sidium Mainz. \u00abVielfalt zu sehen und zu achten ist ein Gewinn f\u00fcr unsere demokratische Gesellschaft und ein Kerngedanke unseres Grundgesetzes\u00bb, sagte der SPD-Politiker. Leider spielten die sexuelle Orientierung oder die Geschlechtsidentit\u00e4t heutzutage noch viel zu oft eine Rolle. Die Fahnen am diesem Tag zu hissen, sei daher ein besonderes Zeichen der Unterst\u00fctzung.<\/p>\n<p>Diskriminierung und \u00dcbergriffe sind laut Ebling keine Seltenheit: \u00abHeutzutage werden leider immer noch viel zu viele Straftaten mit homo-, bi-, inter- und transphobem Hintergrund nicht zur Anzeige gebracht\u00bb. Die Gr\u00fcnde daf\u00fcr seien vielseitig. Unterst\u00fctzung kann laut Ebling die Polizei Rheinland-Pfalz bieten. Wer als Opfer Beratung brauche, k\u00f6nne sich an die dortige Ansprechstelle \u00abAS LSBTI*\u00bb wenden.<\/p>\n<p>Auch am Bundestag in Berlin sollte am Mittwoch die Flagge wehen. Erstmals war dies im vergangenen Jahr im Juli zur Pride der Fall &#8211; die damals verwendete Fahne soll nun sogar ins Deutschen Historische Museum kommen <a href=\"https:\/\/mannschaft.com\/regenbogenflagge-vom-bundestag-kommt-ins-museum\/\" target=\"_blank\" rel=\"noopener\">(MANNSCHAFT berichtete)<\/a>.<\/p>\n<p><strong>Was sonst noch in Deutschland, \u00d6sterreich und der Schweiz zum IDAHOBIT ansteht: <a href=\"https:\/\/mannschaft.com\/rainbowflash-love-walk-und-mehr-events-zum-idahobit-2023\/\" target=\"_blank\" rel=\"noopener\">unsere \u00dcbersicht.<\/a><\/strong><\/p>\n","protected":false},"excerpt":{"rendered":"<p>#IDAHOBIT \u2013 Vor dem #NRW-Landtag in #D\u00fcsseldorf soll heute erstmals die #Regenbogenflagge gehisst werden. Anlass ist der Internationale Tag gegen Homo-, Bi-, Inter- und #Transphobie. <a class=\"g1-link g1-link-more\" href=\"https:\/\/alte.mannschaft.lgbt\/bimber\/premiere-vor-nrw-landtag-weht-die-regenbogenflagge\/\">Weiterlesen<\/a><\/p>\n","protected":false},"author":1950,"featured_media":126195,"comment_status":"closed","ping_status":"closed","sticky":false,"template":"","format":"standard","meta":[],"categories":[3],"tags":[5531,5507,423,780],"wps_subtitle":"\u00abVielfalt ist ein Gewinn f\u00fcr unsere demokratische Gesellschaft\u00bb","_links":{"self":[{"href":"https:\/\/alte.mannschaft.lgbt\/bimber\/wp-json\/wp\/v2\/posts\/169611"}],"collection":[{"href":"https:\/\/alte.mannschaft.lgbt\/bimber\/wp-json\/wp\/v2\/posts"}],"about":[{"href":"https:\/\/alte.mannschaft.lgbt\/bimber\/wp-json\/wp\/v2\/types\/post"}],"author":[{"embeddable":true,"href":"https:\/\/alte.mannschaft.lgbt\/bimber\/wp-json\/wp\/v2\/users\/1950"}],"replies":[{"embeddable":true,"href":"https:\/\/alte.mannschaft.lgbt\/bimber\/wp-json\/wp\/v2\/comments?post=169611"}],"version-history":[{"count":6,"href":"https:\/\/alte.mannschaft.lgbt\/bimber\/wp-json\/wp\/v2\/posts\/169611\/revisions"}],"predecessor-version":[{"id":169713,"href":"https:\/\/alte.mannschaft.lgbt\/bimber\/wp-json\/wp\/v2\/posts\/169611\/revisions\/169713"}],"wp:featuredmedia":[{"embeddable":true,"href":"https:\/\/alte.mannschaft.lgbt\/bimber\/wp-json\/wp\/v2\/media\/126195"}],"wp:attachment":[{"href":"https:\/\/alte.mannschaft.lgbt\/bimber\/wp-json\/wp\/v2\/media?parent=169611"}],"wp:term":[{"taxonomy":"category","embeddable":true,"href":"https:\/\/alte.mannschaft.lgbt\/bimber\/wp-json\/wp\/v2\/categories?post=169611"},{"taxonomy":"post_tag","embeddable":true,"href":"https:\/\/alte.mannschaft.lgbt\/bimber\/wp-json\/wp\/v2\/tags?post=169611"}],"curies":[{"name":"wp","href":"https:\/\/api.w.org\/{rel}","templated":true}]}}