{"id":168959,"date":"2023-05-09T13:59:43","date_gmt":"2023-05-09T11:59:43","guid":{"rendered":"https:\/\/mannschaft.com\/?p=168959"},"modified":"2023-05-10T17:56:14","modified_gmt":"2023-05-10T15:56:14","slug":"nachbesserungen-am-selbstbestimmungsgesetz-gefordert","status":"publish","type":"post","link":"https:\/\/alte.mannschaft.lgbt\/bimber\/nachbesserungen-am-selbstbestimmungsgesetz-gefordert\/","title":{"rendered":"Nach&shy;besserungen am Selbstbestimmungs&shy;gesetz gefordert"},"content":{"rendered":"<h3>Die Bundesregierung ver\u00f6ffentlicht den Entwurf zum Selbstbestimmungsgesetz. Die Pl\u00e4ne f\u00fcr eine leichtere \u00c4nderung von Geschlechtseintrag und Vornamen werden konkreter.<\/h3>\n<p>\u00abMit dem Selbstbestimmungsgesetz f\u00fchren wir eine einfache und einheitliche Regelung f\u00fcr die \u00c4nderung des Geschlechtseintrages ein. So geben wir den Betroffenen einen Teil ihrer W\u00fcrde zur\u00fcck, die ihnen von Staats wegen jahrzehntelang vorenthalten wurde\u00bb, sagte Bundesfamilienministerin Lisa Paus (Gr\u00fcne). Sie ver\u00f6ffentlichte das Papier am Dienstag gemeinsam mit Bundesjustizminister Marco Buschmann (FDP). Nun k\u00f6nnen die Verb\u00e4nde bis Ende Mai eine Stellungnahme dazu bei den Ministerien einreichen.<\/p>\n<p>Die Ampel-Parteien hatten das Vorhaben in ihrem Koalitionsvertrag vereinbart. Jeder Mensch in Deutschland soll den Pl\u00e4nen zufolge k\u00fcnftig sein Geschlecht und seinen Vornamen selbst festlegen und in einem einfachen Verfahren beim Standesamt \u00e4ndern k\u00f6nnen. Das Gesetz richtet sich laut Familien- und Justizministerium an trans, inter und nicht-bin\u00e4re Menschen. Es soll das \u00fcber 40 Jahre alte Transsexuellengesetz (TSG) ersetzen <a href=\"https:\/\/mannschaft.com\/40-jahre-transsexuellengesetz-gruene-fordern-entschaedigung\/\" target=\"_blank\" rel=\"noopener\">(MANNSCHAFT berichtete).<\/a><\/p>\n<p>Der Queer-Beauftragte Sven Lehmann (Gr\u00fcne) erkl\u00e4rte bereits, an einigen Stellen m\u00fcsse der Entwurf verbessert werden. \u00abEine Wartezeit von 3 Monaten ist zu lang und sollte verk\u00fcrzt werden. Wie das TSG sieht der Entwurf auch noch zu viele Ausnahmen im Offenbarungsverbot vor, etwa f\u00fcr ehemalige Partner*innen. Zudem ist der Verweis auf die G\u00fcltigkeit des Hausrechts im Gesetz unn\u00f6tig, zumal in der Begr\u00fcndung ausgef\u00fchrt wird, dass sich an den Regeln zum Hausrecht und seiner Begrenzung etwa durch den Diskriminierungsschutz aufgrund des Allgemeinen Gleichbehandlungsgesetzes (AGG) nichts \u00e4ndert. Der Verweis auf das Hausrecht im Gesetz l\u00f6st bei den Betroffenen massive \u00c4ngste vor neuen Ausschl\u00fcssen aus, gerade angesichts transfeindlicher Entwicklungen \u00fcberall auf der Welt. Wenn Teile des Gesetzentwurfs Angst bei denen ausl\u00f6st, die er sch\u00fctzen soll, dann m\u00fcssen sie ver\u00e4ndert werden.\u00bb<\/p>\n<p>Er werde als Queer-Beauftragter eine eigene Stellungnahme im Rahmen der Ressortabstimmung vorlegen, so Lehmann. \u00ab2023 muss das Jahr werden, in dem wir das Selbstbestimmungsgesetz endlich beschliessen.\u00bb<\/p>\n<blockquote class=\"twitter-tweet\">\n<p dir=\"ltr\" lang=\"de\">Die Bundesregierung hat den Entwurf f\u00fcr das Selbstbestimmungsgesetz vorgelegt. &#8222;Es ist gut, dass das verfassungswidrige Transsexuellengesetz endlich abgel\u00f6st wird\u201c, so die Antidiskriminierungsbeauftragte Ferda Ataman. Es brauche aber Nachbesserungen. 1\/5<\/p>\n<p>\u2014 Antidiskriminierung (@ADS_Bund) <a href=\"https:\/\/twitter.com\/ADS_Bund\/status\/1655917895254253569?ref_src=twsrc%5Etfw\">May 9, 2023<\/a><\/p><\/blockquote>\n<p><script async src=\"https:\/\/platform.twitter.com\/widgets.js\" charset=\"utf-8\"><\/script><\/p>\n<p>\u00c4hnlich \u00e4usserte sich die Unabh\u00e4ngige Bundesbeauftragte f\u00fcr Antidiskriminierung, Ferda Ataman: An einigen Stellen m\u00fcsse der Gesetzentwurf nachgebessert werden. \u00abDas gr\u00f6sste Problem sehe ich im Begr\u00fcndungstext des neuen Selbstbestimmungsgesetzes. Der geht an wichtigen Stellen ungew\u00f6hnlich ausschweifend auf Argumente ein, die sich gegen die Akzeptanz geschlechtlicher Vielfalt wenden. Man k\u00f6nnte auch sagen, die Gesetzesbegr\u00fcndung l\u00e4sst sich auf unsachliche Debatten aus den sozialen Medien ein. Das ist fatal\u00bb, so Ataman.<\/p>\n<blockquote><p>Der Verweis auf das Hausrecht im Gesetzesentwurf ist \u00fcberfl\u00fcssig.<\/p><\/blockquote>\n<p>\u00abZum Beispiel darf das Selbstbestimmungsgesetz nicht den Eindruck vermitteln, man m\u00fcsse die Geschlechtsidentit\u00e4t von trans Menschen nicht immer so genau nehmen, etwa wenn sie Dienstleistungen in Anspruch nehmen. Das Allgemeine Gleichbehandlungsgesetz (AGG) verbietet Diskriminierungen aufgrund des Geschlechts. Allein aufgrund der \u00e4usseren Erscheinung darf niemand pauschal ausgeschlossen ausgeschlossen werden &#8211; hier ist das AGG eindeutig und das darf nicht in Frage gestellt werden.\u00bb Der Verweis auf das Hausrecht im Gesetzesentwurf sei deshalb \u00fcberfl\u00fcssig.<\/p>\n<p>Besonders oft wurde im \u00f6ffentlichen Diskurs das Beispiel Frauensaunen bem\u00fcht, so Ataman weiter <a href=\"https:\/\/mannschaft.com\/selbstbestimmungsgesetz-kommt-groesster-fortschritt-seit-ehe-fuer-alle\/\" target=\"_blank\" rel=\"noopener\">(MANNSCHAFT berichtete)<\/a>. Dabei seien die meisten Saunen gemischtgeschlechtlich, ohne dass es vergleichbare Debatten um den \u00abSchutzraum Sauna\u00bb geben w\u00fcrde. \u00abDas Szenario, M\u00e4nner w\u00fcrden sich k\u00fcnftig amtlich als Frauen registrieren lassen, um in eine Frauensauna einzudringen, ist nicht schl\u00fcssig. Auch von trans Frauen in Saunen sind keine St\u00f6rungen bekannt. Trans Frauen als Gefahr darzustellen statt als schutzw\u00fcrdig, ist falsch und infam. Das Selbstbestimmungsgesetz gibt trans, nicht-bin\u00e4ren und inter Menschen endlich auch in Deutschland den Schutz und die Rechte, die sie in anderen L\u00e4ndern l\u00e4ngst haben. Nicht mehr und nicht weniger.\u00bb<\/p>\n<p>Der LSVD begr\u00fcsste zun\u00e4chst die Ver\u00f6ffentlichung des Entwurfs. \u00abBetroffene und ihre Interessensvertretungen haben seit der Vorstellung des Eckpunktepapiers im Juni 2022 lange auf diesen n\u00e4chsten Schritt gewartet, der sich mehrfach verschoben hat\u00bb, sagte Mara Geri aus dem Bundesvorstand. Der Verband wolle die Regelungen nun genau analysieren.<\/p>\n<p>\u00c4hnlich \u00e4usserte sich der Bundesverband Trans*. \u00abViel zu lange hat auf politischer Ebene die Initiative gefehlt, eine menschenrechtsbasierte Regelung auf den Weg zu bringen. Endlich geht die aktuelle Regierung dieses l\u00e4ngst \u00fcberf\u00e4llige Vorhaben an und pr\u00e4sentiert den Verb\u00e4nden einen Entwurf\u00bb, sagte Kalle H\u00fcmpfner.<\/p>\n","protected":false},"excerpt":{"rendered":"<p>Berlin \u2013 Bundesregierung ver\u00f6ffentlicht Entwurf zum Selbstbestimmungsgesetz. Die Pl\u00e4ne f\u00fcr leichtere \u00c4nderung v. Geschlechtseintrag u. Vornamen werden konkreter. @ADS_Bund fordert Nachbesserungen <a class=\"g1-link g1-link-more\" href=\"https:\/\/alte.mannschaft.lgbt\/bimber\/nachbesserungen-am-selbstbestimmungsgesetz-gefordert\/\">Weiterlesen<\/a><\/p>\n","protected":false},"author":1950,"featured_media":141518,"comment_status":"closed","ping_status":"closed","sticky":false,"template":"","format":"standard","meta":[],"categories":[3],"tags":[5507,5535,5545],"wps_subtitle":"Zu oft wurde im \u00f6ffentlichen Diskurs das Beispiel von Frauensaunen bem\u00fcht, kritisiert die Bundesbeauftragte f\u00fcr Antidiskriminierung","_links":{"self":[{"href":"https:\/\/alte.mannschaft.lgbt\/bimber\/wp-json\/wp\/v2\/posts\/168959"}],"collection":[{"href":"https:\/\/alte.mannschaft.lgbt\/bimber\/wp-json\/wp\/v2\/posts"}],"about":[{"href":"https:\/\/alte.mannschaft.lgbt\/bimber\/wp-json\/wp\/v2\/types\/post"}],"author":[{"embeddable":true,"href":"https:\/\/alte.mannschaft.lgbt\/bimber\/wp-json\/wp\/v2\/users\/1950"}],"replies":[{"embeddable":true,"href":"https:\/\/alte.mannschaft.lgbt\/bimber\/wp-json\/wp\/v2\/comments?post=168959"}],"version-history":[{"count":10,"href":"https:\/\/alte.mannschaft.lgbt\/bimber\/wp-json\/wp\/v2\/posts\/168959\/revisions"}],"predecessor-version":[{"id":168998,"href":"https:\/\/alte.mannschaft.lgbt\/bimber\/wp-json\/wp\/v2\/posts\/168959\/revisions\/168998"}],"wp:featuredmedia":[{"embeddable":true,"href":"https:\/\/alte.mannschaft.lgbt\/bimber\/wp-json\/wp\/v2\/media\/141518"}],"wp:attachment":[{"href":"https:\/\/alte.mannschaft.lgbt\/bimber\/wp-json\/wp\/v2\/media?parent=168959"}],"wp:term":[{"taxonomy":"category","embeddable":true,"href":"https:\/\/alte.mannschaft.lgbt\/bimber\/wp-json\/wp\/v2\/categories?post=168959"},{"taxonomy":"post_tag","embeddable":true,"href":"https:\/\/alte.mannschaft.lgbt\/bimber\/wp-json\/wp\/v2\/tags?post=168959"}],"curies":[{"name":"wp","href":"https:\/\/api.w.org\/{rel}","templated":true}]}}