{"id":167510,"date":"2023-04-22T13:41:44","date_gmt":"2023-04-22T11:41:44","guid":{"rendered":"https:\/\/mannschaft.com\/?p=167510"},"modified":"2023-04-24T08:37:41","modified_gmt":"2023-04-24T06:37:41","slug":"ungarns-praesidentin-katalin-novak-blockiert-homophobes-gesetz","status":"publish","type":"post","link":"https:\/\/alte.mannschaft.lgbt\/bimber\/ungarns-praesidentin-katalin-novak-blockiert-homophobes-gesetz\/","title":{"rendered":"Ungarns Pr\u00e4sidentin blockiert homofeindliches Gesetz"},"content":{"rendered":"<h3>Die ungarische Staatspr\u00e4sidentin Katalin Novak hat \u00fcberraschend ein neues Gesetz abgelehnt, das Rechte von homosexuellen und transsexuellen Menschen einschr\u00e4nkt.<\/h3>\n<p>Das Gesetz sieht unter anderem vor, dass B\u00fcrger*innen gleichgeschlechtliche Paare, die gemeinsam Kinder aufziehen, anonym anzeigen k\u00f6nnen (<a href=\"https:\/\/mannschaft.com\/ungarn-fortan-anonyme-meldungen-von-regenbogenfamilien-moeglich\/\">MANNSCHAFT berichtete<\/a>). Der entsprechende Gesetzestext stehe nicht im Einklang mit <a href=\"https:\/\/mannschaft.com\/eu-parlament-schliesst-sich-klage-gegen-ungarns-anti-lgbtiq-gesetz-an\/\">EU-Rechtsnormen<\/a>, die sogenannte Whistleblower in Institutionen und Unternemen sch\u00fctzen sollen, schrieb Novak in einem <a href=\"https:\/\/www.parlament.hu\/web\/guest\/iromanyok-lekerdezese?p_p_id=hu_parlament_cms_pair_portlet_PairProxy_INSTANCE_9xd2Wc9jP4z8&amp;p_p_lifecycle=1&amp;p_p_state=normal&amp;p_p_mode=view&amp;p_auth=LslISmZM&amp;_hu_parlament_cms_pair_portlet_PairProxy_INSTANCE_9xd2Wc9jP4z8_pairAction=%2Finternet%2Fcplsql%2Fogy_irom.irom_madat%3Fp_ckl%3D42%26p_izon%3D3089%26p_alsz%3D13\">Brief<\/a> ans Parlament, wie am sp\u00e4ten Freitagabend in Budapest bekannt wurde.<\/p>\n<p>Es war dies das erste Mal, dass ein Staatsoberhaupt in der seit 2010 w\u00e4hrenden Amtszeit des rechtspopulistischen Ministerpr\u00e4sidenten <a href=\"https:\/\/mannschaft.com\/union-fans-kritisieren-den-staatsbesuch-von-viktor-orban-beim-verein\/\">Viktor Orban<\/a> Einspruch gegen ein Gesetz erhoben hat, das f\u00fcr Orbans ultra-konservative Ideologie von grosser Bedeutung ist. Novak kommt \u2013 ebenso wie ihre Vorg\u00e4nger seit 2010 \u2013 aus der Orban-Partei Fidesz.<\/p>\n<p>Das beanstandete Gesetz hatte die Fidesz-Mehrheit im Parlament in diesem Monat gebilligt. Neben \u2013 Kritikern zufolge eher schwachen \u2013 Bestimmungen zum Schutz von B\u00fcrger*innen, die auf Missst\u00e4nde und Gesetzesverst\u00f6sse in Institutionen und Unternehmen hinweisen wollen, enth\u00e4lt es auch einen Abschnitt, der es erm\u00f6glicht, dass Menschen ihre Mitb\u00fcrger*innen aus ideologischen Gr\u00fcnden anzeigen k\u00f6nnen.<\/p>\n<p>Dies kann etwa erfolgen, wenn jemand die in der Verfassung festgeschriebenen traditionellen Geschlechterrollen und Familienideale oder das Recht eines Kinder auf seine \u00abIdentit\u00e4t gem\u00e4ss des bei der Geburt empfangenen Geschlechts\u00bb in Zweifel zieht. Insbesondere sollen dem Gesetz zufolge gleichgeschlechtliche Paare anonym angezeigt werden k\u00f6nnen, die gemeinsam Kinder aufziehen.<\/p>\n<p>Unter dem rechtspopulistischen Ministerpr\u00e4sidenten Viktor Orban hat das Parlament auch schon fr\u00fcher Gesetze beschlossen, die die Rechte von homosexuellen und transsexuellen Menschen einschr\u00e4nken (<a href=\"https:\/\/mannschaft.com\/viktor-orban-sieht-sich-im-kampf-mit-dem-westen\/\">MANNSCHAFT berichtete<\/a>). In einem Verfassungszusatz liess Orban das Diktum festschreiben: \u00abDer Vater ist ein Mann, die Mutter eine Frau.\u00bb<\/p>\n<p>Das Veto der Pr\u00e4sidentin bedeutet, dass das Parlament das Gesetz neu verhandeln muss. Grunds\u00e4tzlich kann es dieses aber auch in unver\u00e4nderter Fassung neu beschliessen, wogegen die Pr\u00e4sidentin dann keine Handhabe mehr h\u00e4tte.<\/p>\n","protected":false},"excerpt":{"rendered":"<p>Budapest \u2013 Die Staatspr\u00e4sidentin von Ungarn, Katalin Novak, hat \u00fcberraschend ein neues #Gesetz abgelehnt, das die Rechte von LGBTIQ einschr\u00e4nkt <a class=\"g1-link g1-link-more\" href=\"https:\/\/alte.mannschaft.lgbt\/bimber\/ungarns-praesidentin-katalin-novak-blockiert-homophobes-gesetz\/\">Weiterlesen<\/a><\/p>\n","protected":false},"author":1950,"featured_media":96055,"comment_status":"closed","ping_status":"closed","sticky":false,"template":"","format":"standard","meta":[],"categories":[10,2],"tags":[5507,3196,4138],"wps_subtitle":"Erstmals seit 13 Jahren stellt sich ein Staatsoberhaupt gegen Ministerpr\u00e4sident Orban","_links":{"self":[{"href":"https:\/\/alte.mannschaft.lgbt\/bimber\/wp-json\/wp\/v2\/posts\/167510"}],"collection":[{"href":"https:\/\/alte.mannschaft.lgbt\/bimber\/wp-json\/wp\/v2\/posts"}],"about":[{"href":"https:\/\/alte.mannschaft.lgbt\/bimber\/wp-json\/wp\/v2\/types\/post"}],"author":[{"embeddable":true,"href":"https:\/\/alte.mannschaft.lgbt\/bimber\/wp-json\/wp\/v2\/users\/1950"}],"replies":[{"embeddable":true,"href":"https:\/\/alte.mannschaft.lgbt\/bimber\/wp-json\/wp\/v2\/comments?post=167510"}],"version-history":[{"count":5,"href":"https:\/\/alte.mannschaft.lgbt\/bimber\/wp-json\/wp\/v2\/posts\/167510\/revisions"}],"predecessor-version":[{"id":167525,"href":"https:\/\/alte.mannschaft.lgbt\/bimber\/wp-json\/wp\/v2\/posts\/167510\/revisions\/167525"}],"wp:featuredmedia":[{"embeddable":true,"href":"https:\/\/alte.mannschaft.lgbt\/bimber\/wp-json\/wp\/v2\/media\/96055"}],"wp:attachment":[{"href":"https:\/\/alte.mannschaft.lgbt\/bimber\/wp-json\/wp\/v2\/media?parent=167510"}],"wp:term":[{"taxonomy":"category","embeddable":true,"href":"https:\/\/alte.mannschaft.lgbt\/bimber\/wp-json\/wp\/v2\/categories?post=167510"},{"taxonomy":"post_tag","embeddable":true,"href":"https:\/\/alte.mannschaft.lgbt\/bimber\/wp-json\/wp\/v2\/tags?post=167510"}],"curies":[{"name":"wp","href":"https:\/\/api.w.org\/{rel}","templated":true}]}}