{"id":166395,"date":"2023-04-07T03:38:47","date_gmt":"2023-04-07T01:38:47","guid":{"rendered":"https:\/\/mannschaft.com\/?p=166395"},"modified":"2023-04-07T04:06:38","modified_gmt":"2023-04-07T02:06:38","slug":"deutschland-unterstuetzt-klage-gegen-ungarns-anti-lgbtiq-gesetz","status":"publish","type":"post","link":"https:\/\/alte.mannschaft.lgbt\/bimber\/deutschland-unterstuetzt-klage-gegen-ungarns-anti-lgbtiq-gesetz\/","title":{"rendered":"Deutschland unterst\u00fctzt Klage gegen Ungarns Anti-LGBTIQ-Gesetz"},"content":{"rendered":"<h3>Die Bundesregierung hat sich viel Zeit gelassen. Nun aber steht fest: Deutschland unterst\u00fctzt die Klage der Europ\u00e4ischen Kommission gegen die LGBTIQ-feindliche Gesetzgebung in Ungarn.<\/h3>\n<p>Die Bundesregierung tritt der Klage der EU-Kommission gegen Ungarn bei, wie der Queer- Beauftragte Sven Lehmann am Abend bei Twitter erkl\u00e4rte.<\/p>\n<p>\u00abDer Beitritt ist ein wichtiges Zeichen, dass Deutschland und viele andere die Grundrechte queerer Menschen in Europa verteidigen\u00bb, so der Gr\u00fcnen-Politiker.<\/p>\n<p>Auch Frankreich, Griechenland\u00a0und Slowenien unterst\u00fctzen nun die Klage, wie Remy Bonny von der LGBTIQ-Organisation Forbidden Colours bei Twitter erkl\u00e4rte.<\/p>\n<p>Im Juni 2021 verabschiedete das ungarische Parlament ein aus Russland \u00fcbernommenes Gesetz gegen \u00abLGBTIQ-Propaganda\u00bb. Es verbietet die Darstellung von Lesben, Schwulen, Bisexuellen, trans und inter und queeren Menschen sowie die Berichterstattung \u00fcber queere Themen in den Medien und an allen Orten, an denen sich Kinder aufhalten k\u00f6nnten, so gut wie \u00fcberall also\u00a0<a href=\"https:\/\/mannschaft.com\/ungarn-plant-starke-kampagne-gegen-lgbtiq-propaganda\/\" target=\"_blank\" rel=\"noopener\">(MANNSCHAFT berichtete)<\/a>.<\/p>\n<p>Bis Anfang der Woche hatte sich ein knappes Dutzend EU-Mitgliedsstaaten der Klage gegen Ungarn angeschlossen, darunter <a href=\"https:\/\/mannschaft.com\/schwedens-erste-trans-ministerin-lina-axelsson-kihlblom\/\" target=\"_blank\" rel=\"noopener\">Schweden<\/a>, Finnland und \u00d6sterreich <a href=\"https:\/\/mannschaft.com\/eu-parlament-schliesst-sich-klage-gegen-ungarns-anti-lgbtiq-gesetz-an\/\" target=\"_blank\" rel=\"noopener\">(MANNSCHAFT berichtete)<\/a>. Auch Belgien, die Niederlande, Luxemburg, D\u00e4nemark, Portugal, Irland, Spanien und Malta standen bereits als Unterst\u00fctzer*innen fest. Die deutsche Bundesregierung liess sich viel Zeit und wurde immer wieder von LGBTIQ-Organisationen aufgefordert, der Klage vor Ablauf der Frist beizutreten.<\/p>\n<p>Wie der <em>Tagesspiegel<\/em> berichtet, war man sich lange nicht einig zwischen dem von den Gr\u00fcnen gef\u00fchrten Ausw\u00e4rtigen Amt, das die Klage unterst\u00fctzen wollte, und dem Kanzleramt, das diesem Schritt offenbar skeptisch gegen\u00fcberstand.<\/p>\n<p>Der menschenrechtspolitische Sprecher der FDP-Bundestagsfraktion Peter Heidt hatte noch Mitte der Woche erkl\u00e4rt: \u00abEs w\u00fcrde Deutschland gut zu Gesicht stehen, sich dieser Klage ebenfalls anzuschliessen. Nur so k\u00f6nnen wir der Regierung in Ungarn klar machen, dass f\u00fcr Diskriminierung in Europa kein Platz ist!\u00bb<\/p>\n<p>Das Zaudern der Bundesregierung m\u00fcsse aufh\u00f6ren, forderte Henny Engels aus dem Bundesvorstand des LSVD. \u00abDie Bundesregierung sollte sich dem Koalitionsvertrag entsprechend auch in Europa klar und deutlich zu den Grundrechten von LGBTIQ bekennen. Hier ist der <a href=\"https:\/\/mannschaft.com\/olaf-scholz-als-regenbogenkanzler-muss-egal-sein-wen-man-liebt\/\" target=\"_blank\" rel=\"noopener\">Bundeskanzler<\/a> gefordert. Wenn in einem Mitgliedsstaat der Europ\u00e4ischen Union ein Gesetz verabschiedet wird, das die \u00f6ffentliche Thematisierung von sexueller und geschlechtlicher Vielfalt de facto verbannt, darf Deutschland nicht schweigen.\u00bb<\/p>\n<p>Nach Auffassung der EU-Kommission verst\u00f6sst das ungarische Gesetz gegen die europ\u00e4ische Grundrechtecharta, insbesondere die Menschenw\u00fcrde, das Recht auf freie Meinungs\u00e4usserung und Informationsfreiheit, das Recht auf Achtung des Privatlebens und das Recht auf Nichtdiskriminierung. Die Verst\u00f6sse wiegen dabei so schwer, dass das Gesetz aus Sicht der Kommission die grundlegenden Werte der Europ\u00e4ischen Union verletzt.<\/p>\n<p>Der LSVD habe \u00abgrosse Hoffnung, dass der Europ\u00e4ische Gerichtshof f\u00fcr den Schutz von LGBTIQ entscheiden wird\u00bb. Dieses Urteil sei nicht nur wichtig, um das ungarische Gesetz aufzuheben, sondern auch, um zu verhindern, dass \u00e4hnliche Gesetze in anderen EU-Mitgliedstaaten wie <a href=\"https:\/\/mannschaft.com\/eugh-polnische-regeln-diskriminieren-homosexuelle-selbststaendige\/\" target=\"_blank\" rel=\"noopener\">Polen<\/a> oder <a href=\"https:\/\/mannschaft.com\/lesbisches-paar-heiratet-in-rumaenien-trotz-verbot\/\" target=\"_blank\" rel=\"noopener\">Rum\u00e4nien<\/a> erlassen werden. \u00abDieses Gerichtsverfahren ist eine einmalige Gelegenheit f\u00fcr uns alle, gemeinsam eine klare Botschaft zu vermitteln: Wir stehen f\u00fcr unsere EU-Werte der Inklusion, Gleichheit, Rechtsstaatlichkeit und Demokratie\u00bb, so der LSVD.<\/p>\n<div id=\"advads-1949489321\" class=\"advads-beitrag_top_desktop advads-target\" data-advads-trackid=\"106156\" data-advads-trackbid=\"1\">\n<div id=\"gpt-ad-8546632083273-0\" data-google-query-id=\"CM3nkrHgj_4CFaXKuwgdH7cBow\">\n<div id=\"google_ads_iframe_\/22170513353\/mannschaft.com\/beitrag\/top_0__container__\"><strong>Im Oktober hatte sich erstmals eine LGBTIQ-Gruppe im ungarischen Parlament formiert. Die Politiker*innen nennen sich \u00abF\u00fcr ein diverses Ungarn\u00bb <a href=\"https:\/\/mannschaft.com\/budapest-erste-lgbtiq-gruppe-formiert-sich-im-ungarischen-parlament\/\" target=\"_blank\" rel=\"noopener\">(MANNSCHAFT berichtete)<\/a>.<\/strong><\/div>\n<\/div>\n<\/div>\n","protected":false},"excerpt":{"rendered":"<p>#Deutschland schliesst sich d. Klage d. EU-Kommission gegen d. #LGBTIQ-feindliche Gesetzgebung in #Ungarn an. Weitere L\u00e4nder sind neu dabei @RemyBonny @svenlehmann  <a class=\"g1-link g1-link-more\" href=\"https:\/\/alte.mannschaft.lgbt\/bimber\/deutschland-unterstuetzt-klage-gegen-ungarns-anti-lgbtiq-gesetz\/\">Weiterlesen<\/a><\/p>\n","protected":false},"author":3,"featured_media":112864,"comment_status":"closed","ping_status":"closed","sticky":false,"template":"","format":"standard","meta":[],"categories":[3,2],"tags":[754,5544,833,3196],"wps_subtitle":"Auch Frankreich ist nun dabei","_links":{"self":[{"href":"https:\/\/alte.mannschaft.lgbt\/bimber\/wp-json\/wp\/v2\/posts\/166395"}],"collection":[{"href":"https:\/\/alte.mannschaft.lgbt\/bimber\/wp-json\/wp\/v2\/posts"}],"about":[{"href":"https:\/\/alte.mannschaft.lgbt\/bimber\/wp-json\/wp\/v2\/types\/post"}],"author":[{"embeddable":true,"href":"https:\/\/alte.mannschaft.lgbt\/bimber\/wp-json\/wp\/v2\/users\/3"}],"replies":[{"embeddable":true,"href":"https:\/\/alte.mannschaft.lgbt\/bimber\/wp-json\/wp\/v2\/comments?post=166395"}],"version-history":[{"count":7,"href":"https:\/\/alte.mannschaft.lgbt\/bimber\/wp-json\/wp\/v2\/posts\/166395\/revisions"}],"predecessor-version":[{"id":166402,"href":"https:\/\/alte.mannschaft.lgbt\/bimber\/wp-json\/wp\/v2\/posts\/166395\/revisions\/166402"}],"wp:featuredmedia":[{"embeddable":true,"href":"https:\/\/alte.mannschaft.lgbt\/bimber\/wp-json\/wp\/v2\/media\/112864"}],"wp:attachment":[{"href":"https:\/\/alte.mannschaft.lgbt\/bimber\/wp-json\/wp\/v2\/media?parent=166395"}],"wp:term":[{"taxonomy":"category","embeddable":true,"href":"https:\/\/alte.mannschaft.lgbt\/bimber\/wp-json\/wp\/v2\/categories?post=166395"},{"taxonomy":"post_tag","embeddable":true,"href":"https:\/\/alte.mannschaft.lgbt\/bimber\/wp-json\/wp\/v2\/tags?post=166395"}],"curies":[{"name":"wp","href":"https:\/\/api.w.org\/{rel}","templated":true}]}}