{"id":165159,"date":"2023-03-21T15:57:35","date_gmt":"2023-03-21T14:57:35","guid":{"rendered":"https:\/\/mannschaft.com\/?p=165159"},"modified":"2023-03-22T07:43:24","modified_gmt":"2023-03-22T06:43:24","slug":"eu-parlament-schliesst-sich-klage-gegen-ungarns-anti-lgbtiq-gesetz-an","status":"publish","type":"post","link":"https:\/\/alte.mannschaft.lgbt\/bimber\/eu-parlament-schliesst-sich-klage-gegen-ungarns-anti-lgbtiq-gesetz-an\/","title":{"rendered":"EU-Parlament bei Klage gegen Ungarns Anti-LGBTIQ-Gesetz dabei"},"content":{"rendered":"<h3>Im Februar begann das gerichtliche Vertragsverletzungsverfahren der Europ\u00e4ischen Kommission gegen Ungarn wegen dessen queerfeindlicher \u00abPropaganda\u00bb-Gesetzen. Die Front gegen Orb\u00e1n wird nun st\u00e4rker.<\/h3>\n<p>An diesem Dienstag hat der Rechtsausschuss (JURI) f\u00fcr das Europ\u00e4ische Parlament gestimmt: Die Annahme erfolgte mit \u00fcberw\u00e4ltigender Mehrheit von 18 Ja-Stimmen und 2 Nein-Stimmen.<\/p>\n<blockquote class=\"twitter-tweet\">\n<p dir=\"ltr\" lang=\"en\">\ud83c\uddea\ud83c\uddfa Today, <a href=\"https:\/\/twitter.com\/EP_Legal?ref_src=twsrc%5Etfw\">@EP_Legal<\/a> voted with a resounding majority for the Parliament to join the <a href=\"https:\/\/twitter.com\/EUCourtPress?ref_src=twsrc%5Etfw\">@EUCourtPress<\/a> case against <a href=\"https:\/\/twitter.com\/hashtag\/Hungary?src=hash&amp;ref_src=twsrc%5Etfw\">#Hungary<\/a><\/p>\n<p>\ud83c\udded\ud83c\uddfa \ud83c\udff3\ufe0f\u200d\ud83c\udf08 this is a clear action in support of the <a href=\"https:\/\/twitter.com\/EU_Commission?ref_src=twsrc%5Etfw\">@EU_Commission<\/a>\u2019s case and in favour of the defence of EU law and our values as per Art. 2 TEU <a href=\"https:\/\/t.co\/DieWQX8EYA\">pic.twitter.com\/DieWQX8EYA<\/a><\/p>\n<p>\u2014 LGBTI Intergroup (@LGBTIintergroup) <a href=\"https:\/\/twitter.com\/LGBTIintergroup\/status\/1638134992550125568?ref_src=twsrc%5Etfw\">March 21, 2023<\/a><\/p><\/blockquote>\n<p><script async src=\"https:\/\/platform.twitter.com\/widgets.js\" charset=\"utf-8\"><\/script><\/p>\n<p>Auch \u00d6sterreich hat sich dazu entschlossen, im Vertragsverletzungsverfahren gegen Ungarn wegen des umstrittenen LGBTIQ-Gesetzes an der Seite der Europ\u00e4ischen Kommission Streithilfe zu leisten. \u00abDie Europ\u00e4ische Union fusst auf Demokratie, Rechtsstaatlichkeit und Menschenrechten, die es mit allen Mitteln zu sch\u00fctzen gilt. Das Vertragsverletzungsverfahren ist ein notwendiger Schritt, um Grundrechte l\u00fcckenlos durchzusetzen\u00bb, so Europaministerin Karoline Edtstadler (\u00d6VP) gegen\u00fcber <a href=\"https:\/\/www.diepresse.com\/6265801\/oesterreich-unterstuetzt-bruessel-bei-lgbt-klage-gegen-ungarn\" target=\"_blank\" rel=\"noopener\"><em>Die Presse<\/em><\/a><\/p>\n<p>Zuvor hatten bereits L\u00e4nder wie Belgien, Luxemburg, die Niederlande und Portugal\u00a0ihre Zusage erkl\u00e4rt, die Klage mitzutragen.<\/p>\n<p>Im Juni 2021 verabschiedete das ungarische Parlament ein aus Russland \u00fcbernommenes \u00abAnti-LGBTIQ-Propaganda-Gesetz\u00bb. Es verbietet die Darstellung von Lesben, Schwulen, Bisexuellen, trans und inter Menschen sowie die Berichterstattung \u00fcber queere Themen in den Medien und an allen Orten, an denen sich Kinder aufhalten k\u00f6nnten, also fast \u00fcberall <a href=\"https:\/\/mannschaft.com\/ungarn-plant-starke-kampagne-gegen-lgbtiq-propaganda\/\" target=\"_blank\" rel=\"noopener\">(MANNSCHAFT berichtete)<\/a>.<\/p>\n<p>Pierre Karleskind MdEP (Renew Europe), Vizepr\u00e4sident der LGBTI Intergroup und Mitglied im Rechtsausschuss (JURI), erkl\u00e4rte am Dienstag zur Entscheidung des EU-Parlaments: \u00abDas zeigt nicht nur die unersch\u00fctterliche Unterst\u00fctzung unserer Institution f\u00fcr die Werte, auf denen die Europ\u00e4ische Union beruht. Es ist auch eine klare Botschaft an die nationalen Machthaber: Wenn Sie die Werte angreifen, dann stellt sich Ihnen das Europ\u00e4ische Parlament in den Weg.\u00bb<\/p>\n<p>Premier Viktor Orb\u00e1n hatte das Gesetz erst k\u00fcrzlich wieder in eine Rede verteidigt: \u00abGender-Propaganda\u00bb sei nicht nur \u00abRegenbogengeschw\u00e4tz, sondern die gr\u00f6sste Bedrohung, die unsere Kinder verfolgt\u00bb. Orb\u00e1n weiter: \u00abWir wollen, dass unsere Kinder in Ruhe gelassen werden \u2026. So etwas hat in Ungarn keinen Platz, und schon gar nicht in unseren Schulen.\u00bb<\/p>\n","protected":false},"excerpt":{"rendered":"<p>#Ungarn \u2013 Das EU-Parlament schliesst sich der Klage gegen die Anti-#LGBTIQ-Gesetzgebung an. Auch #\u00d6sterreich ist dabei. @RemyBonny  <a class=\"g1-link g1-link-more\" href=\"https:\/\/alte.mannschaft.lgbt\/bimber\/eu-parlament-schliesst-sich-klage-gegen-ungarns-anti-lgbtiq-gesetz-an\/\">Weiterlesen<\/a><\/p>\n","protected":false},"author":3,"featured_media":112864,"comment_status":"closed","ping_status":"closed","sticky":false,"template":"","format":"standard","meta":[],"categories":[2,2527],"tags":[5527,5544,3196],"wps_subtitle":"Auch \u00d6sterreich hat sich angeschlossen","_links":{"self":[{"href":"https:\/\/alte.mannschaft.lgbt\/bimber\/wp-json\/wp\/v2\/posts\/165159"}],"collection":[{"href":"https:\/\/alte.mannschaft.lgbt\/bimber\/wp-json\/wp\/v2\/posts"}],"about":[{"href":"https:\/\/alte.mannschaft.lgbt\/bimber\/wp-json\/wp\/v2\/types\/post"}],"author":[{"embeddable":true,"href":"https:\/\/alte.mannschaft.lgbt\/bimber\/wp-json\/wp\/v2\/users\/3"}],"replies":[{"embeddable":true,"href":"https:\/\/alte.mannschaft.lgbt\/bimber\/wp-json\/wp\/v2\/comments?post=165159"}],"version-history":[{"count":9,"href":"https:\/\/alte.mannschaft.lgbt\/bimber\/wp-json\/wp\/v2\/posts\/165159\/revisions"}],"predecessor-version":[{"id":165168,"href":"https:\/\/alte.mannschaft.lgbt\/bimber\/wp-json\/wp\/v2\/posts\/165159\/revisions\/165168"}],"wp:featuredmedia":[{"embeddable":true,"href":"https:\/\/alte.mannschaft.lgbt\/bimber\/wp-json\/wp\/v2\/media\/112864"}],"wp:attachment":[{"href":"https:\/\/alte.mannschaft.lgbt\/bimber\/wp-json\/wp\/v2\/media?parent=165159"}],"wp:term":[{"taxonomy":"category","embeddable":true,"href":"https:\/\/alte.mannschaft.lgbt\/bimber\/wp-json\/wp\/v2\/categories?post=165159"},{"taxonomy":"post_tag","embeddable":true,"href":"https:\/\/alte.mannschaft.lgbt\/bimber\/wp-json\/wp\/v2\/tags?post=165159"}],"curies":[{"name":"wp","href":"https:\/\/api.w.org\/{rel}","templated":true}]}}