{"id":163974,"date":"2023-03-09T10:05:11","date_gmt":"2023-03-09T09:05:11","guid":{"rendered":"https:\/\/mannschaft.com\/?p=163974"},"modified":"2023-03-09T10:53:51","modified_gmt":"2023-03-09T09:53:51","slug":"sorge-in-ungarn-zunehmend-fremdenfeindlich-und-anti-lgbtiq","status":"publish","type":"post","link":"https:\/\/alte.mannschaft.lgbt\/bimber\/sorge-in-ungarn-zunehmend-fremdenfeindlich-und-anti-lgbtiq\/","title":{"rendered":"Sorge in Ungarn: Zunehmend fremdenfeindlich und Anti-LGBTIQ"},"content":{"rendered":"<h3>Wie geht es LGBTIQ in Ungarn? Die polizeilichen Ermittlungen gegen Hassverbrechen w\u00fcrden verst\u00e4rkt, einerseis. Aber die zunehmende Stigmatisierung von Queers gibt in Strassburg Anlass zur Sorge.<\/h3>\n<p>In einem am Donnerstag ver\u00f6ffentlichten Bericht begr\u00fcsst die Europ\u00e4ische Kommission gegen Rassismus und Intoleranz (ECRI) die positiven Entwicklungen in Ungarn seit der Annahme ihres letzten Berichts \u00fcber das Land im Jahr 2015. Doch viele Probleme g\u00e4ben Anlass zur Sorge, heisst es in einer Pressemitteilung der ECRI.<\/p>\n<p>In dem Bericht wird die Annahme eines polizeilichen Protokolls zu Hasskriminalit\u00e4t im Jahr 2019 gelobt, das darauf abziele, die Ermittlungen zu Hate Crimes zu verbessern, unter anderem durch die Ernennung von \u00abMentor*innen\u00bb bei jeder \u00f6rtlichen Polizeieinheit. Dar\u00fcber hinaus h\u00e4tten die Beh\u00f6rden erhebliche Anstrengungen unternommen, um die Eingliederung der Roma durch die Nationale Strategie zur sozialen Eingliederung zu verbessern. Die ECRI freue sich auch, dass ernsthafte Anstrengungen unternommen w\u00fcrden, um Menschen, die vor dem <a href=\"https:\/\/mannschaft.com\/queers-im-ukraine-krieg-du-kannst-nur-kaempfen-oder-wegrennen\/\" target=\"_blank\" rel=\"noopener\">Krieg in der Ukraine<\/a> fliehen, Schutz und Unterst\u00fctzung zu bieten.<\/p>\n<p>Trotz dieser Entwicklungen dr\u00fcckt der ECRI-Bericht, der die Situation im Land bis zum 30. Juni 2022 abdeckt, seine Besorgnis \u00fcber andere wichtige Themen aus, wie die Verabschiedung restriktiver Gesetze und Gesetzes\u00e4nderungen, die die Menschenrechte von LGBTIQ-Personen ernsthaft untergraben <a href=\"https:\/\/mannschaft.com\/gesetz-verabschiedet-ungarn-verbietet-informationen-ueber-lgbtiq\/\" target=\"_blank\" rel=\"noopener\">(MANNSCHAFT berichtete)<\/a>.<\/p>\n<hr \/>\n<p><a href=\"https:\/\/mannschaft.com\/europaweite-petition-gegen-ungarns-anti-lgbtiq-gesetz\/\" target=\"_blank\" rel=\"noopener\"><em>Petition gegen Ungarns Anti-LGBTIQ-Gesetz: M\u00f6glichst viele EU-Mitgliedstaaten sollen sich der Klage der EU-Kommission anschliessen\u00a0<\/em><\/a><\/p>\n<hr \/>\n<p>Dem Bericht zufolge ist der politische und \u00f6ffentliche Diskurs in Ungarn \u00abzunehmend fremdenfeindlich\u00bb geworden und hat in den letzten Jahren \u00absehr spaltende und antagonistische Untert\u00f6ne\u00bb angenommen, insbesondere gegen Gefl\u00fcchtete, Asylbewerber*innen und Migrant*innen, Muslim*innen und LGBTIQ-Personen. Der Bericht ermutigt daher Pers\u00f6nlichkeiten des \u00f6ffentlichen Lebens, einschliesslich politischer F\u00fchrungspersonen auf allen Seiten, \u00absofort, entschieden und \u00f6ffentlich\u00bb gegen rassistische und LGBTI-feindliche Hassreden Stellung zu beziehen und auf solche \u00c4usserungen mit Gegenrede und \u00abalternativen Mitteln\u00bb zu reagieren.<\/p>\n<p>Ein weiteres Thema ist die Fusion der Gleichbehandlungsbeh\u00f6rde, die bis 2020 eine eigenst\u00e4ndige Gleichbehandlungsstelle war, mit dem B\u00fcro des Beauftragten f\u00fcr Grundrechte. Es wurden laut ECRI keine vorherigen Konsultationen durchgef\u00fchrt und keine Informationskampagne f\u00fcr die breite \u00d6ffentlichkeit organisiert, um den neuen institutionellen Rahmen und die verf\u00fcgbaren Abhilfemassnahmen zu erkl\u00e4ren, heisst es in dem Bericht.<\/p>\n<p>Die ECRI fordert nun die \u00abvorrangige Umsetzung\u00bb zweier an die ungarischen Beh\u00f6rden gerichteten Empfehlungen, die Folgemassnahmen innerhalb der n\u00e4chsten zwei Jahre erfordern, darunter eine unabh\u00e4ngige \u00dcberpr\u00fcfung der w\u00e4hrend der Zeit des \u00abGefahrenzustands\u00bb (gemeint ist die Pandemie) verabschiedeten gesetzgeberischen Massnahmen, ihrer Auswirkungen auf Gruppen, die ECRI betreffen, einschliesslich LGBTIQ, und ihrer \u00dcbereinstimmung mit dem Europarat und anderen Menschenrechtsstandards in den Bereichen Gleichstellung und Antidiskriminierung sowie die M\u00f6glichkeite bei den Strafverfolgungsbeh\u00f6rden zu verbessern, rassistische und LGBTI-feindliche Hassreden und Hassverbrechen zu erkennen und zu bek\u00e4mpfen, etwa indem gezieltere Schulungen in diesem Bereich angeboten werden.<\/p>\n","protected":false},"excerpt":{"rendered":"<p>Wie geht es #LGBTIQ in #Ungarn? Die polizeilichen Ermittlungen gegen #Hassverbrechen w\u00fcrden verst\u00e4rkt, einerseits. Aber die zunehmende Stigmatisierung von #Queers gibt in #Strasbourg Anlass zur Sorge. #ECRI <a class=\"g1-link g1-link-more\" href=\"https:\/\/alte.mannschaft.lgbt\/bimber\/sorge-in-ungarn-zunehmend-fremdenfeindlich-und-anti-lgbtiq\/\">Weiterlesen<\/a><\/p>\n","protected":false},"author":1,"featured_media":112833,"comment_status":"closed","ping_status":"closed","sticky":false,"template":"","format":"standard","meta":[],"categories":[2],"tags":[5501,5461,3196],"wps_subtitle":"EU-Kommission gegen Rassismus und Intoleranz begr\u00fcsst aber positive Entwicklungen","_links":{"self":[{"href":"https:\/\/alte.mannschaft.lgbt\/bimber\/wp-json\/wp\/v2\/posts\/163974"}],"collection":[{"href":"https:\/\/alte.mannschaft.lgbt\/bimber\/wp-json\/wp\/v2\/posts"}],"about":[{"href":"https:\/\/alte.mannschaft.lgbt\/bimber\/wp-json\/wp\/v2\/types\/post"}],"author":[{"embeddable":true,"href":"https:\/\/alte.mannschaft.lgbt\/bimber\/wp-json\/wp\/v2\/users\/1"}],"replies":[{"embeddable":true,"href":"https:\/\/alte.mannschaft.lgbt\/bimber\/wp-json\/wp\/v2\/comments?post=163974"}],"version-history":[{"count":13,"href":"https:\/\/alte.mannschaft.lgbt\/bimber\/wp-json\/wp\/v2\/posts\/163974\/revisions"}],"predecessor-version":[{"id":163979,"href":"https:\/\/alte.mannschaft.lgbt\/bimber\/wp-json\/wp\/v2\/posts\/163974\/revisions\/163979"}],"wp:featuredmedia":[{"embeddable":true,"href":"https:\/\/alte.mannschaft.lgbt\/bimber\/wp-json\/wp\/v2\/media\/112833"}],"wp:attachment":[{"href":"https:\/\/alte.mannschaft.lgbt\/bimber\/wp-json\/wp\/v2\/media?parent=163974"}],"wp:term":[{"taxonomy":"category","embeddable":true,"href":"https:\/\/alte.mannschaft.lgbt\/bimber\/wp-json\/wp\/v2\/categories?post=163974"},{"taxonomy":"post_tag","embeddable":true,"href":"https:\/\/alte.mannschaft.lgbt\/bimber\/wp-json\/wp\/v2\/tags?post=163974"}],"curies":[{"name":"wp","href":"https:\/\/api.w.org\/{rel}","templated":true}]}}