{"id":161737,"date":"2023-02-14T04:14:25","date_gmt":"2023-02-14T03:14:25","guid":{"rendered":"https:\/\/mannschaft.com\/?p=161737"},"modified":"2023-02-15T09:12:28","modified_gmt":"2023-02-15T08:12:28","slug":"prozess-nach-tod-von-malte-c-angeklagter-raeumt-vorwuerfe-ein","status":"publish","type":"post","link":"https:\/\/alte.mannschaft.lgbt\/bimber\/prozess-nach-tod-von-malte-c-angeklagter-raeumt-vorwuerfe-ein\/","title":{"rendered":"Prozess nach Tod von Malte C.: Angeklagter r\u00e4umt Vorw\u00fcrfe ein"},"content":{"rendered":"<h3>Im Prozess um einen t\u00f6dlichen Angriff auf den trans Mann Malte C. beim Christopher Street Day 2022 in M\u00fcnster hat der Angeklagte die Vorw\u00fcrfe einger\u00e4umt.<\/h3>\n<p>Unter Ausschluss der \u00d6ffentlichkeit hatte sich der 20-J\u00e4hrige am Montag vor dem Landgericht M\u00fcnster umfassend ge\u00e4ussert <a href=\"https:\/\/mannschaft.com\/nach-maltes-tod-beim-csd-angeklagter-sagt-ohne-oeffentlichkeit-aus\/\" target=\"_blank\" rel=\"noopener\">(MANNSCHAFT berichtete)<\/a>. Nach Angaben eines Gerichtssprechers konnte er sich nicht mehr daran erinnern, Teilnehmerinnen beleidigt zu haben. Wenn die Zeuginnen das so angegeben h\u00e4tten, w\u00fcrde es aber wohl stimmen, sagte der Angeklagte demnach am ersten Prozesstag.<\/p>\n<hr \/>\n<p><a href=\"https:\/\/mannschaft.com\/homophobe-attacke-in-zuerich-dragqueens-brutal-niedergeschlagen\/\" target=\"_blank\" rel=\"noopener\"><em>Homofeindliche Attacke in Z\u00fcrich: Dragqueens brutal niedergeschlagen. Trotz einer Platzwunde seien sie von der Polizei ratlos zur\u00fcckgelassen worden <\/em><\/a><\/p>\n<hr \/>\n<p>Warum er die Frauen bzw. Personen, von denen eine sp\u00e4ter gegen\u00fcber der Polizei ihr Geschlecht als m\u00e4nnlich angab, beleidigt hatte, wisse er nicht mehr. Bevor er Malte C. mit Schl\u00e4gen angegriffen habe, sei der 25-J\u00e4hrige mit freiem Oberk\u00f6rper auf ihn zugekommen. Der Angeklagte habe sich da schon vorgestellt, mit ihm zu k\u00e4mpfen.<\/p>\n<p>Die Anklage lautet auf K\u00f6rperverletzung mit Todesfolge. Nach \u00dcberzeugung der Staatsanwaltschaft wollte der 20-J\u00e4hrige, der als erfahrener <a href=\"https:\/\/mannschaft.com\/unter-schwulen-boxern-schweben-wie-ein-schmetterling\/\" target=\"_blank\" rel=\"noopener\">Boxk\u00e4mpfer<\/a> gilt, mit seinen Schl\u00e4gen nicht t\u00f6ten. Malte C. war nach dem Angriff mit dem Hinterkopf aufs Pflaster geschlagen und Tage sp\u00e4ter im Krankenhaus an den Folgen eines Sch\u00e4delhirntraumas gestorben <a href=\"https:\/\/mannschaft.com\/nach-attacke-am-rande-des-csd-muenster-trans-mann-malte-tot\/\" target=\"_blank\" rel=\"noopener\">(MANNSCHAFT berichtete)<\/a>. Zuvor hatte er sich laut Anklage sch\u00fctzend vor Menschen gestellt, die am CSD teilgenommen hatten und von dem alkoholisierten Angeklagten bedroht und beleidigt worden waren.<\/p>\n<p>Ob der 20-J\u00e4hrige als Heranwachsender nach Jugend- oder nach Erwachsenenstrafrecht (ab 21 Jahren) verurteilt wird, will das Gericht nach den Zeugen- und Gutachteraussagen entscheiden. Die Frage ist, ob bei dem Angeklagten eine Entwicklungsverz\u00f6gerung vorliegt.<\/p>\n<p>Bei einer Verurteilung wegen K\u00f6rperverletzung mit Todesfolge drohen dem Angeklagten mindestens drei Jahre Gef\u00e4ngnis. Im Jugendstrafrecht gilt auch bei Straftaten wie Totschlag oder Mord eine Obergrenze von zehn Jahren.<\/p>\n<p>Das Landgericht hat bis Mitte April neun weitere Verhandlungstermine angesetzt.<\/p>\n","protected":false},"excerpt":{"rendered":"<p>Im Prozess um einen t\u00f6dlichen Angriff auf den trans Mann Malte C. beim Christopher Street Day 2022 in M\u00fcnster hat der Angeklagte am Montag die Vorw\u00fcrfe einger\u00e4umt. <a class=\"g1-link g1-link-more\" href=\"https:\/\/alte.mannschaft.lgbt\/bimber\/prozess-nach-tod-von-malte-c-angeklagter-raeumt-vorwuerfe-ein\/\">Weiterlesen<\/a><\/p>\n","protected":false},"author":1950,"featured_media":161738,"comment_status":"closed","ping_status":"closed","sticky":false,"template":"","format":"standard","meta":[],"categories":[3],"tags":[5461,5545],"wps_subtitle":"An seine Beleidigungen k\u00f6nne er sich nicht erinnern","_links":{"self":[{"href":"https:\/\/alte.mannschaft.lgbt\/bimber\/wp-json\/wp\/v2\/posts\/161737"}],"collection":[{"href":"https:\/\/alte.mannschaft.lgbt\/bimber\/wp-json\/wp\/v2\/posts"}],"about":[{"href":"https:\/\/alte.mannschaft.lgbt\/bimber\/wp-json\/wp\/v2\/types\/post"}],"author":[{"embeddable":true,"href":"https:\/\/alte.mannschaft.lgbt\/bimber\/wp-json\/wp\/v2\/users\/1950"}],"replies":[{"embeddable":true,"href":"https:\/\/alte.mannschaft.lgbt\/bimber\/wp-json\/wp\/v2\/comments?post=161737"}],"version-history":[{"count":6,"href":"https:\/\/alte.mannschaft.lgbt\/bimber\/wp-json\/wp\/v2\/posts\/161737\/revisions"}],"predecessor-version":[{"id":161745,"href":"https:\/\/alte.mannschaft.lgbt\/bimber\/wp-json\/wp\/v2\/posts\/161737\/revisions\/161745"}],"wp:featuredmedia":[{"embeddable":true,"href":"https:\/\/alte.mannschaft.lgbt\/bimber\/wp-json\/wp\/v2\/media\/161738"}],"wp:attachment":[{"href":"https:\/\/alte.mannschaft.lgbt\/bimber\/wp-json\/wp\/v2\/media?parent=161737"}],"wp:term":[{"taxonomy":"category","embeddable":true,"href":"https:\/\/alte.mannschaft.lgbt\/bimber\/wp-json\/wp\/v2\/categories?post=161737"},{"taxonomy":"post_tag","embeddable":true,"href":"https:\/\/alte.mannschaft.lgbt\/bimber\/wp-json\/wp\/v2\/tags?post=161737"}],"curies":[{"name":"wp","href":"https:\/\/api.w.org\/{rel}","templated":true}]}}