{"id":161709,"date":"2023-02-13T16:44:51","date_gmt":"2023-02-13T15:44:51","guid":{"rendered":"https:\/\/mannschaft.com\/?p=161709"},"modified":"2023-02-14T05:36:03","modified_gmt":"2023-02-14T04:36:03","slug":"europaweite-petition-gegen-ungarns-anti-lgbtiq-gesetz","status":"publish","type":"post","link":"https:\/\/alte.mannschaft.lgbt\/bimber\/europaweite-petition-gegen-ungarns-anti-lgbtiq-gesetz\/","title":{"rendered":"Europaweite Petition gegen Ungarns Anti-LGBTIQ-Gesetz"},"content":{"rendered":"<h3>An diesem Montag beginnt das gerichtliche Vertragsverletzungsverfahren der Europ\u00e4ischen Kommission gegen Ungarn wegen dessen queerfeindlicher \u00abPropaganda\u00bb-Gesetzen.<\/h3>\n<p>Im Juni 2021 verabschiedete das ungarische Parlament ein aus Russland \u00fcbernommenes \u00abAnti-LGBTIQ-Propaganda-Gesetz\u00bb. Es verbietet die Darstellung von Lesben, Schwulen, Bisexuellen, trans und inter Menschen sowie die Berichterstattung \u00fcber queere Themen in den Medien und an allen Orten, an denen sich Kinder aufhalten k\u00f6nnten, also fast \u00fcberall <a href=\"https:\/\/mannschaft.com\/ungarn-plant-starke-kampagne-gegen-lgbtiq-propaganda\/\" target=\"_blank\" rel=\"noopener\">(MANNSCHAFT berichtete)<\/a>.<\/p>\n<blockquote class=\"twitter-tweet\">\n<p dir=\"ltr\" lang=\"en\">BREAKING \ud83c\udff3\ufe0f\u200d\ud83c\udf08\ud83c\udded\ud83c\uddfa<\/p>\n<p>From Today, member states can join the lawsuit against Hungary&#8217;s anti-LGBTIQ+ law.<\/p>\n<p>We must make this the largest human rights case in the history of the EU.<\/p>\n<p>Demand your member to defend LGBTIQ+ people in Hungary.<\/p>\n<p>Sign our petition now!<a href=\"https:\/\/t.co\/ntxoSVGPIO\">https:\/\/t.co\/ntxoSVGPIO<\/a> <a href=\"https:\/\/t.co\/aqMQxvIues\">pic.twitter.com\/aqMQxvIues<\/a><\/p>\n<p>\u2014 R\u00e9my Bonny (@RemyBonny) <a href=\"https:\/\/twitter.com\/RemyBonny\/status\/1625120174947852288?ref_src=twsrc%5Etfw\">February 13, 2023<\/a><\/p><\/blockquote>\n<p><script async src=\"https:\/\/platform.twitter.com\/widgets.js\" charset=\"utf-8\"><\/script><\/p>\n<p>Die EU-Mitgliedstaaten haben jetzt sechs Wochen Zeit, sich der Klage anzuschliessen, teilt der LSVD in einer Pressemiteilung mit. Mit einer europaweiten <a href=\"https:\/\/www.forbidden-colours.com\/2023\/01\/19\/petition\/\" target=\"_blank\" rel=\"noopener\">Petition<\/a> mehrerer NGOs wolle man so viele Mitgliedstaaten wie m\u00f6glich \u00fcberzeugen, sich gegen queerfeindlichen Tendenzen in Europa zu positionieren.<\/p>\n<p>Alfonso Pantisano aus dem Bundesvorstand des LSVD erkl\u00e4rt: \u00abDie Europ\u00e4ische Kommission hat beschlossen, Ungarn vor dem Europ\u00e4ischen Gerichtshof zu verklagen, da dieses Gesetz gegen die grundlegendsten europ\u00e4ischen Normen und Werte verst\u00f6sst. Wir haben grosse Hoffnung, dass der Gerichtshof f\u00fcr den Schutz von LGBTIQ entscheiden wird. Dieses Urteil ist nicht nur wichtig, um das ungarische Gesetz aufzuheben, sondern auch, um zu verhindern, dass \u00e4hnliche Gesetze in anderen EU-Mitgliedstaaten wie Polen oder Rum\u00e4nien erlassen werden.\u00bb <a href=\"https:\/\/mannschaft.com\/sven-lehmann-warnt-vor-anti-lgbtiq-gesetzt-in-rumaenien\/\" target=\"_blank\" rel=\"noopener\">(MANNSCHAFT berichtete)<\/a><\/p>\n<p>Deshalb sei dieses Gerichtsverfahren eine einmalige Gelegenheit, gemeinsam eine klare Botschaft zu vermitteln: Man stehe f\u00fcr die EU-Werte Inklusion, Gleichheit, Rechtsstaatlichkeit und Demokratie.<\/p>\n<blockquote><p>Die \u00abAnti-LGBTIQ-Propaganda-Gesetze\u00bb sind weder in Ungarn, noch in Deutschland, noch irgendwo anders in der EU willkommen.<\/p><\/blockquote>\n<p>Dies sei die Gelegenheit, der Regierung von Viktor Orb\u00e1n zu zeigen, dass die B\u00fcrger*innen aus allen Mitgliedstaaten der EU seine Anti-LGBTIQ-Rhetorik und -Gesetze verachteten. Die \u00abAnti-LGBTIQ-Propaganda-Gesetze\u00bb seien weder in Ungarn, noch in Deutschland, noch irgendwo anders in der EU willkommen, so der LSVD-Vertreter.<\/p>\n<p>Die EU-weite Petition der Organisationen Forbidden Colours, Reclaim, <a href=\"https:\/\/mannschaft.com\/tausende-demonstrieren-in-budapest-fuer-lgbtiq-rechte\/\" target=\"_blank\" rel=\"noopener\">Budapest Pride<\/a> und H\u00e1tt\u00e9r kann bis zum 28. Februar unterzeichnet werden. U.a. die deutsche Aussenministerin Annalena Bearbock (Gr\u00fcne) soll aufgefordert werden, sich dem Verfahren anzuschliessen.<\/p>\n","protected":false},"excerpt":{"rendered":"<p>Heute beginnt das gerichtliche Vertragsverletzungsverfahren der Europ\u00e4ischen Kommission gg. #Ungarn wegen dessen Anti-#LGBTIQ-Propaganda-Gesetzen. Eine europaweite #Petition wird gestartet. @RemyBonny #LSVD <a class=\"g1-link g1-link-more\" href=\"https:\/\/alte.mannschaft.lgbt\/bimber\/europaweite-petition-gegen-ungarns-anti-lgbtiq-gesetz\/\">Weiterlesen<\/a><\/p>\n","protected":false},"author":1,"featured_media":112864,"comment_status":"closed","ping_status":"closed","sticky":false,"template":"","format":"standard","meta":[],"categories":[3,2],"tags":[5527,5544,3196],"wps_subtitle":"EU-Mitgliedstaaten sollen sich der Klage der EU-Kommission anschliessen","_links":{"self":[{"href":"https:\/\/alte.mannschaft.lgbt\/bimber\/wp-json\/wp\/v2\/posts\/161709"}],"collection":[{"href":"https:\/\/alte.mannschaft.lgbt\/bimber\/wp-json\/wp\/v2\/posts"}],"about":[{"href":"https:\/\/alte.mannschaft.lgbt\/bimber\/wp-json\/wp\/v2\/types\/post"}],"author":[{"embeddable":true,"href":"https:\/\/alte.mannschaft.lgbt\/bimber\/wp-json\/wp\/v2\/users\/1"}],"replies":[{"embeddable":true,"href":"https:\/\/alte.mannschaft.lgbt\/bimber\/wp-json\/wp\/v2\/comments?post=161709"}],"version-history":[{"count":9,"href":"https:\/\/alte.mannschaft.lgbt\/bimber\/wp-json\/wp\/v2\/posts\/161709\/revisions"}],"predecessor-version":[{"id":161719,"href":"https:\/\/alte.mannschaft.lgbt\/bimber\/wp-json\/wp\/v2\/posts\/161709\/revisions\/161719"}],"wp:featuredmedia":[{"embeddable":true,"href":"https:\/\/alte.mannschaft.lgbt\/bimber\/wp-json\/wp\/v2\/media\/112864"}],"wp:attachment":[{"href":"https:\/\/alte.mannschaft.lgbt\/bimber\/wp-json\/wp\/v2\/media?parent=161709"}],"wp:term":[{"taxonomy":"category","embeddable":true,"href":"https:\/\/alte.mannschaft.lgbt\/bimber\/wp-json\/wp\/v2\/categories?post=161709"},{"taxonomy":"post_tag","embeddable":true,"href":"https:\/\/alte.mannschaft.lgbt\/bimber\/wp-json\/wp\/v2\/tags?post=161709"}],"curies":[{"name":"wp","href":"https:\/\/api.w.org\/{rel}","templated":true}]}}