{"id":161492,"date":"2023-02-09T15:17:21","date_gmt":"2023-02-09T14:17:21","guid":{"rendered":"https:\/\/mannschaft.com\/?p=161492"},"modified":"2023-02-09T16:10:25","modified_gmt":"2023-02-09T15:10:25","slug":"riccardo-simonetti-pferdeschwanz-an-mir-ist-absolute-hass-frisur","status":"publish","type":"post","link":"https:\/\/alte.mannschaft.lgbt\/bimber\/riccardo-simonetti-pferdeschwanz-an-mir-ist-absolute-hass-frisur\/","title":{"rendered":"Riccardo Simonetti: \u00abPferdeschwanz ist meine absolute Hass-Frisur\u00bb"},"content":{"rendered":"<h3>Riccardo Simonetti hat einen Hair-&amp;-Make-up-Artist, mit dem er \u00fcber seine Frisur entscheidet. Doch was, wenn es eskaliert? Das ist Samstag im Fernsehen zu sehen. Vorher spricht er \u00fcber absolute No-Gos.<\/h3>\n<p>Entertainer <a href=\"https:\/\/riccardosimonetti.com\/\" target=\"_blank\" rel=\"noopener\">Riccardo Simonetti<\/a> sind seine Haare nach eigener Aussage heilig. \u00abMeine ganze Woche ist nach Haarw\u00e4schen geplant. Und das werden nur Menschen mit Locken verstehen\u00bb, erkl\u00e4rte er der Deutschen Presse-Agentur. Die Haare seien ein Markenzeichen, er trage sie seit der Schulzeit lang, so der 29-J\u00e4hrige. \u00abIch liebe es, mich durch meine Haare auszudr\u00fccken und damit zu experimentieren, daher lege ich viel Wert darauf, dass sie gesund bleiben.\u00bb<\/p>\n<p>Was gar nicht geht: ein Pferdeschwanz. \u00abEin Pferdeschwanz an mir ist einfach meine absolute Hass-Frisur\u00bb, machte Simonetti deutlich. \u00abDen trage ich nicht mal, wenn ich alleine zu Hause bin. Ich finde die Frisur an mir selbst einfach nur unsexy und f\u00fchle mich damit immer wie ein zw\u00f6lf Jahre altes Pferdem\u00e4dchen.\u00bb Da gehe es aber nur um die Frisur an ihm: \u00abIch m\u00f6chte nicht pauschal sagen, dass das an anderen nicht auch gut aussehen soll\u00bb, betonte er und erg\u00e4nzte im Scherz: \u00abNicht, dass sich die Pferdeschwanz-Lobby jetzt gegen mich stellt.\u00bb<\/p>\n<blockquote><p>Ich finde die Frisur an mir selbst einfach nur unsexy und f\u00fchle mich damit immer wie ein zw\u00f6lf Jahre altes Pferdem\u00e4dchen<\/p><\/blockquote>\n<p>Simonettis Haare sind auch Thema bei der neuen Ausgabe von <a href=\"https:\/\/www.ardmediathek.de\/verstehen-sie-spass\" target=\"_blank\" rel=\"noopener\">\u00abVerstehen Sie Spass?\u00bb<\/a>. Dabei wird der Moderator und Autor bei einem vermeintlichen Fotoshooting Opfer der versteckten Kamera \u2013 bleibt aber sehr entspannt.<\/p>\n<p>\u00abIch muss ja sagen, dass die Realit\u00e4t bei solchen Shootings oft noch schlimmer ist\u00bb, meinte Simonetti dazu. \u00abIch mache das seit vielen Jahren, so schnell fahre ich da nicht aus der Haut, denn irgendeiner am Set nervt in der Regel leider immer.\u00bb Er versuche sich dann auf das Ergebnis zu konzentrieren und blende die Nervens\u00e4ge aus. \u00abIn diesem Fall war ich gar nicht so sehr genervt, ich war teilweise eher sprachlos, dass das wirklich ernst gemeint sein soll.\u00bb<\/p>\n<hr \/>\n<p><a href=\"https:\/\/mannschaft.com\/glow-up-riccardo-simonettis-queere-schmink-show-geht-weiter\/\">\u00abGlow Up\u00bb: Riccardo Simonettis queere Schmink-Show geht weiter<\/a><\/p>\n<hr \/>\n<p>Bei Intoleranz in jeglicher Form allerdings h\u00f6re f\u00fcr ihn der Spass auf. Auch hier spielen Haare eine Rolle: \u00abGenerell glaube ich, dass es in der heutigen Zeit immer noch ein Statement ist, wenn Menschen mit Gender-Konventionen brechen\u00bb, erkl\u00e4rte Simonetti, der in Bad Reichenhall aufwuchs und in Berlin lebt. Ein Mann mit langen gestylten Haaren oder eine Frau mit kurzen Haaren oder zum Beispiel auch gar keinen m\u00fcssten sich nicht selten f\u00fcr ihre Entscheidung rechtfertigen. \u00abUnd so mischt sich <a href=\"https:\/\/mannschaft.com\/tag\/homophobie\/\">Homophobie<\/a> auch manchmal damit, dass Menschen einfach finden, M\u00e4nner sollten keine langen, vermeintlich femininen, Haare haben oder sich gar schminken.\u00bb<\/p>\n<p><strong>Homophobe Attacke in Z\u00fcrich: F\u00fcnf Personen wurden unweit des Hauptbahnhofs homophob beleidigt und angegriffen. Trotz einer Platzwunde seien sie von der Polizei ratlos zur\u00fcckgelassen worden, sagt Dragqueen Vio la Cornuta <a href=\"https:\/\/mannschaft.com\/homophobe-attacke-in-zuerich-dragqueens-brutal-niedergeschlagen\/\">(MANNSCHAFT berichtete)<\/a>.<\/strong><\/p>\n","protected":false},"excerpt":{"rendered":"<p>Riccardo Simonetti hat einen Hair-&#038;-Make-up-Artist, mit dem er \u00fcber seine Frisur entscheidet. Bei Fotoshootings probiere er auch gerne mal Ungew\u00f6hnliches aus. Doch was, wenn es eskaliert? Das ist Samstag im Fernsehen zu sehen. Vorher spricht er \u00fcber absolute No-Gos. <a class=\"g1-link g1-link-more\" href=\"https:\/\/alte.mannschaft.lgbt\/bimber\/riccardo-simonetti-pferdeschwanz-an-mir-ist-absolute-hass-frisur\/\">Weiterlesen<\/a><\/p>\n","protected":false},"author":1950,"featured_media":161493,"comment_status":"closed","ping_status":"closed","sticky":false,"template":"","format":"standard","meta":[],"categories":[2534],"tags":[5535,4875],"wps_subtitle":"Bei Fotoshootings probiert er auch gerne mal Ungew\u00f6hnliches aus","_links":{"self":[{"href":"https:\/\/alte.mannschaft.lgbt\/bimber\/wp-json\/wp\/v2\/posts\/161492"}],"collection":[{"href":"https:\/\/alte.mannschaft.lgbt\/bimber\/wp-json\/wp\/v2\/posts"}],"about":[{"href":"https:\/\/alte.mannschaft.lgbt\/bimber\/wp-json\/wp\/v2\/types\/post"}],"author":[{"embeddable":true,"href":"https:\/\/alte.mannschaft.lgbt\/bimber\/wp-json\/wp\/v2\/users\/1950"}],"replies":[{"embeddable":true,"href":"https:\/\/alte.mannschaft.lgbt\/bimber\/wp-json\/wp\/v2\/comments?post=161492"}],"version-history":[{"count":8,"href":"https:\/\/alte.mannschaft.lgbt\/bimber\/wp-json\/wp\/v2\/posts\/161492\/revisions"}],"predecessor-version":[{"id":161520,"href":"https:\/\/alte.mannschaft.lgbt\/bimber\/wp-json\/wp\/v2\/posts\/161492\/revisions\/161520"}],"wp:featuredmedia":[{"embeddable":true,"href":"https:\/\/alte.mannschaft.lgbt\/bimber\/wp-json\/wp\/v2\/media\/161493"}],"wp:attachment":[{"href":"https:\/\/alte.mannschaft.lgbt\/bimber\/wp-json\/wp\/v2\/media?parent=161492"}],"wp:term":[{"taxonomy":"category","embeddable":true,"href":"https:\/\/alte.mannschaft.lgbt\/bimber\/wp-json\/wp\/v2\/categories?post=161492"},{"taxonomy":"post_tag","embeddable":true,"href":"https:\/\/alte.mannschaft.lgbt\/bimber\/wp-json\/wp\/v2\/tags?post=161492"}],"curies":[{"name":"wp","href":"https:\/\/api.w.org\/{rel}","templated":true}]}}