{"id":161470,"date":"2023-02-11T11:02:05","date_gmt":"2023-02-11T10:02:05","guid":{"rendered":"https:\/\/mannschaft.com\/?p=161470"},"modified":"2023-02-11T11:02:05","modified_gmt":"2023-02-11T10:02:05","slug":"maenner-akademie-informiert-zu-rassismus-in-queeren-communitys","status":"publish","type":"post","link":"https:\/\/alte.mannschaft.lgbt\/bimber\/maenner-akademie-informiert-zu-rassismus-in-queeren-communitys\/","title":{"rendered":"M\u00e4nner*-Akademie informiert zu Rassismus in queeren Communitys"},"content":{"rendered":"<h3>Rassismus macht auch vor der queeren Community nicht halt. Diversity-Trainer*in Naim Bal\u0131kavlayan erkl\u00e4rt die Mechanismen hinter diskriminierendem Verhalten.<\/h3>\n<p>\u00abWir sind Menschen, gepr\u00e4gt von mannigfaltigen Stereotypen und Vorurteilen und leben nunmal in einer Gesellschaft, die unbeabsichtigt oder unbewusst Menschen privilegiert, die der unausgesprochenen Norm von \u201aDeutsch-Sein\u2018 entsprechen\u00bb, erkl\u00e4rt Bal\u0131kavlayan, der mit der interaktiven Veranstaltung Menschen f\u00fcr bestehende Probleme sensibilisieren m\u00f6chte.<\/p>\n<p>Am Dienstag, dem 14. Februar, ab 19.30 Uhr m\u00f6chte er im <a href=\"https:\/\/subonline.org\/beratung\/maennerakademie\/\">schwul-queeren Zentrum SUB<\/a> in der M\u00fcllerstrasse 14 in M\u00fcnchen aufzeigen, wie oft Rassismus im Alltag vorherrscht \u2013 ob nun offensichtlich, subtil oder ungewollt <a href=\"https:\/\/mannschaft.com\/its-a-sin-omari-douglas-in-der-schule-haben-wir-nichts-ueber-aids-gelernt\/\">(MANNSCHAFT+)<\/a>. Auch in Gemeinschaften, die selbst Diskriminierung erfahren. Der Live-Stream l\u00e4uft parallel auf der <a href=\"https:\/\/www.facebook.com\/Sub.e.V.schwul.in.muenchen\">SUB-Facebook-Seite<\/a>.<\/p>\n<p>Sich Rassismen zu bedienen, sich unbewusst rassistisch zu verhalten oder vom rassistischen System zu profitieren, sagt Bal\u0131kavlayan, mache nicht per se zu Rassist*innen. Diese Schubladen w\u00fcrden hingegen Orientierung und Sicherheit geben. \u00abEs geht immer um Macht\u00bb, sagt Bal\u0131kavlayan und betont, dass die Kombination aus Stereotypen, Vorurteilen plus Privilegien, dazu f\u00fchren k\u00f6nne, dass Personen andere diskriminieren, die im Hinblick auf die gesellschaftliche Stellung deprivilegiert sind.<\/p>\n<p>Durch ein <a href=\"https:\/\/mannschaft.com\/zeichen-gegen-rassismus-und-homophobie-bei-deutschem-laenderspiel\/\">Bewusstmachen<\/a> der eigenen Voreingenommenheit und ein sich st\u00e4ndiges Fortbilden, k\u00f6nne dem aber entgegen gewirkt werden. \u00abWenn wir wollen, dass sich alle Mitglieder unserer Gesellschaft wohl- , aufgehoben und repr\u00e4sentiert f\u00fchlen \u2013 ungeachtet dessen, ob sie einen migrantischen Hintergrund haben oder nicht \u2013 m\u00fcssen wir Chancengerechtigkeit f\u00f6rdern und f\u00fcr eine authentische Art von Inklusion sorgen. Wir m\u00fcssen \u00fcberall dort, wo Gesellschaft entsteht, Vielfalt entwickeln\u00bb, sagt Bal\u0131kavlayan.<\/p>\n<hr \/>\n<p><a href=\"https:\/\/mannschaft.com\/a-league-of-their-own-rassismus-trifft-rollenklischees\/\">Mehr zum Thema: \u00abA League of Their Own\u00bb \u2013 Rassismus trifft Rollenklischees<\/a><\/p>\n<hr \/>\n<p>Weiter fordert er: \u00abMitgef\u00fchl allein f\u00fcr rassifizierte Personengruppen reicht daf\u00fcr nicht. Es braucht strukturelle Ver\u00e4nderungsprozesse.\u201c<\/p>\n<p>Das SUB ist das <a href=\"https:\/\/mannschaft.com\/sub-zeigt-shame-free-zone-support-fuer-lgbtiq-in-polen\/\">Schwule Kommunikations- und Kulturzentrum M\u00fcnchens<\/a>. Seit 1986 setzt sich der Verein f\u00fcr die Belange schwuler, inzwischen auch bisexueller und queerer M\u00e4nner* sowie von trans Personen ein. Das schwul-queere Zentrums M\u00fcnchens bietet psychosoziale Beratung, Programme zur sexuellen Gesundheit und beherbergt die LGBTIQ-Fachstelle gegen Diskriminierung und Gewalt Strong! Ausserdem betreibt das Sub ein Caf\u00e9, in dem regelm\u00e4ssig Kulturveranstaltungen stattfinden. Die M\u00e4nner*-Akademie ist ein Angebot der Beratungsstelle im SUB.<\/p>\n<p>Wie in jedem Wintersemester halten Expert*innen jeden zweiten Dienstag im Monat Vortr\u00e4ge zur M\u00e4nner*-Gesundheit. Die Teilnahme ist ohne Anmeldung und kostenlos m\u00f6glich.<\/p>\n","protected":false},"excerpt":{"rendered":"<p>#M\u00fcnchen \u2013 #Rassismus macht auch vor der #queeren Community nicht halt. #Diversity-Trainer*in Naim #Bal\u0131kavlayan informiert \u00fcber die Mechanismen hinter diskriminierendem Verhalten <a class=\"g1-link g1-link-more\" href=\"https:\/\/alte.mannschaft.lgbt\/bimber\/maenner-akademie-informiert-zu-rassismus-in-queeren-communitys\/\">Weiterlesen<\/a><\/p>\n","protected":false},"author":1,"featured_media":161561,"comment_status":"closed","ping_status":"closed","sticky":false,"template":"","format":"standard","meta":[],"categories":[10],"tags":[5495,5461],"wps_subtitle":"Vortrag \u00fcber die Mechanismen hinter diskriminierendem Verhalten","_links":{"self":[{"href":"https:\/\/alte.mannschaft.lgbt\/bimber\/wp-json\/wp\/v2\/posts\/161470"}],"collection":[{"href":"https:\/\/alte.mannschaft.lgbt\/bimber\/wp-json\/wp\/v2\/posts"}],"about":[{"href":"https:\/\/alte.mannschaft.lgbt\/bimber\/wp-json\/wp\/v2\/types\/post"}],"author":[{"embeddable":true,"href":"https:\/\/alte.mannschaft.lgbt\/bimber\/wp-json\/wp\/v2\/users\/1"}],"replies":[{"embeddable":true,"href":"https:\/\/alte.mannschaft.lgbt\/bimber\/wp-json\/wp\/v2\/comments?post=161470"}],"version-history":[{"count":4,"href":"https:\/\/alte.mannschaft.lgbt\/bimber\/wp-json\/wp\/v2\/posts\/161470\/revisions"}],"predecessor-version":[{"id":161472,"href":"https:\/\/alte.mannschaft.lgbt\/bimber\/wp-json\/wp\/v2\/posts\/161470\/revisions\/161472"}],"wp:featuredmedia":[{"embeddable":true,"href":"https:\/\/alte.mannschaft.lgbt\/bimber\/wp-json\/wp\/v2\/media\/161561"}],"wp:attachment":[{"href":"https:\/\/alte.mannschaft.lgbt\/bimber\/wp-json\/wp\/v2\/media?parent=161470"}],"wp:term":[{"taxonomy":"category","embeddable":true,"href":"https:\/\/alte.mannschaft.lgbt\/bimber\/wp-json\/wp\/v2\/categories?post=161470"},{"taxonomy":"post_tag","embeddable":true,"href":"https:\/\/alte.mannschaft.lgbt\/bimber\/wp-json\/wp\/v2\/tags?post=161470"}],"curies":[{"name":"wp","href":"https:\/\/api.w.org\/{rel}","templated":true}]}}