{"id":161390,"date":"2023-02-06T15:51:54","date_gmt":"2023-02-06T14:51:54","guid":{"rendered":"https:\/\/mannschaft.com\/?p=161390"},"modified":"2023-02-06T15:55:21","modified_gmt":"2023-02-06T14:55:21","slug":"zuercher-alterswohnungen-fuer-lgbtiq-gefahr-der-ghettoisierung","status":"publish","type":"post","link":"https:\/\/alte.mannschaft.lgbt\/bimber\/zuercher-alterswohnungen-fuer-lgbtiq-gefahr-der-ghettoisierung\/","title":{"rendered":"Z\u00fcrcher Alterswohnungen f\u00fcr LGBTIQ: Gefahr der \u00abGhettoisierung\u00bb?"},"content":{"rendered":"<h3>Mitten in Z\u00fcrich entstehen bis 2025 Alterswohnungen f\u00fcr LGBTIQ-Senior*innen. Der mitwirkende Verein Queer Altern muss auch kritische Fragen zum Pionierprojekt beantworten.<\/h3>\n<p>Beste Lage in der Stadt Z\u00fcrich, eingebettet in einen Park, gut mit dem \u00d6V erreichbar: Die <a href=\"https:\/\/queeraltern.ch\/espenhof-basisinformation\/\" target=\"_blank\" rel=\"noopener\">Siedlung Espenhof<\/a> im Z\u00fcrcher Quartier Albisrieden bietet zweifellos beste Voraussetzungen f\u00fcr das Wohnen im Alter. 135 neue Wohnungen f\u00fcr \u00e4ltere Menschen sollen hier bis 2025 entstehen \u2013 26 Wohnungen sowie ein Grossteil der 24 Pl\u00e4tze in den drei Pflegewohngruppen sind f\u00fcr Angeh\u00f6rige der LGBTIQ-Community reserviert. Ein schweizweit einmaliges Konzept, das eine der ersten Massnahmen der <a href=\"https:\/\/www.youtube.com\/watch?v=ZPMHoK6X6xY\" target=\"_blank\" rel=\"noopener\">Altersstrategie 2035<\/a> der Stadt Z\u00fcrich darstellt (<a href=\"https:\/\/mannschaft.com\/zuerich-kuendigt-alterswohnungen-fuer-queere-menschen-an\/\" target=\"_blank\" rel=\"noopener\">MANNSCHAFT berichtete<\/a>).<\/p>\n<p>Entwickelt und betreut wird das Projekt Espenhof von der Stiftung f\u00fcr Alterswohnungen der Stadt Z\u00fcrich, den Gesundheitszentren f\u00fcr das Alter der Stadt Z\u00fcrich sowie Queer Altern. Wer als queerer Mensch im Espenhof leben m\u00f6chte, muss \u00fcber 60 sein und seit mindestens zwei Jahren in Z\u00fcrich wohnen.<\/p>\n<p><strong>Ganzheitliches Angebot<\/strong><br \/>\nGeplant sei ein ganzheitliches Angebot. Dieses erlaube, \u00abim fliessenden \u00dcbergang von selbst\u00e4ndigem Wohnen \u00fcber Unterst\u00fctzungsangebote nach Bedarf bis zur station\u00e4ren Pflege in Pflegewohngruppen in einer vorurteilsfreien Gemeinschaft \u00e4lter zu werden\u00bb, wie der Verein Queer Altern auf seiner Website schreibt.<\/p>\n<p>Viele Schwule, Lesben, nicht-bin\u00e4re und trans Menschen seien heutzutage nicht mehr bereit, sich zu verstellen oder zu verstecken \u2013 das soll sich im Alter nicht \u00e4ndern, findet Christian Wapp, Vizepr\u00e4sident von Queer Altern. Im Interview mit dem <em>Magazin Artiset<\/em> sagt er: \u00abSie m\u00f6chten sich in einer Altersinstitution nicht wie ein Alien f\u00fchlen. Und sie haben es satt, sich st\u00e4ndig aufs Neue outen zu m\u00fcssen.\u00bb<\/p>\n<p><strong>Gefahr der Segregation?<\/strong><br \/>\nSo sinnvoll und wichtig das Pionierprojekt klingt: Christian Wapp muss auch kritische Fragen dazu beantworten. So etwa im Interview mit dem sozialen Netzwerk <em>Seniorweb<\/em>. Ein Journalist der Plattform wollte von Wapp wissen, ob im Espenhof ein queeres Ghetto entstehe. Diese den queeren Menschen vorbehaltene Institution drohe n\u00e4mlich statt der Integration von LGBTIQ in die Gesellschaft eine Segregation zu verursachen.<\/p>\n<p>Vom Begriff \u00abGhetto\u00bb will sich Christian Wapp deutlich distanzieren. \u00abJuden mussten ihre Leben in Ghettos abgesondert und ohne Kontakt zur nicht-j\u00fcdischen Bev\u00f6lkerung leben. Doch wir sind Teil eines Ganzen.\u00bb Der Espenhof soll ein Safe Space werden. \u00abWir werden Veranstaltungen f\u00fcr alle Siedlungs- und Quartierbewohnenden organisieren\u00bb, so Wapp weiter.<\/p>\n<p>Auch auf der Website geht Queer Altern auf das \u00abGhetto-Argument\u00bb ein: \u00abWir wollen uns nicht abschotten, sondern uns gegenseitig unterst\u00fctzen.\u00bb Es handle sich nur um ein Haus einer Siedlung mit mehreren H\u00e4usern, integriert in ein Wohnquartier in der N\u00e4he der Stadtg\u00e4rtnerei. \u00abWir wollen uns schon vor Bezug des queeren Lebensortes m\u00f6glichst breit vernetzen.\u00bb<\/p>\n<hr \/>\n<p><a href=\"https:\/\/mannschaft.com\/respekt-und-wertschaetzung-altern-unterm-regenbogen\/\">Mehr zum Thema: Altern unterm Regenbogen \u2013 mit \u00abRespekt und Wertsch\u00e4tzung\u00bb\u00a0<\/a><\/p>\n<hr \/>\n<p><strong>Veranstaltungshinweis<\/strong><br \/>\nHAB Queer Bern organisiert am 18. M\u00e4rz 2023 eine Veranstaltung zum Thema \u00abSchwule und bi M\u00e4nner altern anders \u2013 oder doch nicht?\u00bb. Auf dem Programm stehen diverse Inputs, Workshops und ein Ap\u00e9ro. Dabei sollen die Erfahrungen und Bef\u00fcrchtungen der Teilnehmer im Hinblick auf das \u00c4lterwerden tiefsinnig reflektiert werden.<\/p>\n<p>Der Anlass dauert von 13:30 Uhr bis 21:00 Uhr und findet in der Villa Bernau in Wabern bei Bern statt. Mehr Infos und die M\u00f6glichkeit zur Anmeldung gibt es <a href=\"https:\/\/habqueerbern.ch\/terminkalender\/anders-altern\/\" target=\"_blank\" rel=\"noopener\">unter diesem Link<\/a>.<\/p>\n","protected":false},"excerpt":{"rendered":"<p>Mitten in Z\u00fcrich entstehen bis 2025 Alterswohnungen f\u00fcr LGBTIQ-Senior*innen. Der mitwirkende Verein Queer Altern muss auch kritische Fragen zum Pionierprojekt beantworten. <a class=\"g1-link g1-link-more\" href=\"https:\/\/alte.mannschaft.lgbt\/bimber\/zuercher-alterswohnungen-fuer-lgbtiq-gefahr-der-ghettoisierung\/\">Weiterlesen<\/a><\/p>\n","protected":false},"author":42,"featured_media":85666,"comment_status":"closed","ping_status":"closed","sticky":false,"template":"","format":"standard","meta":[],"categories":[10,1340],"tags":[5538,39],"wps_subtitle":"Es entstehen 26 Wohnungen und zahlreiche Pflegepl\u00e4tze nur f\u00fcr \u00e4ltere Angeh\u00f6rige der Community","_links":{"self":[{"href":"https:\/\/alte.mannschaft.lgbt\/bimber\/wp-json\/wp\/v2\/posts\/161390"}],"collection":[{"href":"https:\/\/alte.mannschaft.lgbt\/bimber\/wp-json\/wp\/v2\/posts"}],"about":[{"href":"https:\/\/alte.mannschaft.lgbt\/bimber\/wp-json\/wp\/v2\/types\/post"}],"author":[{"embeddable":true,"href":"https:\/\/alte.mannschaft.lgbt\/bimber\/wp-json\/wp\/v2\/users\/42"}],"replies":[{"embeddable":true,"href":"https:\/\/alte.mannschaft.lgbt\/bimber\/wp-json\/wp\/v2\/comments?post=161390"}],"version-history":[{"count":3,"href":"https:\/\/alte.mannschaft.lgbt\/bimber\/wp-json\/wp\/v2\/posts\/161390\/revisions"}],"predecessor-version":[{"id":161404,"href":"https:\/\/alte.mannschaft.lgbt\/bimber\/wp-json\/wp\/v2\/posts\/161390\/revisions\/161404"}],"wp:featuredmedia":[{"embeddable":true,"href":"https:\/\/alte.mannschaft.lgbt\/bimber\/wp-json\/wp\/v2\/media\/85666"}],"wp:attachment":[{"href":"https:\/\/alte.mannschaft.lgbt\/bimber\/wp-json\/wp\/v2\/media?parent=161390"}],"wp:term":[{"taxonomy":"category","embeddable":true,"href":"https:\/\/alte.mannschaft.lgbt\/bimber\/wp-json\/wp\/v2\/categories?post=161390"},{"taxonomy":"post_tag","embeddable":true,"href":"https:\/\/alte.mannschaft.lgbt\/bimber\/wp-json\/wp\/v2\/tags?post=161390"}],"curies":[{"name":"wp","href":"https:\/\/api.w.org\/{rel}","templated":true}]}}