{"id":161345,"date":"2023-02-06T11:08:03","date_gmt":"2023-02-06T10:08:03","guid":{"rendered":"https:\/\/mannschaft.com\/?p=161345"},"modified":"2023-02-06T11:09:04","modified_gmt":"2023-02-06T10:09:04","slug":"die-pride-zentralschweiz-geht-in-die-zweite-runde","status":"publish","type":"post","link":"https:\/\/alte.mannschaft.lgbt\/bimber\/die-pride-zentralschweiz-geht-in-die-zweite-runde\/","title":{"rendered":"Die Pride Zentralschweiz geht in die zweite Runde"},"content":{"rendered":"<h3>Nachdem an der Generalversammlung der Vorstand best\u00e4tigt und erweitert werden konnte, wurde auch das Motto der diesj\u00e4hrigen Pride vorgestellt \u2013 \u00abZ\u00e4me!\u00bb. Am 26. August ist es soweit.<\/h3>\n<p>Nach einer ersten Durch\u00fchrung der Pride Zentralschweiz im letzten Jahr <a href=\"https:\/\/mannschaft.com\/zum-ersten-mal-nach-17-jahren-pride-zog-durch-luzern\/\">(MANNSCHAFT berichtete)<\/a>, plant das Team nun die Fortsetzung. 2023 soll es, zus\u00e4tzlich zum Demonstrationsumzug, einen Eventtag geben. Am 26. August werden Infost\u00e4nde diverser Organisationen aufgestellt, wo die Community diskutieren und sich informieren sowie Regenbogenartikel erwerben kann.<\/p>\n<p>Wie die Organisator*innen in einer Medienmitteilung schreiben, soll das leibliche und seelische Wohl dabei nicht zu kurz kommen. Auf einer B\u00fchne mitten in der Stadt Luzern plane man Vorf\u00fchrungen mit verschiedenen Interpret*innen. Von <a href=\"https:\/\/mannschaft.com\/tag\/dragqueen\/\">Drag<\/a> \u00fcber Performances bis hin zu Gesang sei f\u00fcr alle gesorgt. Mit einem Kinderprogramm wolle man auch die Familien mit einbeziehen.<\/p>\n<p>Mit dem Motto \u00abZ\u00e4me!\u00bb will die Pride Zentralschweiz das Zusammengeh\u00f6rigkeitsgef\u00fchl der Community st\u00e4rken: \u00abAlle gemeinsam, f\u00fcreinander, miteinander. Sei es schwul, lesbisch, trans, B\u00e4rchen, im Rollstuhl, Otter, Twink, sehbehindert, alt, jung, \u2026 \u2013 einfach alle \u2013 auch Cis Heteros\u00bb, schreiben die Organisator*innen. \u00abAlle sind eingeladen mitzumachen.\u00bb<\/p>\n<p>Nachdem bei der letztj\u00e4hrigen Durchf\u00fchrung der Luzerner Stadtpr\u00e4sident Beat Z\u00fcsli eine Rede hielt, will die Pride Zentralschweiz auch dieses Jahr die Politik involvieren. Das OK will verschiedenen Parteien das Gespr\u00e4ch suchen und somit \u00abeine Verbesserung der Zust\u00e4nde f\u00fcr <a href=\"https:\/\/mannschaft.com\/tag\/lgbtiq\/\">LGBTIQ<\/a>-Personen in Luzern und der Zentralschweiz\u00bb anstreben.<\/p>\n<p>In den Wochen vor der Pride planen die Organisator*innen verschiedene Veranstaltungen, u.a. Podiumsdiskussionen in der Zentralschweiz. Besonders in der Pride-Week, also die Woche vor der Pride, wolle man mit weiteren Aktionen sichtbar werden.<\/p>\n<p>Am Abend des 26. August soll dann die Kundgebung stattfinden, begleitet vom leuchtenden Demonstrationsumzug durch die <a href=\"https:\/\/www.luzern.com\/de\/\" target=\"_blank\" rel=\"noopener\">Stadt Luzern<\/a>. Die Absprachen mit der Stadt Luzern sei bereits in vollem Gange. Wie die Organisator*innen schreiben, habe man vom letzten Jahr dazu gelernt: Der Demontrationsroute soll l\u00e4nger werden und nicht direkt auf der Strasse enden. \u00abEbenfalls gibt es eine gr\u00f6ssere Location f\u00fcr die Afterparty, damit alle Platz haben\u00bb, so die Pride Zentralschweiz in der Medienmitteilung.<\/p>\n<hr \/>\n<p><a href=\"https:\/\/mannschaft.com\/2-pride-in-liechtenstein-kommt-erzbischof-haas-spaltet-weiter\/\">2. Pride in Liechtenstein kommt \u2013 Erzbischof Haas spaltet weiter, die geplante Ehe\u00f6ffnung passt dem Mann nicht.\u00a0<\/a><\/p>\n<hr \/>\n<p>Wer an dem Event mitmachen m\u00f6chte, sei es aktiv bei der Planung oder mit einem Stand, k\u00f6nne sich bei der <a href=\"mailto:info@pride-zentralschweiz.lgbt\">Pride Zentralschweiz<\/a> melden. Weitere Informationen auf <a href=\"https:\/\/www.pride-zentralschweiz.lgbt\/\" target=\"_blank\" rel=\"noopener\">pride-zentralschweiz.lgbt.<\/a><\/p>\n<p><strong>Vienna International Pride Awards f\u00fcr mehr LGBTIQ Inklusion: Mit einer neuen Ehrung sollen Aktivist*innen geehrt werden, die sich f\u00fcr die Gleichstellung von LGBTIQ einsetzen. Dahinter steht u.a. das Entwicklungsprogramm der Vereinten Nationen, die MTV Staying Alive Foundation und ILGA-World <a href=\"https:\/\/mannschaft.com\/vienna-international-pride-awards-fuer-mehr-lgbtiq-inklusion\/\">(MANNSCHAFT berichtete)<\/a>.<\/strong><\/p>\n","protected":false},"excerpt":{"rendered":"<p>Die Pride Zentralschweiz geht 2023 in die zweite Runde. Nachdem an der Generalversammlung der Vorstand best\u00e4tigt und erweitert werden konnte, wurde das Motto und das Datum der diesj\u00e4hrigen Pride bekannt gegeben. <a class=\"g1-link g1-link-more\" href=\"https:\/\/alte.mannschaft.lgbt\/bimber\/die-pride-zentralschweiz-geht-in-die-zweite-runde\/\">Weiterlesen<\/a><\/p>\n","protected":false},"author":1,"featured_media":0,"comment_status":"closed","ping_status":"closed","sticky":false,"template":"","format":"standard","meta":[],"categories":[1340],"tags":[1401,5503],"wps_subtitle":"Das diesj\u00e4hrige Motto lautet \u00abZ\u00e4me!\u00bb","_links":{"self":[{"href":"https:\/\/alte.mannschaft.lgbt\/bimber\/wp-json\/wp\/v2\/posts\/161345"}],"collection":[{"href":"https:\/\/alte.mannschaft.lgbt\/bimber\/wp-json\/wp\/v2\/posts"}],"about":[{"href":"https:\/\/alte.mannschaft.lgbt\/bimber\/wp-json\/wp\/v2\/types\/post"}],"author":[{"embeddable":true,"href":"https:\/\/alte.mannschaft.lgbt\/bimber\/wp-json\/wp\/v2\/users\/1"}],"replies":[{"embeddable":true,"href":"https:\/\/alte.mannschaft.lgbt\/bimber\/wp-json\/wp\/v2\/comments?post=161345"}],"version-history":[{"count":5,"href":"https:\/\/alte.mannschaft.lgbt\/bimber\/wp-json\/wp\/v2\/posts\/161345\/revisions"}],"predecessor-version":[{"id":161355,"href":"https:\/\/alte.mannschaft.lgbt\/bimber\/wp-json\/wp\/v2\/posts\/161345\/revisions\/161355"}],"wp:attachment":[{"href":"https:\/\/alte.mannschaft.lgbt\/bimber\/wp-json\/wp\/v2\/media?parent=161345"}],"wp:term":[{"taxonomy":"category","embeddable":true,"href":"https:\/\/alte.mannschaft.lgbt\/bimber\/wp-json\/wp\/v2\/categories?post=161345"},{"taxonomy":"post_tag","embeddable":true,"href":"https:\/\/alte.mannschaft.lgbt\/bimber\/wp-json\/wp\/v2\/tags?post=161345"}],"curies":[{"name":"wp","href":"https:\/\/api.w.org\/{rel}","templated":true}]}}