{"id":161107,"date":"2023-02-02T15:57:13","date_gmt":"2023-02-02T14:57:13","guid":{"rendered":"https:\/\/mannschaft.com\/?p=161107"},"modified":"2023-02-02T15:58:55","modified_gmt":"2023-02-02T14:58:55","slug":"totenmesse-fuer-den-lgbtiq-feindlichen-kardinal-pell-in-sydney","status":"publish","type":"post","link":"https:\/\/alte.mannschaft.lgbt\/bimber\/totenmesse-fuer-den-lgbtiq-feindlichen-kardinal-pell-in-sydney\/","title":{"rendered":"Totenmesse f\u00fcr den LGBTIQ-feindlichen Kardinal Pell in Sydney"},"content":{"rendered":"<h3>Unter grossem Polizeiaufgebot und begleitet von Protesten ist in der St. Mary&#8217;s Cathedral in Sydney die Totenmesse f\u00fcr den umstrittenen australischen Kardinal George Pell abgehalten worden.<\/h3>\n<p>Der vor drei Wochen in Rom gestorbene Pell <a href=\"https:\/\/mannschaft.com\/homophober-kardinal-george-pell-gestorben\/\">(MANNSCHAFT berichtete)<\/a> war der rangh\u00f6chste Geistliche in der Geschichte der katholischen Kirche, der wegen Kindesmissbrauchs verurteilt wurde. Im Jahr 2020 wurde er aber in einem Berufungsverfahren nach rund 13 Monaten Haft freigesprochen und aus dem Gef\u00e4ngnis entlassen.<\/p>\n<p>Tausende str\u00f6mten nach Medienberichten am Donnerstag zu der Kirche, um Abschied zu nehmen. Viele verfolgten das Requiem auf Leinw\u00e4nden vor der Kathedrale.<\/p>\n<p>\u00abAuch nachdem er vom High Court einstimmig entlastet wurde, d\u00e4monisierten ihn einige weiterhin\u00bb, sagte Erzbischof Anthony Fisher, der die Messe zelebrierte. Pell habe aber ein grosses Verm\u00e4chtnis hinterlassen und sei der \u00abeinflussreichste Kirchenmann in der Geschichte der Nation\u00bb gewesen.<\/p>\n<p>Premierminister Anthony Albanese und der Regionalpremier des Bundesstaates New South Wales, Dominic Perrottet, nahmen nicht an der Messe teil. Die australische Regierung hatte schon kurz nach Pells Tod ein Staatsbegr\u00e4bnis ausgeschlossen aus R\u00fccksicht gegen\u00fcber den Missbrauchsopfern <a href=\"https:\/\/mannschaft.com\/kein-staatsbegraebnis-fuer-umstrittenen-kardinal-george-pell-in-australien\/\">(MANNSCHAFT berichtete)<\/a>.<\/p>\n<p>Einsatzkr\u00e4fte errichteten eine Pufferzone zwischen Trauernden und Protestierenden. \u00abWir sind nicht hier, um \u00c4rger zu machen, wir sind hier, um auf den Missbrauch aufmerksam zu machen, das ist alles\u00bb, sagte ein Demonstrant der <a href=\"https:\/\/www.aap.com.au\/news\/protesters-to-rally-outside-cardinal-pell-funeral-mass\/\" target=\"_blank\" rel=\"noopener\"><em>Nachrichtenagentur AAP<\/em><\/a>.<\/p>\n<blockquote><p>Wir wollen eine starke, laute, lebendige und sichtbare Kundgebung, um allem entgegenzutreten, wof\u00fcr Pell stand<\/p><\/blockquote>\n<p>Der Organisator der Kundgebung erkl\u00e4rte, die Teilnehmenden w\u00fcrden sich an die Anweisungen der Polizei halten. \u00abWir wollen eine starke, laute, lebendige und sichtbare Kundgebung, um allem entgegenzutreten, wof\u00fcr Pell stand\u00bb, sagte er. Der Kardinal war auch wegen seiner konservativen Haltung zu Themen wie <a href=\"https:\/\/mannschaft.com\/tag\/ehe-fuer-alle\/\">Ehe f\u00fcr alle<\/a> und Abtreibungsrecht in der Kritik.<\/p>\n<p>Sein Sarg war am Mittwoch in der Kathedrale aufgebahrt worden. Seither brachten zahlreiche Menschen an einem Zaun bunte B\u00e4nder im Gedenken an Missbrauchsopfer an. Trauernde versuchten Berichten zufolge, diese wieder abzureissen. Es kam kurzzeitig zu Spannungen.<\/p>\n<p>Pell, jahrelang die Nummer drei im Vatikan, war im Alter von 81 Jahren nach einer Routineoperation gestorben. Nach der Totenmesse sollte er er in der Krypta der Kathedrale beigesetzt werden.<\/p>\n<p><strong>Bis zuletzt wetterte der verstorbene Kardinal gegen LGBTIQ. Noch kurz vor seinem Tod verfasste der 81-J\u00e4hrige queerfeindliche Tiraden. Die Zeitung <a href=\"https:\/\/www.abc.net.au\/news\/2023-01-14\/cardinal-george-pell-final-days\/101851320\" target=\"_blank\" rel=\"noopener\"><em>The Spectator<\/em><\/a> hat seinen letzten Text ver\u00f6ffentlicht, in dem der Kardinal \u00fcber die \u00abimmer tiefer werdende Verwirrung\u00bb der Kirche klagt \u2013 besonders was Inklusivit\u00e4t und Akzeptanz von queeren Menschen angeht <a href=\"https:\/\/mannschaft.com\/toxischer-alptraum-kardinal-pell-wetterte-bis-zuletzt-gegen-lgbtiq\/\">(MANNSCHAFT berichtete)<\/a>.<\/strong><\/p>\n","protected":false},"excerpt":{"rendered":"<p>Unter grossem Polizeiaufgebot und begleitet von Protesten ist in der St. Mary&#8217;s Cathedral in Sydney die Totenmesse f\u00fcr den umstrittenen australischen Kardinal GeorgePell abgehalten worden. <a class=\"g1-link g1-link-more\" href=\"https:\/\/alte.mannschaft.lgbt\/bimber\/totenmesse-fuer-den-lgbtiq-feindlichen-kardinal-pell-in-sydney\/\">Weiterlesen<\/a><\/p>\n","protected":false},"author":1950,"featured_media":158967,"comment_status":"closed","ping_status":"closed","sticky":false,"template":"","format":"standard","meta":[],"categories":[2],"tags":[93,5501,5512],"wps_subtitle":"Eine von Protesten und grossem Polizeiaufgebot begleitete Zeremonie","_links":{"self":[{"href":"https:\/\/alte.mannschaft.lgbt\/bimber\/wp-json\/wp\/v2\/posts\/161107"}],"collection":[{"href":"https:\/\/alte.mannschaft.lgbt\/bimber\/wp-json\/wp\/v2\/posts"}],"about":[{"href":"https:\/\/alte.mannschaft.lgbt\/bimber\/wp-json\/wp\/v2\/types\/post"}],"author":[{"embeddable":true,"href":"https:\/\/alte.mannschaft.lgbt\/bimber\/wp-json\/wp\/v2\/users\/1950"}],"replies":[{"embeddable":true,"href":"https:\/\/alte.mannschaft.lgbt\/bimber\/wp-json\/wp\/v2\/comments?post=161107"}],"version-history":[{"count":9,"href":"https:\/\/alte.mannschaft.lgbt\/bimber\/wp-json\/wp\/v2\/posts\/161107\/revisions"}],"predecessor-version":[{"id":161187,"href":"https:\/\/alte.mannschaft.lgbt\/bimber\/wp-json\/wp\/v2\/posts\/161107\/revisions\/161187"}],"wp:featuredmedia":[{"embeddable":true,"href":"https:\/\/alte.mannschaft.lgbt\/bimber\/wp-json\/wp\/v2\/media\/158967"}],"wp:attachment":[{"href":"https:\/\/alte.mannschaft.lgbt\/bimber\/wp-json\/wp\/v2\/media?parent=161107"}],"wp:term":[{"taxonomy":"category","embeddable":true,"href":"https:\/\/alte.mannschaft.lgbt\/bimber\/wp-json\/wp\/v2\/categories?post=161107"},{"taxonomy":"post_tag","embeddable":true,"href":"https:\/\/alte.mannschaft.lgbt\/bimber\/wp-json\/wp\/v2\/tags?post=161107"}],"curies":[{"name":"wp","href":"https:\/\/api.w.org\/{rel}","templated":true}]}}