{"id":159155,"date":"2023-01-12T03:43:12","date_gmt":"2023-01-12T02:43:12","guid":{"rendered":"https:\/\/mannschaft.com\/?p=159155"},"modified":"2023-01-13T23:17:11","modified_gmt":"2023-01-13T22:17:11","slug":"kein-staatsbegraebnis-fuer-umstrittenen-kardinal-george-pell-in-australien","status":"publish","type":"post","link":"https:\/\/alte.mannschaft.lgbt\/bimber\/kein-staatsbegraebnis-fuer-umstrittenen-kardinal-george-pell-in-australien\/","title":{"rendered":"Kein Staatsbegr\u00e4bnis f\u00fcr umstrittenen Kardinal Pell in Australien"},"content":{"rendered":"<h3>Nach dem Tod des australischen Kardinals George Pell <a href=\"https:\/\/mannschaft.com\/homophober-kardinal-george-pell-gestorben\/\">(MANNSCHAFT berichtete)<\/a> soll es in seiner Heimat kein Staatsbegr\u00e4bnis f\u00fcr den umstrittenen Kirchenmann geben. Diese M\u00f6glichkeit werde \u00abganz klar\u00bb ausgeschlossen, sagte der Premierminister des Bundesstaates Victoria, Daniel Andrews, am Donnerstag.<\/h3>\n<p>Er k\u00f6nne sich \u00abnichts Schmerzlicheres\u00bb f\u00fcr Menschen vorstellen, die Opfer von sexuellem Missbrauch geworden seien, als ein solches Staatsbegr\u00e4bnis, betonte Andrews <a href=\"https:\/\/www.9news.com.au\/national\/george-pell-death-daniel-andrews-very-clear-that-george-pell-will-not-get-a-state-memorial-service\/c86c6313-9ff6-4cae-bcf5-8088ebaf3c5b\" target=\"_blank\" rel=\"noopener\">gegen\u00fcber 9News<\/a>. Gleichzeitig dr\u00fcckte er Pells Familie, Kollegen und Freunden sein Beileid aus.<\/p>\n<p>Der am Dienstag im Alter von 81 Jahren in Rom gestorbene Geistliche war unter Franziskus jahrelang die Nummer drei im <a href=\"https:\/\/mannschaft.com\/tag\/vatikan\/\">Vatikan<\/a> und der rangh\u00f6chste Geistliche in der Geschichte der katholischen Kirche, der wegen Kindesmissbrauchs verurteilt wurde. Im Jahr 2020 wurde Pell jedoch im Berufungsverfahren nach rund 13 Monaten Haft freigesprochen und aus dem Gef\u00e4ngnis entlassen. Bis zuletzt hatte er sich f\u00fcr die Anerkennung homosexueller Partnerschaften ausgesprochen, das hielt er f\u00fcr \u00abirrig\u00bb<\/p>\n<p>Der Kardinal war fr\u00fcher Erzbischof von Melbourne, der Hauptstadt von Victoria, sowie von Sydney, der Hauptstadt der Nachbarregion New South Wales. In beiden Bundesstaaten werde ein Staatsbegr\u00e4bnis ausgeschlossen, <a href=\"https:\/\/www.aapnews.com.au\/news\/pell-suffered-with-grace-top-catholic\/MJEBRTnV\" target=\"_blank\" rel=\"noopener\">berichtete die australische Nachrichtenagentur AAP<\/a>.<\/p>\n<p>Der Leichnam soll in den n\u00e4chsten Tagen von Rom nach Australien geflogen werden. In der St. Mary&#8217;s Cathedral in Sydney ist Berichten zufolge eine Totenmesse geplant. Anschliessend soll Pell in der Krypta der Kirche beigesetzt werden.<\/p>\n<hr \/>\n<p><a href=\"https:\/\/mannschaft.com\/priesteranwaerter-sexuell-missbraucht-haftstrafe-fuer-freund-des-papstes\/\">Ein ehemaliger Bischof ist wegen sexuellen Missbrauchs von einem Gericht in Argentinien zu einer viereinhalbj\u00e4hrigen Freiheitsstrafe verurteilt worden.<\/a><\/p>\n<hr \/>\n<p>Der Fall, f\u00fcr den Pell in seiner Heimat der Prozess gemacht wurde, reichte in die Jahre 1996\/97 zur\u00fcck, als er gerade Erzbischof von Melbourne geworden war. Nach einem Gottesdienst soll er sich an zwei Chorknaben vergangen haben, die damals 13 Jahre alt waren. Pell hatte die Vorw\u00fcrfe bestritten.<\/p>\n<p>Das h\u00f6chste australische Gericht gab dem Berufungsantrag im April 2020 mangels Beweisen statt. Nach 13 Monaten kam Pell \u00fcberraschend frei &#8211; und kehrte wenige Monate nach seiner Freilassung mitten in der Corona-Pandemie in den Vatikan zur\u00fcck.<\/p>\n","protected":false},"excerpt":{"rendered":"<p>Nach dem Tod des australischen Kardinals George Pell soll es in seiner Heimat kein Staatsbegr\u00e4bnis f\u00fcr den homophoben Kirchenmann geben. Aus R\u00fccksicht auf Opfer von sexuellem Missbrauch.  <a class=\"g1-link g1-link-more\" href=\"https:\/\/alte.mannschaft.lgbt\/bimber\/kein-staatsbegraebnis-fuer-umstrittenen-kardinal-george-pell-in-australien\/\">Weiterlesen<\/a><\/p>\n","protected":false},"author":1950,"featured_media":159157,"comment_status":"closed","ping_status":"closed","sticky":false,"template":"","format":"standard","meta":[],"categories":[2],"tags":[93,5501,5512],"wps_subtitle":"Aus R\u00fccksicht auf Opfer von sexuellem Missbrauch","_links":{"self":[{"href":"https:\/\/alte.mannschaft.lgbt\/bimber\/wp-json\/wp\/v2\/posts\/159155"}],"collection":[{"href":"https:\/\/alte.mannschaft.lgbt\/bimber\/wp-json\/wp\/v2\/posts"}],"about":[{"href":"https:\/\/alte.mannschaft.lgbt\/bimber\/wp-json\/wp\/v2\/types\/post"}],"author":[{"embeddable":true,"href":"https:\/\/alte.mannschaft.lgbt\/bimber\/wp-json\/wp\/v2\/users\/1950"}],"replies":[{"embeddable":true,"href":"https:\/\/alte.mannschaft.lgbt\/bimber\/wp-json\/wp\/v2\/comments?post=159155"}],"version-history":[{"count":5,"href":"https:\/\/alte.mannschaft.lgbt\/bimber\/wp-json\/wp\/v2\/posts\/159155\/revisions"}],"predecessor-version":[{"id":159166,"href":"https:\/\/alte.mannschaft.lgbt\/bimber\/wp-json\/wp\/v2\/posts\/159155\/revisions\/159166"}],"wp:featuredmedia":[{"embeddable":true,"href":"https:\/\/alte.mannschaft.lgbt\/bimber\/wp-json\/wp\/v2\/media\/159157"}],"wp:attachment":[{"href":"https:\/\/alte.mannschaft.lgbt\/bimber\/wp-json\/wp\/v2\/media?parent=159155"}],"wp:term":[{"taxonomy":"category","embeddable":true,"href":"https:\/\/alte.mannschaft.lgbt\/bimber\/wp-json\/wp\/v2\/categories?post=159155"},{"taxonomy":"post_tag","embeddable":true,"href":"https:\/\/alte.mannschaft.lgbt\/bimber\/wp-json\/wp\/v2\/tags?post=159155"}],"curies":[{"name":"wp","href":"https:\/\/api.w.org\/{rel}","templated":true}]}}