{"id":158966,"date":"2023-01-11T00:56:56","date_gmt":"2023-01-10T23:56:56","guid":{"rendered":"https:\/\/mannschaft.com\/?p=158966"},"modified":"2023-01-11T23:16:59","modified_gmt":"2023-01-11T22:16:59","slug":"homophober-kardinal-george-pell-gestorben","status":"publish","type":"post","link":"https:\/\/alte.mannschaft.lgbt\/bimber\/homophober-kardinal-george-pell-gestorben\/","title":{"rendered":"Homophober Kardinal George Pell gestorben"},"content":{"rendered":"<h3>Als Finanzchef war George Pell jahrelang die Nummer drei im Vatikan. Die Verurteilung wegen Kindesmissbrauchs sendete 2019 Schockwellen in den Kirchenstaat \u2013 doch der Prozess nahm ein \u00fcberraschendes Ende. Nun ist der Geistliche im Alter von 81 Jahren gestorben.<\/h3>\n<p>Der australische Kardinal George Pell ist tot. Pell, der 81 Jahre alt wurde, sei in Rom gestorben, teilte der Erzbischof von Sydney, Anthony Fisher, in der Nacht auf Mittwoch auf seiner Facebook-Seite mit. Das Erzbistum best\u00e4tigte der Deutschen Presse-Agentur die Authentizit\u00e4t der Mitteilung.<\/p>\n<p>Pell war als Finanzchef unter Papst\u00a0Franziskus jahrelang die Nummer drei im Vatikan und der rangh\u00f6chste Geistliche in der Geschichte der katholischen Kirche, der wegen Kindesmissbrauchs verurteilt wurde. Im Jahr 2020 wurde Pell jedoch im Berufungsverfahren nach rund 13 Monaten Haft freigesprochen und aus dem Gef\u00e4ngnis entlassen.<\/p>\n<blockquote class=\"twitter-tweet\">\n<p dir=\"ltr\" lang=\"en\">In the wake of George Pell&#8217;s death, let&#8217;s think about two young lads for whom justice will never come. \u2665\ufe0f <a href=\"https:\/\/t.co\/87Yq3rGDtN\">pic.twitter.com\/87Yq3rGDtN<\/a><\/p>\n<p>\u2014 Sherele Moody (Femicide Researcher) \ud83c\udf08 (@ShereleMoody) <a href=\"https:\/\/twitter.com\/ShereleMoody\/status\/1612944914559684608?ref_src=twsrc%5Etfw\">January 10, 2023<\/a><\/p><\/blockquote>\n<p><script async src=\"https:\/\/platform.twitter.com\/widgets.js\" charset=\"utf-8\"><\/script><\/p>\n<p>Bei Twitter erinnerten zahlreiche User*innen an seine mutmasslichen Opfer.<\/p>\n<p>Bis zuletzt hatte Pell dagegen gewettert, an der katholischen Sexualethik zu r\u00fctteln und u.a. den deutschen Kardinal Hollerich angegriffen, weil der erkl\u00e4rt hatte, dass die \u00absoziologisch-wissenschaftliche Grundlage\u00bb der kirchlichen Lehre zur Homosexualit\u00e4t \u00abnicht mehr stimme\u00bb. Anlass war die Aktion <a href=\"https:\/\/mannschaft.com\/125-mitarbeiterinnen-der-katholischen-kirche-outen-sich-als-queer\/\" target=\"_blank\" rel=\"noopener\">#OutinChurch<\/a>, bei der sich vor einem Jahr 125 Mitarbeiter*innen der katholischen Kirche als queer outeten. \u00abIch denke, es ist an der Zeit, die Doktrin grundlegend zu \u00fcberarbeiten\u00bb, hatte Hollerich gesagt.<\/p>\n<blockquote class=\"twitter-tweet\">\n<p dir=\"ltr\" lang=\"en\">Cardinal George Pell has died, aged 81. Pell opposed women&#8217;s rights, saying abortion was &#8222;a worse moral scandal than priests sexually abusing young people.&#8220; He also vilified the LGBT community and protected paedophiles in the <a href=\"https:\/\/twitter.com\/hashtag\/CatholicChurch?src=hash&amp;ref_src=twsrc%5Etfw\">#CatholicChurch<\/a>. Pell was a vicious evil man <a href=\"https:\/\/twitter.com\/hashtag\/religion?src=hash&amp;ref_src=twsrc%5Etfw\">#religion<\/a> <a href=\"https:\/\/t.co\/zBiksMdeQo\">pic.twitter.com\/zBiksMdeQo<\/a><\/p>\n<p>\u2014 Peter Murphy (@PeterWMurphy1) <a href=\"https:\/\/twitter.com\/PeterWMurphy1\/status\/1612947228561412096?ref_src=twsrc%5Etfw\">January 10, 2023<\/a><\/p><\/blockquote>\n<p><script async src=\"https:\/\/platform.twitter.com\/widgets.js\" charset=\"utf-8\"><\/script><\/p>\n<p>\u00c4hnlich hatte sich der Vorsitzende der Deutschen Bischofskonferenz, <a href=\"https:\/\/mannschaft.com\/bischof-georg-baetzing-strebt-segen-fuer-homosexuelle-paare-an\/\" target=\"_blank\" rel=\"noopener\">Georg B\u00e4tzing<\/a>, ge\u00e4ussert.\u00a0 Homosexuelle Beziehungen seien in Ordnung, sofern Treue und Verantwortung gegeben seien. \u00abDie Beziehung zu Gott wird dadurch nicht beeintr\u00e4chtigt.\u00bb<\/p>\n<p>Als Reaktion darauf hatte Kardinal Pell laut Nachrichtenagentur <a href=\"https:\/\/de.catholicnewsagency.com\/story\/ethiker-kritisiert-bischof-baetzings-aussagen-zu-sexualmoral-der-kirche-10274\" target=\"_blank\" rel=\"noopener\">CNA<\/a> die Glaubenskongregation gebeten, \u00abeinzugreifen und ein Urteil zu f\u00e4llen\u00bb \u00fcber jene homofreundlichen \u00c4usserungen. Die Positionen von Hollerich und B\u00e4tzing nannte er \u00abirrig\u00bb und im Widerspruch zur \u00abj\u00fcdisch-christlichen Lehre \u00fcber homosexuelles Verhalten\u00bb.<\/p>\n<p>Medienberichten unter Berufung auf Pells Privatsekret\u00e4r zufolge starb der Kardinal am Dienstagabend in der italienischen Hauptstadt nach einer Routineoperation.<\/p>\n<p>Franziskus hatte Pell 2014 zum Pr\u00e4fekten des Wirtschaftssekretariats ernannt, um die Finanzen des Vatikans zu sanieren. Pell machte Karriere in der katholischen Kirche, obwohl es viele Jahre vor dem Gerichtsverfahren Missbrauchsvorw\u00fcrfe gegen ihn gab.\u00a0Der spezifische Fall reichte bis 1996\/97 zur\u00fcck. Damals war Pell gerade Erzbischof von Melbourne geworden.<\/p>\n<p>Geboren wurde Pell am 8. Juni 1941 im australischen Ballarat. Im Jahr 1966 wurde er zum Priester geweiht, 1987 zum Weihbischof der Erzdi\u00f6zese Melbourne gew\u00e4hlt. In dem Jahr erhielt er auch die Bischofsweihe.<\/p>\n<p>Erzbischof Fisher schrieb auf Facebook, die Nachricht des Todes von Pell \u00abist f\u00fcr uns alle ein grosser Schock\u00bb. Er bat um Gebete f\u00fcr den Verstorbenen.<\/p>\n<p><iframe loading=\"lazy\" style=\"border: none; overflow: hidden;\" src=\"https:\/\/www.facebook.com\/plugins\/post.php?href=https%3A%2F%2Fwww.facebook.com%2Fanthonyfisherop%2Fposts%2Fpfbid0phvGhzUr6H9yBFswYD4WCExXTYHAtHQrswfh9BKgJ6tXCy9hgbAjCse3TXscDoHUl&amp;show_text=true&amp;width=500\" width=\"500\" height=\"511\" frameborder=\"0\" scrolling=\"no\" allowfullscreen=\"allowfullscreen\"><\/iframe><\/p>\n<p><strong>Papst Benedikt XVI ist tot: Der geb\u00fcrtige Bayer starb am Silvester-Tag im Alter von 95 Jahren im Vatikan <a href=\"https:\/\/mannschaft.com\/papst-benedikt-xvi-ist-tot\/\" target=\"_blank\" rel=\"noopener\">(MANNSCHAFT berichtete)<\/a><\/strong><\/p>\n","protected":false},"excerpt":{"rendered":"<p>Als Finanzchef war George Pell jahrelang die Nummer 3 im #Vatikan. Nun ist er tot. 2019 war er wegen Kindesmissbrauchs verurteilt worden. Eine Anerkennung homosexueller Partnerschaften nannte er \u00abirrig\u00bb <a class=\"g1-link g1-link-more\" href=\"https:\/\/alte.mannschaft.lgbt\/bimber\/homophober-kardinal-george-pell-gestorben\/\">Weiterlesen<\/a><\/p>\n","protected":false},"author":1950,"featured_media":158967,"comment_status":"closed","ping_status":"closed","sticky":false,"template":"","format":"standard","meta":[],"categories":[2],"tags":[93,5512],"wps_subtitle":"Eine Anerkennung homosexueller Partnerschaften fand er \u00abirrig\u00bb","_links":{"self":[{"href":"https:\/\/alte.mannschaft.lgbt\/bimber\/wp-json\/wp\/v2\/posts\/158966"}],"collection":[{"href":"https:\/\/alte.mannschaft.lgbt\/bimber\/wp-json\/wp\/v2\/posts"}],"about":[{"href":"https:\/\/alte.mannschaft.lgbt\/bimber\/wp-json\/wp\/v2\/types\/post"}],"author":[{"embeddable":true,"href":"https:\/\/alte.mannschaft.lgbt\/bimber\/wp-json\/wp\/v2\/users\/1950"}],"replies":[{"embeddable":true,"href":"https:\/\/alte.mannschaft.lgbt\/bimber\/wp-json\/wp\/v2\/comments?post=158966"}],"version-history":[{"count":5,"href":"https:\/\/alte.mannschaft.lgbt\/bimber\/wp-json\/wp\/v2\/posts\/158966\/revisions"}],"predecessor-version":[{"id":158972,"href":"https:\/\/alte.mannschaft.lgbt\/bimber\/wp-json\/wp\/v2\/posts\/158966\/revisions\/158972"}],"wp:featuredmedia":[{"embeddable":true,"href":"https:\/\/alte.mannschaft.lgbt\/bimber\/wp-json\/wp\/v2\/media\/158967"}],"wp:attachment":[{"href":"https:\/\/alte.mannschaft.lgbt\/bimber\/wp-json\/wp\/v2\/media?parent=158966"}],"wp:term":[{"taxonomy":"category","embeddable":true,"href":"https:\/\/alte.mannschaft.lgbt\/bimber\/wp-json\/wp\/v2\/categories?post=158966"},{"taxonomy":"post_tag","embeddable":true,"href":"https:\/\/alte.mannschaft.lgbt\/bimber\/wp-json\/wp\/v2\/tags?post=158966"}],"curies":[{"name":"wp","href":"https:\/\/api.w.org\/{rel}","templated":true}]}}