{"id":158934,"date":"2023-01-11T00:00:00","date_gmt":"2023-01-10T23:00:00","guid":{"rendered":"https:\/\/mannschaft.com\/?p=158934"},"modified":"2023-01-12T08:53:27","modified_gmt":"2023-01-12T07:53:27","slug":"vienna-international-pride-awards-fuer-mehr-lgbtiq-inklusion","status":"publish","type":"post","link":"https:\/\/alte.mannschaft.lgbt\/bimber\/vienna-international-pride-awards-fuer-mehr-lgbtiq-inklusion\/","title":{"rendered":"Vienna International Pride Awards f\u00fcr mehr LGBTIQ Inklusion"},"content":{"rendered":"<h3>Mit einer neuen Ehrung sollen Aktivist*innen geehrt werden, die sich f\u00fcr die Gleichstellung von LGBTIQ einsetzen.<\/h3>\n<p>Am Internationalen <em>Thank You Day,<\/em> dem 11. Januar, k\u00fcndigt die in Wien ans\u00e4ssige gemeinn\u00fctzige Organisation <a href=\"https:\/\/onelifevienna.org\/\" target=\"_blank\" rel=\"noopener\">One Life<\/a> den Start der Vienna International Pride Awards an, einer neuen j\u00e4hrlichen Kampagne. Damit will man den \u00abLGBTIQ-Gleichstellungsheld*innen auf der ganzen Welt\u00bb danken und ihnen Anerkennung zuteil werden lassen. In Zusammenarbeit mit dem Entwicklungsprogramm der Vereinten Nationen (UNDP), der MTV Staying Alive Foundation und ILGA-World werden die diesj\u00e4hrigen Preistr\u00e4ger*innen w\u00e4hrend einer f\u00fcr Anfang Juni geplanten Live-Stream-Veranstaltung in Wien bekannt gegeben.<\/p>\n<hr \/>\n<p><a href=\"https:\/\/mannschaft.com\/du-hast-gewaehlt-das-sind-die-queeros-2022\/\" target=\"_blank\" rel=\"noopener\"><em>Du hast gew\u00e4hlt: Das sind die Queeros 2022! Im dritten Jahr w\u00fcrdigt MANNSCHAFT queere Ehrenamtler*innen\u00a0<\/em><\/a><\/p>\n<hr \/>\n<p>Die Preistr\u00e4ger:innen werden von einem erfahrenen Komitee von LGBTIQ+-Expert:innen unter dem Vorsitz von Jeffrey O&#8217;Malley, Senior Advisor beim Entwicklungsprogramm der Vereinten Nationen (UNDP), ausgew\u00e4hlt. \u00abDie ganze Welt wird aufgefordert, ihre Gleichberechtigungs-Held*innen zu nominieren, die einen grossen Beitrag zur F\u00f6rderung der Gleichberechtigung von LGBTIQ leisten.\u00bb<\/p>\n<p>Hunderte Millionen von LGBTIQ weltweit seien weiterhin mit Ungleichheit, Ablehnung, Armut, Gewalt, Folter und sogar Tod konfrontiert. Auch in \u00d6sterreich gebe es noch viel zu tun &#8211; fast die H\u00e4lfte (45 %) der \u00f6sterreichischen LGBTIQ+-Community f\u00fchlt sich immer noch unwohl dabei, offen \u00fcber ihre Sexualit\u00e4t zu sprechen <a href=\"https:\/\/mannschaft.com\/17-mai-studie-ueber-lgbtiq-diskriminierung-zeigt-klaren-handlungsbedarf\/\" target=\"_blank\" rel=\"noopener\">(MANNSCHAFT berichtete). Z<\/a>wei Drittel (61%) der \u00d6sterreicher*innen sind der Meinung, dass die Regierung zu wenig tut, um dem entgegenzuwirken.<\/p>\n<p>\u00abDie Vienna International Pride Awards werfen ein Licht auf jene, die weltweit unglaubliche Arbeit f\u00fcr die F\u00f6rderung von LGBTIQ Gleichberechtigung, Inklusion und Rechten leisten. Auf diese Weise sollen mehr Menschen motiviert und inspiriert werden, pers\u00f6nliche Massnahmen zu ergreifen, um eine globale LGBTIQ Gleichstellung zu unterst\u00fctzen\u00bb, heisst es in einer Presseank\u00fcndigung.<\/p>\n<hr \/>\n<p><a href=\"https:\/\/mannschaft.com\/mats-grambusch-will-bei-hockey-wm-in-indien-regenbogenbinde-tragen\/\" target=\"_blank\" rel=\"noopener\"><em>Hockey-Kapit\u00e4n Mats Grambusch will bei der WM eine Regenbogenbinde tragen. Sein Trainer teilt gegen den DFB aus\u00a0<\/em><\/a><\/p>\n<hr \/>\n<p>Ab diesem Mittwoch und im Vorfeld der Preisverleihung startet die Social-Media-Kampagne, bei der Einzelpersonen aufgefordert werden, online zu posten und unter den Hashtags #ThankYou #VIPA jemandem Danke zu sagen, der in ihrem eigenen LGBTIQ-Leben einen Unterschied gemacht hat.<\/p>\n<p>Die Idee zu den International Pride Awards stammt von Tony Gregory, einem Regisseur f\u00fcr grosse Musikshows und Konzerte. Gemeinsam mit Niclas Schmiedmaier, Gr\u00fcnder von One Life, und Marco Lumsden, Vorstandsmitglied von One Life, soll die Idee zum Leben erweckt werden. \u00abWir feiern die aussergew\u00f6hnlichen, gew\u00f6hnlichen Menschen, die das Leben ver\u00e4ndern und w\u00fcrdigen ihre wichtige Arbeit\u00bb, so Schmiedmaier.<\/p>\n<p>Die Veranstaltung werde im Juni zum ersten Mal in Wien stattfinden und per Livestream \u00fcbertragen. Es soll eine Reihe von Auszeichnungen geben, die laute und stille Held*innen in einer Reihe von Kategorien ehren, darunter \u00abpolitische Champions, Basisaktivisten und Geschichtenerz\u00e4hler\u00bb. Die Preistr\u00e4ger*innen m\u00fcssen nicht queer sein, aber sie m\u00fcssen aussergew\u00f6hnliche Visionen, Mut, selbstloses Engagement oder Entschlossenheit gezeigt haben, um die Gleichstellung von LGBTIQ voranzutreiben.<\/p>\n<p>Das Projekt solle jede*n motivieren und inspirieren, sich mitzuteilen, dar\u00fcber zu sprechen und sich am Gleichberechtigungskampf zu beteiligen \u2013 \u00absei es durch heldenhafte Anstrengungen oder allt\u00e4gliche Handlungen\u00bb, heisst es. Dar\u00fcber hinaus w\u00fcrden alle \u00fcbersch\u00fcssigen Mittel aus dem Projekt an ILGA World gespendet, um deren globales Netzwerk von mehr als 2000 Mitgliedsorganisationen aus 169 L\u00e4ndern zu unterst\u00fctzen, die sich f\u00fcr LGBTIQ-Menschenrechte einsetzen.<\/p>\n","protected":false},"excerpt":{"rendered":"<p>Wien \u2013 Mit einer neuen Ehrung, den International Pride Awards, sollen Aktivist*innen geehrt werden, die sich f\u00fcr die Gleichstellung von LGBTIQ einsetzen. #VIPA @ILGAWORLD <a class=\"g1-link g1-link-more\" href=\"https:\/\/alte.mannschaft.lgbt\/bimber\/vienna-international-pride-awards-fuer-mehr-lgbtiq-inklusion\/\">Weiterlesen<\/a><\/p>\n","protected":false},"author":1,"featured_media":129446,"comment_status":"closed","ping_status":"closed","sticky":false,"template":"","format":"standard","meta":[],"categories":[2527],"tags":[5479,5437,567],"wps_subtitle":"Dahinter steht u.a. das Entwicklungsprogramm der Vereinten Nationen, die MTV Staying Alive Foundation und ILGA-World","_links":{"self":[{"href":"https:\/\/alte.mannschaft.lgbt\/bimber\/wp-json\/wp\/v2\/posts\/158934"}],"collection":[{"href":"https:\/\/alte.mannschaft.lgbt\/bimber\/wp-json\/wp\/v2\/posts"}],"about":[{"href":"https:\/\/alte.mannschaft.lgbt\/bimber\/wp-json\/wp\/v2\/types\/post"}],"author":[{"embeddable":true,"href":"https:\/\/alte.mannschaft.lgbt\/bimber\/wp-json\/wp\/v2\/users\/1"}],"replies":[{"embeddable":true,"href":"https:\/\/alte.mannschaft.lgbt\/bimber\/wp-json\/wp\/v2\/comments?post=158934"}],"version-history":[{"count":8,"href":"https:\/\/alte.mannschaft.lgbt\/bimber\/wp-json\/wp\/v2\/posts\/158934\/revisions"}],"predecessor-version":[{"id":158954,"href":"https:\/\/alte.mannschaft.lgbt\/bimber\/wp-json\/wp\/v2\/posts\/158934\/revisions\/158954"}],"wp:featuredmedia":[{"embeddable":true,"href":"https:\/\/alte.mannschaft.lgbt\/bimber\/wp-json\/wp\/v2\/media\/129446"}],"wp:attachment":[{"href":"https:\/\/alte.mannschaft.lgbt\/bimber\/wp-json\/wp\/v2\/media?parent=158934"}],"wp:term":[{"taxonomy":"category","embeddable":true,"href":"https:\/\/alte.mannschaft.lgbt\/bimber\/wp-json\/wp\/v2\/categories?post=158934"},{"taxonomy":"post_tag","embeddable":true,"href":"https:\/\/alte.mannschaft.lgbt\/bimber\/wp-json\/wp\/v2\/tags?post=158934"}],"curies":[{"name":"wp","href":"https:\/\/api.w.org\/{rel}","templated":true}]}}