{"id":157952,"date":"2022-12-27T12:23:04","date_gmt":"2022-12-27T11:23:04","guid":{"rendered":"https:\/\/mannschaft.com\/?p=157952"},"modified":"2022-12-27T23:29:34","modified_gmt":"2022-12-27T22:29:34","slug":"queer-und-religionen-mehr-akzeptanz-in-oesterreich","status":"publish","type":"post","link":"https:\/\/alte.mannschaft.lgbt\/bimber\/queer-und-religionen-mehr-akzeptanz-in-oesterreich\/","title":{"rendered":"Queer und religi\u00f6s: F\u00fcr mehr Akzeptanz in \u00d6sterreich"},"content":{"rendered":"<h3>Der 1990 gegr\u00fcndete Verein \u00abHomosexualit\u00e4t und Glaube\u00bb hat sich umbenannt, um mehr queere Menschen anzusprechen.<\/h3>\n<p><em>Von Christian H\u00f6ller<\/em><\/p>\n<p>Bei der Generalversammlung haben die Mitglieder*innen des Vereins <a href=\"http:\/\/www.hug-wien.at\/\">\u00abHomosexualit\u00e4t und Glaube\u00bb<\/a> in Wien vor Kurzem beschlossen, sich in \u00abQueer Glauben Wien\u00bb umzubenennen. Damit soll die \u00d6ffnung des Vereins f\u00fcr alle queere Menschen signalisiert werden. Die \u00c4nderung des Namens muss noch von der \u00f6sterreichischen Vereinsbeh\u00f6rde genehmigt werden. An einem neuen Internet-Auftritt wird derzeit gearbeitet. Vor der Generalversammlung stand auch die Aufl\u00f6sung des Vereins zur Diskussion. Doch nach l\u00e4ngeren Debatten haben sich die Mitglieder*innen f\u00fcr ein Weiterbestehen ausgesprochen.<\/p>\n<p>Bei der Generalversammlung wurde Andreas Raschke als Obmann wiedergew\u00e4hlt. Besonderen Dank haben die Mitglieder*innen Johannes Langer ausgesprochen. Dieser ist auf eigenen Wunsch aus dem Vereinsvorstand ausgeschieden. Langer hat die Arbeitsgruppe von der Gr\u00fcndung bis heute als Obmann beziehungsweise zuletzt als Obmann-Stellvertreter gepr\u00e4gt. Seine Kontakte, Initiativen und Medienauftritte haben den Verein als Ansprechpartner f\u00fcr Kirchen und Religionsgemeinschaften sowie in der \u00f6sterreichischen LGBTIQ-Community etabliert (<a href=\"https:\/\/mannschaft.com\/nackter-queer-aktivist-als-starkes-fasten-und-ostersymbol\/\">MANNSCHAFT berichtete<\/a>).<\/p>\n<p>Der Verein \u00abHomosexualit\u00e4t und Glaube\u00bb (HuG) leistete in \u00d6sterreich bei dem Thema Pionierarbeit. An der Gr\u00fcndung im Jahr 1990 waren Menschen von der EHG (Evangelische Hochschulgemeinde), KHJ (Katholische Hochschuljugend) und <a href=\"https:\/\/mannschaft.com\/hosi-wien-zeichnet-erste-flaggschiffschule-oesterreichs-aus\/\">HOSI<\/a> (Homosexuellen Initiative Wien) beteiligt. Der Verein war in \u00d6sterreich die erste gr\u00f6ssere Plattform f\u00fcr queere Menschen, die sich f\u00fcr den Glauben beziehungsweise religi\u00f6se Themen interessierten oder die sich in Kirchen engagierten.<\/p>\n<p>Die Mitglieder*innen hatten es oft nicht leicht. Denn nicht wenige Vertreter*innen von Kirchen standen queeren Menschen <a href=\"https:\/\/mannschaft.com\/gegen-den-vatikan-viele-kirchen-zeigen-solidaritaet-mit-lgbtiq\/\">ablehnend oder reserviert<\/a> gegen\u00fcber. Dies hat sich langsam ge\u00e4ndert. Mittlerweile gibt es in \u00d6sterreich in den Kirchen und Religionsgemeinschaften verschiedene queere Initiativen.<\/p>\n<p>Die evangelischen Kirchen A.B. und H.B. haben in \u00d6sterreich mit \u00abEvanQueer\u00bb eine Plattform f\u00fcr queere Mitarbeitende. Die Plattform hat das Pr\u00e4dikat \u00aba&amp;o\u00bb (akzeptierend und offen) ins Leben gerufen. Dieses Pr\u00e4dikat wird an evangelische Pfarrgemeinden vergeben, die akzeptierend und offen f\u00fcr LGBTIQ-Personen sind. In Nieder\u00f6sterreich gibt es mit Lars M\u00fcller-Marienburg den ersten schwulen Superintendenten der evangelischen Kirchen \u00d6sterreichs. In Wien wurde im Herbst 2022 die Queerfeministin Katharina Payk zur Pfarrerin der Evangelischen Hochschulgemeinde Wien ernannt.<\/p>\n<blockquote class=\"instagram-media\" style=\"background: #FFF; border: 0; border-radius: 3px; box-shadow: 0 0 1px 0 rgba(0,0,0,0.5),0 1px 10px 0 rgba(0,0,0,0.15); margin: 1px; max-width: 540px; min-width: 326px; padding: 0; width: calc(100% - 2px);\" data-instgrm-captioned=\"\" data-instgrm-permalink=\"https:\/\/www.instagram.com\/p\/ClS3otoMXoF\/?utm_source=ig_embed&amp;utm_campaign=loading\" data-instgrm-version=\"14\">\n<div style=\"padding: 16px;\">\n<p>&nbsp;<\/p>\n<div style=\"display: flex; flex-direction: row; align-items: center;\">\n<div style=\"background-color: #f4f4f4; border-radius: 50%; flex-grow: 0; height: 40px; margin-right: 14px; width: 40px;\"><\/div>\n<div style=\"display: flex; flex-direction: column; flex-grow: 1; justify-content: center;\">\n<div style=\"background-color: #f4f4f4; border-radius: 4px; flex-grow: 0; height: 14px; margin-bottom: 6px; width: 100px;\"><\/div>\n<div style=\"background-color: #f4f4f4; border-radius: 4px; flex-grow: 0; height: 14px; width: 60px;\"><\/div>\n<\/div>\n<\/div>\n<div style=\"padding: 19% 0;\"><\/div>\n<div style=\"display: block; height: 50px; margin: 0 auto 12px; width: 50px;\"><\/div>\n<div style=\"padding-top: 8px;\">\n<div style=\"color: #3897f0; font-family: Arial,sans-serif; font-size: 14px; font-style: normal; font-weight: 550; line-height: 18px;\">Sieh dir diesen Beitrag auf Instagram an<\/div>\n<\/div>\n<div style=\"padding: 12.5% 0;\"><\/div>\n<div style=\"display: flex; flex-direction: row; margin-bottom: 14px; align-items: center;\">\n<div>\n<div style=\"background-color: #f4f4f4; border-radius: 50%; height: 12.5px; width: 12.5px; transform: translateX(0px) translateY(7px);\"><\/div>\n<div style=\"background-color: #f4f4f4; height: 12.5px; transform: rotate(-45deg) translateX(3px) translateY(1px); width: 12.5px; flex-grow: 0; margin-right: 14px; margin-left: 2px;\"><\/div>\n<div style=\"background-color: #f4f4f4; border-radius: 50%; height: 12.5px; width: 12.5px; transform: translateX(9px) translateY(-18px);\"><\/div>\n<\/div>\n<div style=\"margin-left: 8px;\">\n<div style=\"background-color: #f4f4f4; border-radius: 50%; flex-grow: 0; height: 20px; width: 20px;\"><\/div>\n<div style=\"width: 0; height: 0; border-top: 2px solid transparent; border-left: 6px solid #f4f4f4; border-bottom: 2px solid transparent; transform: translateX(16px) translateY(-4px) rotate(30deg);\"><\/div>\n<\/div>\n<div style=\"margin-left: auto;\">\n<div style=\"width: 0px; border-top: 8px solid #F4F4F4; border-right: 8px solid transparent; transform: translateY(16px);\"><\/div>\n<div style=\"background-color: #f4f4f4; flex-grow: 0; height: 12px; width: 16px; transform: translateY(-4px);\"><\/div>\n<div style=\"width: 0; height: 0; border-top: 8px solid #F4F4F4; border-left: 8px solid transparent; transform: translateY(-4px) translateX(8px);\"><\/div>\n<\/div>\n<\/div>\n<div style=\"display: flex; flex-direction: column; flex-grow: 1; justify-content: center; margin-bottom: 24px;\">\n<div style=\"background-color: #f4f4f4; border-radius: 4px; flex-grow: 0; height: 14px; margin-bottom: 6px; width: 224px;\"><\/div>\n<div style=\"background-color: #f4f4f4; border-radius: 4px; flex-grow: 0; height: 14px; width: 144px;\"><\/div>\n<\/div>\n<p>&nbsp;<\/p>\n<p style=\"color: #c9c8cd; font-family: Arial,sans-serif; font-size: 14px; line-height: 17px; margin-bottom: 0; margin-top: 8px; overflow: hidden; padding: 8px 0 7px; text-align: center; text-overflow: ellipsis; white-space: nowrap;\"><a style=\"color: #c9c8cd; font-family: Arial,sans-serif; font-size: 14px; font-style: normal; font-weight: normal; line-height: 17px; text-decoration: none;\" href=\"https:\/\/www.instagram.com\/p\/ClS3otoMXoF\/?utm_source=ig_embed&amp;utm_campaign=loading\" target=\"_blank\" rel=\"noopener\">Ein Beitrag geteilt von Lars M\u00fcller-Marienburg (@sup.lars)<\/a><\/p>\n<\/div>\n<\/blockquote>\n<p><script async src=\"\/\/www.instagram.com\/embed.js\"><\/script><\/p>\n<p>In der katholischen Kirche hat die Katholische Aktion das Netzwerk Regenbogenpastoral ins Leben gerufen. Mit Ausnahme der Di\u00f6zese St. P\u00f6lten haben mittlerweile alle katholischen Di\u00f6zesen Ansprechpartner*innen f\u00fcr queere Menschen. Daneben werden verschiedene Veranstaltungen organisiert. So wird bis 8. J\u00e4nner 2023 in der Kollegienkirche Salzburg die Wanderausstellung \u00abVerschaff mir Recht. Geschlecht und katholische Kirche\u00bb gezeigt. In der Ausstellung berichten zehn Lesben, Schwule, Bisexuelle und trans Personen aus neun L\u00e4ndern \u00fcber ihre pers\u00f6nlichen Konflikterfahrungen mit der Gesellschaft und der Kirche.<\/p>\n<p>Gerade in der katholischen Kirche gibt es weiterhin viel Konfliktpotenzial. Segnungen von gleichgeschlechtlichen Partnerschaften sind offiziell nicht erlaubt. Nicht akzeptiert werden in der katholischen Kirche auch queere Pastoralassistent*innen oder Religionslehrer*innen, die eine eingetragene Partnerschaft eingehen oder standesamtlich heiraten (<a href=\"https:\/\/mannschaft.com\/homosexuelle-kritisieren-neues-arbeitsrecht-in-katholischer-kirche\/\">MANNSCHAFT berichtete<\/a>).<\/p>\n<p>Besonders viel haben dagegen queere Menschen in der Altkatholischen Kirche in \u00d6sterreich erreicht. Die Altkatholische Kirche hat im Juli 2022 bei einer Synode beschlossen, dass gleich- oder verschiedengeschlechtliche Paare bei der Eheliturgie gleichgestellt sind. Auch im liberalen Judentum werden queere Menschen willkommen geheissen. So hat die Wiener liberale j\u00fcdische Gemeinde <a href=\"https:\/\/orchadasch.at\/\">Or Chadasch<\/a> mit Lior Bar-Ami einen Rabbiner, der offen homosexuell lebt.<\/p>\n<blockquote class=\"instagram-media\" style=\"background: #FFF; border: 0; border-radius: 3px; box-shadow: 0 0 1px 0 rgba(0,0,0,0.5),0 1px 10px 0 rgba(0,0,0,0.15); margin: 1px; max-width: 540px; min-width: 326px; padding: 0; width: calc(100% - 2px);\" data-instgrm-captioned=\"\" data-instgrm-permalink=\"https:\/\/www.instagram.com\/p\/Ce0npHFIzjS\/?utm_source=ig_embed&amp;utm_campaign=loading\" data-instgrm-version=\"14\">\n<div style=\"padding: 16px;\">\n<p>&nbsp;<\/p>\n<div style=\"display: flex; flex-direction: row; align-items: center;\">\n<div style=\"background-color: #f4f4f4; border-radius: 50%; flex-grow: 0; height: 40px; margin-right: 14px; width: 40px;\"><\/div>\n<div style=\"display: flex; flex-direction: column; flex-grow: 1; justify-content: center;\">\n<div style=\"background-color: #f4f4f4; border-radius: 4px; flex-grow: 0; height: 14px; margin-bottom: 6px; width: 100px;\"><\/div>\n<div style=\"background-color: #f4f4f4; border-radius: 4px; flex-grow: 0; height: 14px; width: 60px;\"><\/div>\n<\/div>\n<\/div>\n<div style=\"padding: 19% 0;\"><\/div>\n<div style=\"display: block; height: 50px; margin: 0 auto 12px; width: 50px;\"><\/div>\n<div style=\"padding-top: 8px;\">\n<div style=\"color: #3897f0; font-family: Arial,sans-serif; font-size: 14px; font-style: normal; font-weight: 550; line-height: 18px;\">Sieh dir diesen Beitrag auf Instagram an<\/div>\n<\/div>\n<div style=\"padding: 12.5% 0;\"><\/div>\n<div style=\"display: flex; flex-direction: row; margin-bottom: 14px; align-items: center;\">\n<div>\n<div style=\"background-color: #f4f4f4; border-radius: 50%; height: 12.5px; width: 12.5px; transform: translateX(0px) translateY(7px);\"><\/div>\n<div style=\"background-color: #f4f4f4; height: 12.5px; transform: rotate(-45deg) translateX(3px) translateY(1px); width: 12.5px; flex-grow: 0; margin-right: 14px; margin-left: 2px;\"><\/div>\n<div style=\"background-color: #f4f4f4; border-radius: 50%; height: 12.5px; width: 12.5px; transform: translateX(9px) translateY(-18px);\"><\/div>\n<\/div>\n<div style=\"margin-left: 8px;\">\n<div style=\"background-color: #f4f4f4; border-radius: 50%; flex-grow: 0; height: 20px; width: 20px;\"><\/div>\n<div style=\"width: 0; height: 0; border-top: 2px solid transparent; border-left: 6px solid #f4f4f4; border-bottom: 2px solid transparent; transform: translateX(16px) translateY(-4px) rotate(30deg);\"><\/div>\n<\/div>\n<div style=\"margin-left: auto;\">\n<div style=\"width: 0px; border-top: 8px solid #F4F4F4; border-right: 8px solid transparent; transform: translateY(16px);\"><\/div>\n<div style=\"background-color: #f4f4f4; flex-grow: 0; height: 12px; width: 16px; transform: translateY(-4px);\"><\/div>\n<div style=\"width: 0; height: 0; border-top: 8px solid #F4F4F4; border-left: 8px solid transparent; transform: translateY(-4px) translateX(8px);\"><\/div>\n<\/div>\n<\/div>\n<div style=\"display: flex; flex-direction: column; flex-grow: 1; justify-content: center; margin-bottom: 24px;\">\n<div style=\"background-color: #f4f4f4; border-radius: 4px; flex-grow: 0; height: 14px; margin-bottom: 6px; width: 224px;\"><\/div>\n<div style=\"background-color: #f4f4f4; border-radius: 4px; flex-grow: 0; height: 14px; width: 144px;\"><\/div>\n<\/div>\n<p>&nbsp;<\/p>\n<p style=\"color: #c9c8cd; font-family: Arial,sans-serif; font-size: 14px; line-height: 17px; margin-bottom: 0; margin-top: 8px; overflow: hidden; padding: 8px 0 7px; text-align: center; text-overflow: ellipsis; white-space: nowrap;\"><a style=\"color: #c9c8cd; font-family: Arial,sans-serif; font-size: 14px; font-style: normal; font-weight: normal; line-height: 17px; text-decoration: none;\" href=\"https:\/\/www.instagram.com\/p\/Ce0npHFIzjS\/?utm_source=ig_embed&amp;utm_campaign=loading\" target=\"_blank\" rel=\"noopener\">Ein Beitrag geteilt von J\u00fcdische Liberale Gemeinde Wien \u2014 Or Chadasch (@orchadasch)<\/a><\/p>\n<\/div>\n<\/blockquote>\n<p><script async src=\"\/\/www.instagram.com\/embed.js\"><\/script><\/p>\n<p>Or Chadasch ist in \u00d6sterreich mit anderen Religionsgemeinschaften in der Initiative \u00abReligions for Equality\u00bb vertreten. Deren Mitglieder*innen nehmen in Wien an den Regenbogenparaden teil, um sich offen f\u00fcr die Akzeptanz verschiedener Lebensformen in den Religionsgemeinschaften einzusetzen.<\/p>\n","protected":false},"excerpt":{"rendered":"<p>Der 1990 gegr\u00fcndete Verein \u00abHomosexualit\u00e4t und Glaube\u00bb hat sich in \u00ab#Queer Glauben Wien\u00bb umbenannt, um mehr Menschen anzusprechen <a class=\"g1-link g1-link-more\" href=\"https:\/\/alte.mannschaft.lgbt\/bimber\/queer-und-religionen-mehr-akzeptanz-in-oesterreich\/\">Weiterlesen<\/a><\/p>\n","protected":false},"author":1,"featured_media":129396,"comment_status":"closed","ping_status":"closed","sticky":false,"template":"","format":"standard","meta":[],"categories":[10,2527],"tags":[5512],"wps_subtitle":"Verein \u00abHomosexualit\u00e4t und Glaube\u00bb hat sich umbenannt","_links":{"self":[{"href":"https:\/\/alte.mannschaft.lgbt\/bimber\/wp-json\/wp\/v2\/posts\/157952"}],"collection":[{"href":"https:\/\/alte.mannschaft.lgbt\/bimber\/wp-json\/wp\/v2\/posts"}],"about":[{"href":"https:\/\/alte.mannschaft.lgbt\/bimber\/wp-json\/wp\/v2\/types\/post"}],"author":[{"embeddable":true,"href":"https:\/\/alte.mannschaft.lgbt\/bimber\/wp-json\/wp\/v2\/users\/1"}],"replies":[{"embeddable":true,"href":"https:\/\/alte.mannschaft.lgbt\/bimber\/wp-json\/wp\/v2\/comments?post=157952"}],"version-history":[{"count":5,"href":"https:\/\/alte.mannschaft.lgbt\/bimber\/wp-json\/wp\/v2\/posts\/157952\/revisions"}],"predecessor-version":[{"id":157981,"href":"https:\/\/alte.mannschaft.lgbt\/bimber\/wp-json\/wp\/v2\/posts\/157952\/revisions\/157981"}],"wp:featuredmedia":[{"embeddable":true,"href":"https:\/\/alte.mannschaft.lgbt\/bimber\/wp-json\/wp\/v2\/media\/129396"}],"wp:attachment":[{"href":"https:\/\/alte.mannschaft.lgbt\/bimber\/wp-json\/wp\/v2\/media?parent=157952"}],"wp:term":[{"taxonomy":"category","embeddable":true,"href":"https:\/\/alte.mannschaft.lgbt\/bimber\/wp-json\/wp\/v2\/categories?post=157952"},{"taxonomy":"post_tag","embeddable":true,"href":"https:\/\/alte.mannschaft.lgbt\/bimber\/wp-json\/wp\/v2\/tags?post=157952"}],"curies":[{"name":"wp","href":"https:\/\/api.w.org\/{rel}","templated":true}]}}