{"id":157630,"date":"2022-12-21T03:53:40","date_gmt":"2022-12-21T02:53:40","guid":{"rendered":"https:\/\/mannschaft.com\/?p=157630"},"modified":"2022-12-21T11:33:49","modified_gmt":"2022-12-21T10:33:49","slug":"florian-david-fitz-man-muss-sein-kind-halt-lieben-fertig","status":"publish","type":"post","link":"https:\/\/alte.mannschaft.lgbt\/bimber\/florian-david-fitz-man-muss-sein-kind-halt-lieben-fertig\/","title":{"rendered":"Florian David Fitz: \u00abMan muss sein Kind halt lieben. Fertig\u00bb"},"content":{"rendered":"<h3>Kurz vor Weihnachten l\u00e4uft \u00abOskars Kleid\u00bb im Kino an. Florian David Fitz ist hier als Vater eines trans Kindes zu sehen. Im Interview spricht er \u00fcber Ausgrenzungserfahrungen im Film, \u00fcber Gendern und Deadnaming.<\/h3>\n<p><em>Florian David Fitz, geboren 1974 in M\u00fcnchen, geh\u00f6rt dank Filmen wie \u00abM\u00e4nnerherzen\u00bb, \u00abWillkommen bei den Hartmanns\u00bb, \u00abDer Vorname\u00bb oder \u00abDas perfekte Geheimnis\u00bb schon lange zu den erfolgreichsten Schauspielern des deutschen Kinos. Seit er zur Tragikom\u00f6die \u00abVincent will Meer\u00bb auch das Drehbuch schrieb, ist er hinter der Kamera genauso aktiv wie davor und f\u00fchrte unter anderem bei \u00abJesus liebt mich\u00bb, \u00abDer geilste Tag\u00bb oder \u00ab100 Dinge\u00bb auch Regie.<\/em><\/p>\n<p><em>Nach S\u00f6nke Wortmanns Filmen \u00abEingeschlossene Gesellschaft\u00bb und \u00abDer Nachname\u00bb ist der Zwillingsvater nun in \u00abOskars Kleid\u00bb bereits zum dritten Mal in diesem Jahr auf grosser Leinwand zu sehen <a href=\"https:\/\/mannschaft.com\/trans-kind-oskars-kleid-launige-werbung-fuer-toleranz\/\" target=\"_blank\" rel=\"noopener\">(MANNSCHAFT berichtete)<\/a>. Wir sprachen mit Fitz, der abermals auch das Skript des Films verantwortete, per Videotelefonat.<\/em><\/p>\n<p><strong>Herr Fitz, stimmt es, dass Ihr neuer Film <\/strong><strong>\u00abOskars Kleid\u00bb <\/strong><strong>seinen<a href=\"https:\/\/mannschaft.com\/erste-idee-fuer-oskars-kleid-stammt-aus-der-emma\/\" target=\"_blank\" rel=\"noopener\"> Ursprung in einem Foto<\/a> hat?<\/strong><br \/>\nDas ist richtig. Ich habe das Bild gesehen und dachte: das w\u00e4re doch ein tolles Ende f\u00fcr einen Film und jetzt ist es genau die letzte Einstellung in Oskars Kleid, deswegen will ich jetzt auch nicht spoilern, was zu sehen ist. Ich habe damals auch absichtlich nicht gelesen, wie es zu diesem Bild gekommen ist, ich wollte mir selber eine spannende, r\u00fchrende, witzige, traurige Reise zu diesem Schlussbild ausdenken. Ich habe dann mal sp\u00e4ter nachgelesen. In der Realit\u00e4t war es v\u00f6llig anders.<\/p>\n<p><strong>Herausgekommen ist dabei nun die Geschichte eines Kindes, das im K\u00f6rper eines Jungen geboren wurde, sich aber als M\u00e4dchen f\u00fchlt. Haben Sie einen pers\u00f6nlichen Bezug zu dieser Thematik?<\/strong><br \/>\nNein, aber schon vor sechs oder sieben Jahren, als ich besagtes Foto gesehen habe,\u00a0war dieses Thema virulent. Seitdem hat sich ja die Debatte nochmal geh\u00f6rig angeheizt.\u00a0Ich fand das hochinteressant, und je mehr man sich in so eine Geschichte einarbeitet, desto n\u00e4her geht sie einem dann ja auch. Das ist das Sch\u00f6ne an unserem Beruf: dass wir uns in alle m\u00f6glichen Leben hineinbegeben und so auch etwas Neues lernen k\u00f6nnen.<\/p>\n<hr \/>\n<p><a href=\"https:\/\/mannschaft.com\/draussen-anders-ard-familiengeschichte-mit-trans-kind\/\" target=\"_blank\" rel=\"noopener\"><em>\u00abDraussen anders\u00bb \u2013 In der ARD-Familiengeschichte \u00fcber ein trans Kind spielt auch Max Appenroth mit, der Mr. Gay Germany 2021<\/em><\/a><\/p>\n<hr \/>\n<p><strong>Nun ist das Thema nicht nur sehr pr\u00e4sent, sondern bedarf auch einer grossen Sensibilit\u00e4t. Ganz allgemein, wenn man von Transidentit\u00e4t erz\u00e4hlt, aber mit Blick auf Kinder nat\u00fcrlich noch einmal ganz besonders. Hatten Sie keine Angst, wom\u00f6glich etwas falsch zu machen?<\/strong><br \/>\nDas erste Mal mit dieser Sorge konfrontiert wurde ich bei \u00abVincent will Meer\u00bb. Da hiess es, dass Betroffene und vor allem Eltern protestieren w\u00fcrden und niemand eine Kom\u00f6die zu diesem Thema sehen wolle. Aber am Ende wurde es dann pl\u00f6tzlich der Film \u00fcberhaupt f\u00fcr die Tourette-Community. Seither habe ich, auch wenn es vielleicht naiv ist, das gr\u00f6sste Vertrauen darin, dass man eigentlich nichts falsch machen kann, wenn sich einer Geschichte mit offenem Herzen n\u00e4hert. Und wenn das Thema f\u00fcr Kontroversen sorgt, dann ist es genau mein Job, diese kontroversen Aspekte im Film auch auf den Tisch zu legen. Das ist doch gerade spannend.<\/p>\n<p><strong>Deswegen steht im Zentrum des Films\u00a0der geschiedene Polizist, der mit der Identit\u00e4tsfindung seines Kindes erst einmal nicht so viel anfangen kann?<\/strong><br \/>\nIch wollte die Geschichte auf jeden Fall aus der Warte von jemandem erz\u00e4hlen, der eher von der Strasse kommt und sich noch nicht mit diesem Thema auseinandergesetzt hat. Jemand, der seinen Alltag in dieser m\u00e4nnlich konnotierten Welt verbringt und dann zuhause mit diesem unglaublich selbstbewussten Kind konfrontiert wird, das nur durch seine Anwesenheit all das irgendwie hinterfragt. Darin liegt schliesslich das kom\u00f6diantische Potential. Und trotzdem ist es eben nicht so, dass dieser Typ alles einfach nur noch nicht verstanden hat und bloss Bullshit sagt.<\/p>\n<p>Im Gegenteil sind seine Argumente sehr valide, sie kommen aus dem echten Wunsch, ein guter Vater zu sein, auch wenn das von aussen manchmal schmerzhaft aussieht. Und wenn man mit vielen Betroffenen und den Angeh\u00f6rigen spricht, wird klar: egal was man macht, es kommt zu Dilemmata. Es gibt nicht die eine richtige L\u00f6sung, wie man sich zu verhalten hat. Ausser nat\u00fcrlich: zuh\u00f6ren, offen bleiben und das Kind weder in die eine noch in die andere Richtung pushen! Man muss sein Kind halt lieben. Fertig.<\/p>\n<p><strong>Dann ist das auch die Botschaft Ihres Films?<\/strong><br \/>\nDa muss man immer vorsichtig sein. Sobald man zu didaktisch wird\u00a0und\u00a0m\u00f6chte, dass der Zuschauer mit einer Lehre nach Hause geht, kommt zu viel Schulfernsehen heraus. Mir geht es\u00a0vielmehr\u00a0darum, dass die Leute sich 90 Minuten lang in einer anderen Welt befinden. Die Tr\u00e4nen einer anderen Person weinen,\u00a0\u00fcber sie und mit ihr lachen, sich mit den Problemen anderer\u00a0Menschen\u00a0auseinandersetzen. Und sich dadurch vielleicht ein kleines bisschen mehr \u00f6ffnen. Mehr muss es gar nicht sein.<\/p>\n<p><strong>Ein\u00a0Vorwurf, der \u201eOskars Kleid\u201c schon im Vorfeld gemacht wurde, ist der des<a href=\"https:\/\/mannschaft.com\/tessa-ganserer-muss-mit-ihrem-deadname-auf-wahlzettel\/\" target=\"_blank\" rel=\"noopener\">\u00a0Deadnaming<\/a>. Im Filmtitel wird also der alte Name des Kindes genannt statt jenem, in dem es sich in seiner neuen Identit\u00e4t wiederfindet.\u00a0Verstehen Sie die Kritik?<\/strong><br \/>\nSie meinen, neben dem Vorwurf der anderen Seite, dass wir einen Werbefilm f\u00fcr Trans machen? <em>(Lacht)<\/em> F\u00fcr mich steckt dahinter ein Denkfehler, der vielleicht auch schon wieder ein Symbol f\u00fcr unsere jetzige Zeit und die gegenw\u00e4rtige Diskussionskultur ist. Ein Filmtitel nimmt normalerweise nicht das Ende vorweg, sondern beschreibt den Konflikt am Anfang der Geschichte. Nach der Logik m\u00fcsste \u00abFindet Nemo<em>\u00bb<\/em> heissen: \u00abAlles gut, wir haben ihn gefunden<em>\u00bb<\/em>.<\/p>\n<p><strong>Gleichzeitig tun Sie doch aber das, was zumindest vor\u00fcbergehend auch der Vater im Film tut. Sie setzen sich \u00fcber den Wunsch Ihrer jungen Protagonistin hinweg, oder?<\/strong><br \/>\nSie meinen, der Filmtitel soll nicht mehr die ausl\u00f6sende Frage stellen, sondern den Wunsch einer der fiktiven Figuren in der Geschichte erf\u00fcllen? Wir sollen das Ende an den Anfang schreiben? Dem folge ich nicht ganz. Am Anfang des Filmes weiss der Vater ja noch gar nichts von allem, was kommt. Er hat nach seinem Wissensstand einen Sohn, der Oskar heisst, der pl\u00f6tzlich ein Kleid tr\u00e4gt. Wir haben absichtlich die Perspektive des Vaters eingenommen, da sie noch nicht erz\u00e4hlt wurde und die Chance bietet, auch Leute von der Strasse zu locken, die kein Vorwissen zum Thema haben. Einfach die Frage zu stellen: was w\u00fcrdest du an seiner Stelle machen? Ist doch toll, wenn wir die auch mit auf die Reise nehmen k\u00f6nnen.<\/p>\n<p><strong>Die wunderbare Georgette Dee spielt in \u00abOskars Kleid\u00bb eine Nebenrolle und sagt mit Blick auf aktuell gef\u00fchrte Debatten wie diese, dass ihr in Diskussionen heutzutage ein wenig der Humor fehle. W\u00fcrden Sie das unterschreiben?<\/strong><br \/>\nHm. Ich glaube schon ein bisschen. Und Georgette selbst w\u00fcrde das auch in echt so sagen. Es ist sehr interessant, sich mit Georgette \u00fcber diese ganzen Debatten zu unterhalten, vom Gendern bis hin zu Identit\u00e4tsdefinitionen. Denn sie weist dann immer sehr klar auf diesen grossen Widerspruch hin: einerseits pl\u00e4dieren alle f\u00fcr eine \u00d6ffnung, machen aber andererseits nur immer neue Schubladen auf, die teilweise sogar noch didaktischer sind als die alten. Da g\u00e4hnt sie nur! Sie selbst hat sich noch nie definiert, sondern immer Freude daran gehabt, zwischen den Definitionen zu laufen. Genau das macht sie aus.<\/p>\n<p>Jetzt ist nat\u00fcrlich nicht jeder mit dieser Kraft ausgestattet, auch das ist mir klar. Aber f\u00fcr unsere Geschichte war es toll, jemand \u00e4lteren in diesem Film zu haben, mit einer wahnsinnigen W\u00fcrde, Klugheit und Sch\u00f6nheit, bei der man sehen kann: So kann es gehen! Meine Sorge ist, dass wir tendenziell Ernsthaftigkeit und Ernst verwechseln. Nur weil mir ein Anliegen wichtig ist, schliesst das doch Humor nicht aus. Im Gegenteil: je existenzieller, desto wichtiger ist Humor.<\/p>\n<p><strong>Die Hauptrolle spielt neben Ihnen allerdings\u00a0Laur\u00ec. Wie schwierig war es, f\u00fcr diese komplexe Kinderrolle die richtige Besetzung zu finden?<\/strong><br \/>\nLeicht war das nicht, und wir haben lange gesucht. Bei den meisten Kindern, die zum Casting kamen, wirkte dieser Umgang mit den verschiedenen Identit\u00e4ten ein bisschen wie Verkleiden. Da hatte man das Gef\u00fchl, dass die vielleicht diesen Konflikt nicht wirklich verstehen oder nachempfinden k\u00f6nnen. Wom\u00f6glich war manchen das Thema\u00a0sogar irgendwie peinlich.\u00a0Laur\u00ec\u00a0entdeckten wir dann gar nicht beim klassischen Casting, sondern inmitten einer Schulklasse. Man merkte sofort, dass sie eine echt erstaunliche Person ist, die selbst ganz viel mitbrachte, was mit dieser Figur zu tun hatte, diesem st\u00f6rrischen, sehr klugen und eigenst\u00e4ndigen, ja fast erwachsenen Kind. Dann sagte sie diese S\u00e4tze aus dem Drehbuch \u2013 und pl\u00f6tzlich h\u00f6rten die sich wahr an. Und dieser Kern einer gef\u00fchlten Wahrheit ist ja gerade bei einem Film, der auch kom\u00f6diantisch ist, ganz besonders wichtig.<\/p>\n<p><strong>Im Film treibt Ihre Figur nicht zuletzt die Sorge um,\u00a0kein guter Vater zu sein? Kennen Sie die eigentlich auch oder gehen Sie den Alltag als Papa ganz entspannt an?<\/strong><br \/>\nIch habe mal ein P\u00e4rchen, dessen Kinder ich wahnsinnig cool fand, gefragt, was ihr Geheimrezept ist, und bekam als Antwort ihr Credo: entspannte Eltern, entspannte Kinder. Genau das nehme ich mir seither auch immer vor. Nat\u00fcrlich kommt man regelm\u00e4ssig an Punkte, wo man denkt: Fuck, das war jetzt einfach scheisse, das muss irgendwie besser laufen. Das geh\u00f6rt halt auch dazu. Und nat\u00fcrlich gibt es auch beim Elternsein sehr oft erhitzte Gem\u00fcter. Aber entspannt bleiben tut uns, denke ich, allen eigentlich immer gut. Denn das heisst ja nicht, dass man nicht trotzdem ernsthaft bei der Sache ist und an sich arbeitet. Da ist er wieder, der Humor <em>(lacht)<\/em>.<\/p>\n<p><strong>W\u00fcrden Sie denn sagen, dass man ein anderer Mensch wird, sobald man Kinder hat? Oder ist es doch nur der Alltag, der sich radikal ver\u00e4ndert?<\/strong><br \/>\nIch glaube nicht\u00a0wirklich, dass man ein anderer Mensch wird. Aber tats\u00e4chlich ver\u00e4ndert sich der Alltag komplett. In meinem Film \u201eDer geilste Tag\u201c hat mal eine Frau gesagt: die Achse, um die sich dein Leben dreht, ist pl\u00f6tzlich eine andere. Und genau so ist es. Man dreht sich nicht mehr nur um sich selbst, und das erlebe ich als eine sehr gesundende Erfahrung, die sicherlich niemandem schadet.<\/p>\n<p><strong>In \u00abFriedmanns Vier\u00bb ist Tom Beck Vater eines trans Kindes. Die RTL+ Serie l\u00e4uft seit Ende 2021 <a href=\"https:\/\/mannschaft.com\/in-friedmanns-vier-ist-tom-beck-vater-eines-trans-kindes\/\" target=\"_blank\" rel=\"noopener\">(MANNSCHAFT berichtete)<\/a>.<\/strong><\/p>\n","protected":false},"excerpt":{"rendered":"<p>Morgen l\u00e4uft \u00abOskars Kleid\u00bb im Kino an. Florian David Fitz ist hier als Vater eines trans Kindes zu sehen. Im Interview spricht er \u00fcber Ausgrenzungserfahrungen im Film, \u00fcber Gendern und #Deadnaming. <a class=\"g1-link g1-link-more\" href=\"https:\/\/alte.mannschaft.lgbt\/bimber\/florian-david-fitz-man-muss-sein-kind-halt-lieben-fertig\/\">Weiterlesen<\/a><\/p>\n","protected":false},"author":28,"featured_media":157631,"comment_status":"closed","ping_status":"closed","sticky":false,"template":"","format":"standard","meta":[],"categories":[4371,2534],"tags":[5509,5545],"wps_subtitle":"Neu im Kino: \u00abOskars Kleid\u00bb","_links":{"self":[{"href":"https:\/\/alte.mannschaft.lgbt\/bimber\/wp-json\/wp\/v2\/posts\/157630"}],"collection":[{"href":"https:\/\/alte.mannschaft.lgbt\/bimber\/wp-json\/wp\/v2\/posts"}],"about":[{"href":"https:\/\/alte.mannschaft.lgbt\/bimber\/wp-json\/wp\/v2\/types\/post"}],"author":[{"embeddable":true,"href":"https:\/\/alte.mannschaft.lgbt\/bimber\/wp-json\/wp\/v2\/users\/28"}],"replies":[{"embeddable":true,"href":"https:\/\/alte.mannschaft.lgbt\/bimber\/wp-json\/wp\/v2\/comments?post=157630"}],"version-history":[{"count":7,"href":"https:\/\/alte.mannschaft.lgbt\/bimber\/wp-json\/wp\/v2\/posts\/157630\/revisions"}],"predecessor-version":[{"id":157639,"href":"https:\/\/alte.mannschaft.lgbt\/bimber\/wp-json\/wp\/v2\/posts\/157630\/revisions\/157639"}],"wp:featuredmedia":[{"embeddable":true,"href":"https:\/\/alte.mannschaft.lgbt\/bimber\/wp-json\/wp\/v2\/media\/157631"}],"wp:attachment":[{"href":"https:\/\/alte.mannschaft.lgbt\/bimber\/wp-json\/wp\/v2\/media?parent=157630"}],"wp:term":[{"taxonomy":"category","embeddable":true,"href":"https:\/\/alte.mannschaft.lgbt\/bimber\/wp-json\/wp\/v2\/categories?post=157630"},{"taxonomy":"post_tag","embeddable":true,"href":"https:\/\/alte.mannschaft.lgbt\/bimber\/wp-json\/wp\/v2\/tags?post=157630"}],"curies":[{"name":"wp","href":"https:\/\/api.w.org\/{rel}","templated":true}]}}