{"id":157615,"date":"2022-12-21T05:19:32","date_gmt":"2022-12-21T04:19:32","guid":{"rendered":"https:\/\/mannschaft.com\/?p=157615"},"modified":"2022-12-21T05:30:06","modified_gmt":"2022-12-21T04:30:06","slug":"filmmuseum-wuerdigt-pier-paolo-pasolini-und-mauro-bolognini","status":"publish","type":"post","link":"https:\/\/alte.mannschaft.lgbt\/bimber\/filmmuseum-wuerdigt-pier-paolo-pasolini-und-mauro-bolognini\/","title":{"rendered":"Filmmuseum w\u00fcrdigt Pier Paolo Pasolini und Mauro Bolognini\u00a0"},"content":{"rendered":"<h3>Zum Jahresauftakt 2023 w\u00fcrdigt das Filmmuseum ein Trio von herausragenden italienischen Filmemachern, die jeweils auf ihre Weise ein kritisches zeitgen\u00f6ssisches Kino verwirklichten und einander freundschaftlich wie k\u00fcnstlerisch verbunden waren.<\/h3>\n<p>Im Mittelpunkt steht mit Pier Paolo Pasolini (1922\u20131975) eine der grossen K\u00fcnstlerpers\u00f6nlichkeiten des 20. Jahrhunderts. Pasolinis Filmschaffen wird in der Filmschau mit einem gr\u00f6sseren Querschnitt des Werks seines Kino-Mentors Mauro Bolognini (1922\u20132001) kombiniert. Mit Carlo Lizzani (1922\u20132013) kommt als Dritter im Bunde eine Schl\u00fcsselfigur f\u00fcr die Erneuerung des italienischen Kinos durch den Neorealismus dazu. Alle w\u00e4ren in diesem Jahr 100 Jahre alt geworden.<\/p>\n<hr \/>\n<p><a href=\"https:\/\/mannschaft.com\/zum-100-pier-paolo-pasolini\/\" target=\"_blank\" rel=\"noopener\"><em>Am 5. M\u00e4rz 2022 w\u00e4re Pier Paolo Pasolini 100 Jahre alt geworden. Bis heute gibt seine Ermordung im Jahr 1975 R\u00e4tsel auf.<\/em> <\/a><\/p>\n<hr \/>\n<p>Die Verschr\u00e4nkung von Kommunismus und Christentum ist pr\u00e4gend f\u00fcr die Wahrnehmung von Pasolini \u2013 als K\u00fcnstler wie als \u00f6ffentliche Figur, so das Filmmuseum in einer Ank\u00fcnigung. Pasolinis Zugang zu Marxismus und Religion sei dezidiert anti-doktrin\u00e4r gewesen, seine Homosexualit\u00e4t sorgte dazu zeitlebens f\u00fcr Skandale (ebenso wie sein Schaffen), w\u00e4hrend er sich als Intellektueller provokant in tagesaktuelle Diskussionen einmischte.<\/p>\n<p>Wie Pasolini ist aber auch Bolognini als Filmemacher ein Meister des Plastischen und des Sinnlichen, und beide eint eine gewisse Verzweiflung in der Weltsicht, obwohl ihre Ausdrucksweisen und Pers\u00f6nlichkeiten ganz verschieden waren. Bologini etwa sei sehr diskret mit seinem Schwulsein umgegangen.<\/p>\n<p>Lizzani selbst setzte auf Genrefilme mit engagierter Thematik. Seine historischen Schilderungen des Kampfes gegen den Faschismus im neorealistischen Stil bleiben unvergessen, wie Lizzanis sp\u00e4tere Verschr\u00e4nkung von Genre und Zeitkritik im Zeichen der hereinbrechenden \u00abbleiernen Jahre\u00bb.<\/p>\n<hr \/>\n<p><a href=\"https:\/\/mannschaft.com\/schrille-nacht-schwule-weihnachtskomoedie-bei-arte\/\" target=\"_blank\" rel=\"noopener\"><em>\u00abSchrille Nacht\u00bb: Schwule Weihnachtskom\u00f6die bei Arte. Wenn sich der Weihnachtsmann als verloren geglaubte Liebe entpuppt &#8230;<\/em><\/a><\/p>\n<hr \/>\n<p>Die Pr\u00e4sentation des Gesamtwerks von Pier Paolo Pasolini (nur zwei Episodenfilmbeitr\u00e4ge sind derzeit leider nicht verf\u00fcgbar) werde aufgrund der Kopienlage wohl zum letzten Mal in analoger Form zu sehen sein, teilt das Filmmuseum ferne mit. Es wird daher gross gefeiert, begleitet von einer Lesung von Pasolini-Texten mit Christian Reiner und Wolf Wondratschek, einem Amos-Vogel-Atlas mit einer Dokumentarfilm-Rarit\u00e4t zu Pasolinis Tod sowie zwei Kurzfilmen von Ludwig W\u00fcst, der zu einem Werkstattgespr\u00e4ch zu Gast sein wird.<\/p>\n<p>Die Retrospektive l\u00e4uft vom 12. Januar bis 1. M\u00e4rz 2023.<\/p>\n","protected":false},"excerpt":{"rendered":"<p>Wien \u2013 Zum Jahresauftakt w\u00fcrdigt das @filmmuseumwien ein Trio herausragende italienische Filmemacher, die ein kritisches zeitgen\u00f6ssisches #Kino verwirklichten. Im Mittelpunkt steht Pier Paolo Pasolini <a class=\"g1-link g1-link-more\" href=\"https:\/\/alte.mannschaft.lgbt\/bimber\/filmmuseum-wuerdigt-pier-paolo-pasolini-und-mauro-bolognini\/\">Weiterlesen<\/a><\/p>\n","protected":false},"author":1,"featured_media":131885,"comment_status":"closed","ping_status":"closed","sticky":false,"template":"","format":"standard","meta":[],"categories":[2527,2534],"tags":[5539,464,567],"wps_subtitle":"In Wien werden drei Hundertj\u00e4hrige gefeiert","_links":{"self":[{"href":"https:\/\/alte.mannschaft.lgbt\/bimber\/wp-json\/wp\/v2\/posts\/157615"}],"collection":[{"href":"https:\/\/alte.mannschaft.lgbt\/bimber\/wp-json\/wp\/v2\/posts"}],"about":[{"href":"https:\/\/alte.mannschaft.lgbt\/bimber\/wp-json\/wp\/v2\/types\/post"}],"author":[{"embeddable":true,"href":"https:\/\/alte.mannschaft.lgbt\/bimber\/wp-json\/wp\/v2\/users\/1"}],"replies":[{"embeddable":true,"href":"https:\/\/alte.mannschaft.lgbt\/bimber\/wp-json\/wp\/v2\/comments?post=157615"}],"version-history":[{"count":6,"href":"https:\/\/alte.mannschaft.lgbt\/bimber\/wp-json\/wp\/v2\/posts\/157615\/revisions"}],"predecessor-version":[{"id":157629,"href":"https:\/\/alte.mannschaft.lgbt\/bimber\/wp-json\/wp\/v2\/posts\/157615\/revisions\/157629"}],"wp:featuredmedia":[{"embeddable":true,"href":"https:\/\/alte.mannschaft.lgbt\/bimber\/wp-json\/wp\/v2\/media\/131885"}],"wp:attachment":[{"href":"https:\/\/alte.mannschaft.lgbt\/bimber\/wp-json\/wp\/v2\/media?parent=157615"}],"wp:term":[{"taxonomy":"category","embeddable":true,"href":"https:\/\/alte.mannschaft.lgbt\/bimber\/wp-json\/wp\/v2\/categories?post=157615"},{"taxonomy":"post_tag","embeddable":true,"href":"https:\/\/alte.mannschaft.lgbt\/bimber\/wp-json\/wp\/v2\/tags?post=157615"}],"curies":[{"name":"wp","href":"https:\/\/api.w.org\/{rel}","templated":true}]}}