{"id":156751,"date":"2022-12-12T04:40:55","date_gmt":"2022-12-12T03:40:55","guid":{"rendered":"https:\/\/mannschaft.com\/?p=156751"},"modified":"2022-12-12T04:55:07","modified_gmt":"2022-12-12T03:55:07","slug":"nominierungen-fuer-golden-globes-werden-verkuendet","status":"publish","type":"post","link":"https:\/\/alte.mannschaft.lgbt\/bimber\/nominierungen-fuer-golden-globes-werden-verkuendet\/","title":{"rendered":"Nominierungen f\u00fcr Golden Globes werden verk\u00fcndet"},"content":{"rendered":"<h3>Im kalifornischen Beverly Hills werden an diesem Montag die Nominierungen f\u00fcr die 80. Golden Globe Awards bekanntgegeben. Der neue Gastgeber der Gala steht schon fest: Jerrod Carmichael<\/h3>\n<p>Die Auszeichnungen des Verbands der Auslandspresse (HFPA) in 27 Film- und Fernsehkategorien sollen am 10. Januar vergeben werden. Moderiert wird die Gala erstmals von Jerrod Carmichael: Der hatte sich im Fr\u00fchjahr geoutet, in der Sendung \u00abJerrod Carmichael: Rothaniel\u00bb.<\/p>\n<blockquote class=\"twitter-tweet\">\n<p dir=\"ltr\" lang=\"en\">Congratulations to out comic Jerrod Carmichael who will host the <a href=\"https:\/\/twitter.com\/goldenglobes?ref_src=twsrc%5Etfw\">@goldenglobes<\/a> on January 10 on NBC! \ud83c\udff3\ufe0f\u200d\ud83c\udf08 <a href=\"https:\/\/t.co\/dLJQyyfkWm\">pic.twitter.com\/dLJQyyfkWm<\/a><\/p>\n<p>\u2014 GLAAD (@glaad) <a href=\"https:\/\/twitter.com\/glaad\/status\/1600884833248387074?ref_src=twsrc%5Etfw\">December 8, 2022<\/a><\/p><\/blockquote>\n<p><script async src=\"https:\/\/platform.twitter.com\/widgets.js\" charset=\"utf-8\"><\/script><\/p>\n<p>\u00abEtwas, das ich meinem Vater, meiner Mutter, meiner Familie, meinen Freunden \u2013 und euch allen \u2013 vorenthalten habe. Beruflich, pers\u00f6nlich. Und das Geheimnis ist, dass ich schwul bin\u00bb, so Carmichael.<\/p>\n<p><iframe loading=\"lazy\" title=\"YouTube video player\" src=\"https:\/\/www.youtube.com\/embed\/4Gfk0-eYszI\" width=\"560\" height=\"315\" frameborder=\"0\" allowfullscreen=\"allowfullscreen\"><\/iframe><\/p>\n<p>Traditionell schaute die Branche zum Auftakt der Preis-Saison mit Spannung auf die Globes, als Vorbote f\u00fcr die sp\u00e4teren Oscars. Doch der HFPA-Verband (Hollywood Foreign Press) war im vorigen Jahr wegen mangelnder Diversit\u00e4t und fragw\u00fcrdiger Praktiken der Mitglieder heftiger Kritik ausgesetzt. Die 79. Globe-Vergabe im vorigen Januar lief ohne Nominierte und Starg\u00e4ste ab, die \u00fcbliche TV-Gala fiel aus. Die Namen der Gewinner*innen wurden in den sozialen Medien der Organisation mitgeteilt.<\/p>\n<p>Dass ein schwuler schwarzer Gastgeber die Gala moderiert, d\u00fcrfte daraufhin weisen, dass die Kritik an den Golden Globes gewirkt hat, dort fehle es an Diversity <a href=\"https:\/\/mannschaft.com\/golden-globes-unter-druck-sexistisch-homophob-rassistisch\/\" target=\"_blank\" rel=\"noopener\">(MANNSCHAFT berichtete)<\/a><\/p>\n<p>Der Verband hat Reformen eingeleitet, die Mitgliedschaft vergr\u00f6ssert und vielf\u00e4ltiger gemacht. Der Sender <em>NBC<\/em> will die 80. Troph\u00e4en-Vergabe im kommenden Januar nun wieder live ausstrahlen.<\/p>\n<p>Preistr\u00e4ger der 79. Globes in den Spitzenkategorien waren das queere Western-Familiendrama \u00abThe Power of the Dog\u00bb als bestes Filmdrama <a href=\"https:\/\/mannschaft.com\/golden-globes-billy-porter-lady-gaga-the-power-of-the-dog-nominiert\/\" target=\"_blank\" rel=\"noopener\">(MANNSCHAFT berichtete)<\/a> und Steven Spielbergs Filmmusical \u00abWest Side Story\u00bb in der Sparte beste \u00abKom\u00f6die\/Musical\u00bb. <em>(mit dpa)<\/em><\/p>\n","protected":false},"excerpt":{"rendered":"<p>Im kalifornischen Beverly Hills werden heute die Nominierungen f\u00fcr die 80. Golden Globe Awards bekanntgegeben. Der neue Gastgeber der Gala steht schon fest: Jerrod Carmichael. Er ist schwarz und #schwul. Reicht das schon an Diversity? <a class=\"g1-link g1-link-more\" href=\"https:\/\/alte.mannschaft.lgbt\/bimber\/nominierungen-fuer-golden-globes-werden-verkuendet\/\">Weiterlesen<\/a><\/p>\n","protected":false},"author":1,"featured_media":156753,"comment_status":"closed","ping_status":"closed","sticky":false,"template":"","format":"standard","meta":[],"categories":[4381,2534],"tags":[5437,5531,5461],"wps_subtitle":"Moderiert wird die Gala im Januar vom offen schwulen Jerrod Carmichael","_links":{"self":[{"href":"https:\/\/alte.mannschaft.lgbt\/bimber\/wp-json\/wp\/v2\/posts\/156751"}],"collection":[{"href":"https:\/\/alte.mannschaft.lgbt\/bimber\/wp-json\/wp\/v2\/posts"}],"about":[{"href":"https:\/\/alte.mannschaft.lgbt\/bimber\/wp-json\/wp\/v2\/types\/post"}],"author":[{"embeddable":true,"href":"https:\/\/alte.mannschaft.lgbt\/bimber\/wp-json\/wp\/v2\/users\/1"}],"replies":[{"embeddable":true,"href":"https:\/\/alte.mannschaft.lgbt\/bimber\/wp-json\/wp\/v2\/comments?post=156751"}],"version-history":[{"count":3,"href":"https:\/\/alte.mannschaft.lgbt\/bimber\/wp-json\/wp\/v2\/posts\/156751\/revisions"}],"predecessor-version":[{"id":156755,"href":"https:\/\/alte.mannschaft.lgbt\/bimber\/wp-json\/wp\/v2\/posts\/156751\/revisions\/156755"}],"wp:featuredmedia":[{"embeddable":true,"href":"https:\/\/alte.mannschaft.lgbt\/bimber\/wp-json\/wp\/v2\/media\/156753"}],"wp:attachment":[{"href":"https:\/\/alte.mannschaft.lgbt\/bimber\/wp-json\/wp\/v2\/media?parent=156751"}],"wp:term":[{"taxonomy":"category","embeddable":true,"href":"https:\/\/alte.mannschaft.lgbt\/bimber\/wp-json\/wp\/v2\/categories?post=156751"},{"taxonomy":"post_tag","embeddable":true,"href":"https:\/\/alte.mannschaft.lgbt\/bimber\/wp-json\/wp\/v2\/tags?post=156751"}],"curies":[{"name":"wp","href":"https:\/\/api.w.org\/{rel}","templated":true}]}}