{"id":152802,"date":"2022-10-29T15:36:26","date_gmt":"2022-10-29T13:36:26","guid":{"rendered":"https:\/\/mannschaft.com\/?p=152802"},"modified":"2022-10-29T15:37:52","modified_gmt":"2022-10-29T13:37:52","slug":"mit-jens-spahn-siebte-staffel-von-chez-kroemer-kommt","status":"publish","type":"post","link":"https:\/\/alte.mannschaft.lgbt\/bimber\/mit-jens-spahn-siebte-staffel-von-chez-kroemer-kommt\/","title":{"rendered":"Mit Jens Spahn: Siebte Staffel von \u00abChez Kr\u00f6mer\u00bb kommt"},"content":{"rendered":"<h3>Die <em>rbb<\/em>-Show \u00abChez Kr\u00f6mer\u00bb geht am 31. Oktober in die n\u00e4chste Runde. Dann erscheint die erste von sechs neuen Folgen online. Zum Auftakt begr\u00fcsst Kurt Kr\u00f6mer CDU-Politiker Jens Spahn in seinem \u00abVerh\u00f6rraum\u00bb.<\/h3>\n<p>Als weitere G\u00e4ste der bereits siebten Staffel erwartet der Berliner Entertainer Boulevard-Journalist <a href=\"https:\/\/mannschaft.com\/zu-queer-freundlich-politikjournalist-ralf-schuler-verlaesst-die-bild-zeitung\/\">Julian Reichelt<\/a>, Autorin und Prostituierte Salom\u00e9 Balthus, den \u00f6sterreichische Politiker Heinz-Christian Strache, Regisseur <a href=\"https:\/\/mannschaft.com\/ard-zeigt-rosa-von-praunheims-rex-gildo-film-erst-2023\/\">Rosa von Praunheim<\/a>, Rapper Xatar und Comedian Faisal Kawusi. Einer der G\u00e4ste wird dem <em>rbb<\/em> zufolge als siebte Folge exklusiv in der ARD Mediathek zu sehen sein.<\/p>\n<p>Die erste Folge der Sendung von und mit Kurt Kr\u00f6mer ist ab Montag, 31. Oktober 2022, 18.00 Uhr in der <a href=\"https:\/\/www.ardmediathek.de\/sendung\/chez-kroemer\/staffel-1\/Y3JpZDovL3JiYi1vbmxpbmUuZGUvY2hlei1rcm9lbWVy\/1\">ARD Mediathek<\/a> und auf YouTube abrufbar und wird am Folgetag um 22.15 Uhr im rbb Fernsehen zu sehen. Die weiteren Folgen stehen dann im Wochenrhythmus jeweils montags ab 18.00 Uhr online zur Verf\u00fcgung und werden am Dienstagabend im rbb Fernsehen ausgestrahlt.<\/p>\n<p>F\u00fcr die Sendung mit Gast Torsten Str\u00e4ter (Staffel 4) wurde \u00abChez Kr\u00f6mer\u00bb 2022 in der Kategorie Unterhaltung mit dem <a href=\"https:\/\/mannschaft.com\/diversitaet-von-lebensentwuerfen-74-beitraege-fuer-grimme-preis-nominiert\/\">Grimme-Preis<\/a> ausgezeichnet. 2020 wurde bereits die erste Staffel der rbb-Show mit dem Preis geehrt.<\/p>\n<p>In der seit 2019 produzierten Show begr\u00fcsst K<span class=\"vm-hook-outer\"><span class=\"vm-hook\">urt Kr\u00f6mer<\/span><\/span> jeweils einen Gast und f\u00fchrt mit diesem ein Gespr\u00e4ch, das mal mehr und mal weniger humoristisch einem Verh\u00f6r gleicht \u2013 mit entsprechendem B\u00fchnenbild-Ambiente. Bislang gaben sich dort neben Politikern wie Kevin K\u00fchnert, Karl Lauterbach oder Gregor Gysi auch Promis wie Bushido, Harald Gl\u00f6\u00f6ckler oder Sido die Ehre.<\/p>\n<p><a href=\"https:\/\/mannschaft.com\/rlt-zeigt-9-teilige-doku-ueber-jens-spahn-second-move-kills\/\">Mehr zum Thema: RLT+ zeigt 9-teilige Doku \u00fcber Jens Spahn: \u00abSecond Move Kills\u00bb<\/a><\/p>\n","protected":false},"excerpt":{"rendered":"<p>Die #rbb-Show #ChezKr\u00f6mer geht am 31. Oktober in die n\u00e4chste Runde. Dann erscheint die erste von sechs neuen Folgen online. Zum Auftakt begr\u00fcsst #KurtKr\u00f6mer #CDU-Politiker #JensSpahn in seinem \u00abVerh\u00f6rraum\u00bb #LGBTIQ <a class=\"g1-link g1-link-more\" href=\"https:\/\/alte.mannschaft.lgbt\/bimber\/mit-jens-spahn-siebte-staffel-von-chez-kroemer-kommt\/\">Weiterlesen<\/a><\/p>\n","protected":false},"author":1,"featured_media":152807,"comment_status":"closed","ping_status":"closed","sticky":false,"template":"","format":"standard","meta":[],"categories":[4701,2534],"tags":[65,5540,5528],"wps_subtitle":"Auch Julian Reichelt, Rosa von Praunheim und Xatar sind G\u00e4ste bei Kurt Kr\u00f6mer","_links":{"self":[{"href":"https:\/\/alte.mannschaft.lgbt\/bimber\/wp-json\/wp\/v2\/posts\/152802"}],"collection":[{"href":"https:\/\/alte.mannschaft.lgbt\/bimber\/wp-json\/wp\/v2\/posts"}],"about":[{"href":"https:\/\/alte.mannschaft.lgbt\/bimber\/wp-json\/wp\/v2\/types\/post"}],"author":[{"embeddable":true,"href":"https:\/\/alte.mannschaft.lgbt\/bimber\/wp-json\/wp\/v2\/users\/1"}],"replies":[{"embeddable":true,"href":"https:\/\/alte.mannschaft.lgbt\/bimber\/wp-json\/wp\/v2\/comments?post=152802"}],"version-history":[{"count":6,"href":"https:\/\/alte.mannschaft.lgbt\/bimber\/wp-json\/wp\/v2\/posts\/152802\/revisions"}],"predecessor-version":[{"id":152814,"href":"https:\/\/alte.mannschaft.lgbt\/bimber\/wp-json\/wp\/v2\/posts\/152802\/revisions\/152814"}],"wp:featuredmedia":[{"embeddable":true,"href":"https:\/\/alte.mannschaft.lgbt\/bimber\/wp-json\/wp\/v2\/media\/152807"}],"wp:attachment":[{"href":"https:\/\/alte.mannschaft.lgbt\/bimber\/wp-json\/wp\/v2\/media?parent=152802"}],"wp:term":[{"taxonomy":"category","embeddable":true,"href":"https:\/\/alte.mannschaft.lgbt\/bimber\/wp-json\/wp\/v2\/categories?post=152802"},{"taxonomy":"post_tag","embeddable":true,"href":"https:\/\/alte.mannschaft.lgbt\/bimber\/wp-json\/wp\/v2\/tags?post=152802"}],"curies":[{"name":"wp","href":"https:\/\/api.w.org\/{rel}","templated":true}]}}