{"id":152357,"date":"2022-10-24T09:26:29","date_gmt":"2022-10-24T07:26:29","guid":{"rendered":"https:\/\/mannschaft.com\/?p=152357"},"modified":"2022-10-25T16:34:49","modified_gmt":"2022-10-25T14:34:49","slug":"queere-rechte-duerfen-keine-orchideen-themen-sein","status":"publish","type":"post","link":"https:\/\/alte.mannschaft.lgbt\/bimber\/queere-rechte-duerfen-keine-orchideen-themen-sein\/","title":{"rendered":"Queere Rechte d\u00fcrfen keine \u00abOrchideen-Themen\u00bb sein"},"content":{"rendered":"<h3>\u00d6sterreichs Sozialdemokraten fordern in einem Manifest, dass der Einsatz f\u00fcr queere Themen nicht als nebens\u00e4chlich abgetan wird.<\/h3>\n<p>Von Christian H\u00f6ller<\/p>\n<p>Umfragen zufolge sind in \u00d6sterreich die oppositionellen Sozialdemokraten die stimmenst\u00e4rkste Partei. Nun verlangen deren Vertreter*innen, dass sich die Linke nicht nur mit Sozialpolitik und Umverteilung, sondern auch mit queeren Themen besch\u00e4ftigen muss.<\/p>\n<p>Haben wir keine anderen Probleme? Angesichts der vielen aktuellen Krisen ist immer wieder zu h\u00f6ren, dass sich die Linke mehr mit Sozialpolitik und Umverteilung besch\u00e4ftigen sollte &#8211; und weniger mit LGBTIQ-Gleichstellung, Feminismus oder Antirassismus. Doch eine solche Gegen\u00fcberstellung von Klassenpolitik und Identit\u00e4tspolitik sei falsch und m\u00fcsse \u00fcberwunden werden. Das ist eine Kernthese des Buches und Manifests \u00abRadikale Solidarit\u00e4t\u00bb mit Beitr\u00e4gen von prominenten Vertreter*innen der \u00f6sterreichischen Sozialdemokratischen Partei (SP\u00d6) und von linken Aktivist*innen.<\/p>\n<blockquote class=\"twitter-tweet\">\n<p dir=\"ltr\" lang=\"de\">Heute ist es soweit: <a href=\"https:\/\/twitter.com\/MarioLindner82?ref_src=twsrc%5Etfw\">@MarioLindner82<\/a> und ich werden unser Buch \u201cRadikale Solidarit\u00e4t\u201d vorstellen \ud83e\udd17<br \/>\n\ud83d\udccdCeleste Wien, Hamburgerstra\u00dfe 18,1050 Wien<br \/>\n\u23f0 ab 19:00<br \/>\nKommt vorbei! Ich freu mich <a href=\"https:\/\/t.co\/DZ0MG3yTXD\">pic.twitter.com\/DZ0MG3yTXD<\/a><\/p>\n<p>\u2014 Evelyn Regner (@Evelyn_Regner) <a href=\"https:\/\/twitter.com\/Evelyn_Regner\/status\/1583385822031908865?ref_src=twsrc%5Etfw\">October 21, 2022<\/a><\/p><\/blockquote>\n<p><script async src=\"https:\/\/platform.twitter.com\/widgets.js\" charset=\"utf-8\"><\/script><\/p>\n<p>Das Buch liest sich unter anderem wie eine Positionsbestimmung f\u00fcr die n\u00e4chsten Wahlen. Offiziell sollen in \u00d6sterreich die Parlamentswahlen erst im Jahr 2024 abgehalten werden. Doch nach Korruptionsvorw\u00fcrfen um fr\u00fchere und aktive \u00d6VP-Politiker*innen gibt es immer wieder Ger\u00fcchte, dass die aus \u00d6VP und Gr\u00fcnen bestehende Regierungskoalition fr\u00fcher zerbrechen k\u00f6nnte. Einer aktuellen Umfrage des Wochenmagazins <em>Profil<\/em> zufolge liegt die oppositionelle SP\u00d6 derzeit mit 28 Prozent auf Platz eins, dahinter folgt die rechtsgerichtete Freiheitliche Partei (FP\u00d6) mit 24 Prozent. Die christdemokratische <a href=\"https:\/\/mannschaft.com\/neue-oevp-chats-offenbaren-grausliche-homophobie\/\" target=\"_blank\" rel=\"noopener\">\u00d6VP<\/a> schafft nur noch 23 Prozent. Die Gr\u00fcnen kommen auf elf Prozent.<\/p>\n<p>Wie in anderen L\u00e4ndern fordern auch in \u00d6sterreich manche linke Vertreter*innen, dass sich die Politik angesichts der aktuellen Krisen mehr um soziale Fragen und weniger um Minderheitenrechte k\u00fcmmern soll. Sie fragen sich unter anderem, wie wichtig eine Pride-Parade sei, wenn gleichzeitig hunderttausende Menschen in Armut leben. &#8222;Gerade in der Linken erleben wir in den letzten Jahren eine Debatte, die Identit\u00e4tspolitik gern gegen die sozialen Fragen ausspielt\u00bb, schreibt der SP\u00d6-Parlamentsabgeordnete<a href=\"https:\/\/mannschaft.com\/soho-chef-mario-lindner-wieder-im-wiener-nationalrat\/\" target=\"_blank\" rel=\"noopener\"> Mario Lindner<\/a>, Bundesvorsitzender der &#8222;Sozialdemokratie Homosexualit\u00e4t\u00bb (SoHo \u00d6sterreich) und einer der Initiatoren des Manifests.<\/p>\n<p>Laut Lindner werde Linken und Progressiven der Vorwurf gemacht, sich viel zu lang f\u00fcr \u00abOrchideenthemen\u00bb wie queere Rechte, Feminismus und Antirassismus eingesetzt zu haben. Die identit\u00e4tspolitische Linke h\u00e4tte Minderheiten bedient und deren Interessen vor die Interessen der Mehrheit gestellt &#8211; und damit diese Mehrheiten verloren. \u00abDer Wahlsieg <a href=\"https:\/\/mannschaft.com\/donald-trump-kokettiert-mit-comeback-und-teilt-gegen-lgbtiq-aus\/\" target=\"_blank\" rel=\"noopener\">Trump<\/a>s wird f\u00fcr diese These genauso als Beweis angef\u00fchrt, wie der<a href=\"https:\/\/mannschaft.com\/welche-folgen-hat-der-brexit-fuer-die-britische-lgbtiq-community\/\" target=\"_blank\" rel=\"noopener\"> Brexit<\/a> und viele andere Ph\u00e4nomene des Rechtsrucks\u00bb, schreibt Lindner. Die identit\u00e4tspolitische Linke soll die \u00abnormalen\u00bb Menschen in die Arme von Rechten und Autorit\u00e4ren getrieben haben, weil sie sich lieber Orchideenthemen als \u201eechten\u00bb Problemen gewidmet haben. Gegner*innen der identit\u00e4tspolitischen Linken behaupten daher, dass sich die Politik wieder mehr auf soziale und wirtschaftliche Themen konzentrieren sollen. Dann w\u00fcrden sich die Probleme von Frauen, Queers oder Migrant*innen von alleine l\u00f6sen.<\/p>\n<p>Doch eine solche Haltung lehnen die Autor*innen des Manifests ab. Beide Themen \u2013 Soziales und Identit\u00e4t \u2013 h\u00e4ngen ihrer Ansicht nach untrennbar zusammen. \u00abDie Idee eines Auseinanderdividierens gesellschaftlicher K\u00e4mpfe, die Idee einer Priorisierung, die manche Forderungen als wichtig und andere als unwichtig einstuft, ist in eine Sackgasse gelaufen\u00bb, so Lindner. Es m\u00fcsse klar sein, dass auch schlecht bezahlte Schwule am Bau arbeiten und Transfrauen mit Fluchterfahrung in Krankenh\u00e4usern t\u00e4tig seien. Sie alle haben nicht nur das Recht auf einen guten Lohn und gerechte Arbeitsbedingungen, sondern auch darauf, nicht diskriminiert und gesellschaftlich abgesichert zu werden. Der Gegensatz zwischen der vermeintlich \u00abweissen, heterosexuellen, m\u00e4nnlichen Mehrheit\u00bb und den \u00abRandgruppen\u00bb sei laut Lindner \u00abkonstruiert und verschleiert nur die echten Probleme unserer Gesellschaft, die in Wahrheit alle von uns betreffen.\u00bb<\/p>\n<p>Nach Ansicht des Politikers reiche es aber nicht aus, den Mythos der Orchideenthemen nur einseitig zu \u00fcberwinden. \u00abEs muss klar sein, dass auch jene Vereine, Initiativen und Aktivist*innen, die f\u00fcr Diversit\u00e4t k\u00e4mpfen \u2013 die Proponent*innen der Identit\u00e4tspolitik \u2013, \u00fcber den Tellerrand ihrer eigenen Communities hinausschauen und gr\u00f6ssere gesellschaftliche Fragen angehen\u00bb, fordert der Politiker. Es reiche nicht aus, dass sich feministische Bewegungen oder die LGBTIQ-Community oder migrantische Organisationen nur auf ihre eigenen Forderungen konzentrieren.<\/p>\n<p>Laut Lindner m\u00fcssen auch Pride-Paraden Umverteilung einfordern &#8211; \u00abund auch feministische oder migrantische Proteste werden soziale Fortschritte ins Zentrum r\u00fccken m\u00fcssen\u00bb. Als Vorbild nennt er die \u201eLesbians and Gays Support the Miners\u201c, die auch durch den Film \u00abPride\u00bb bekannt geworden seien. Es seien Vertreter*innen des queeren Grossbritanniens gewesen, \u00abdie sich im Widerstand gegen Margaret Thatchers radikale Politik der Spaltung an die Seite der Minenarbeiter und ihrer Familien stellten und Solidarit\u00e4t \u00fcber ihre eigenen Forderungen hinaus vorlebten\u00bb, heisst es in dem Buch. Und gleichzeitig seien jene Minenarbeiter und ihre Gewerkschaften an der Spitze der Londoner Pride-Demonstrationen marschiert. Lindner: \u00abSie haben solidarische Politik verstanden, so wie wir sie heute verstehen m\u00fcssen.\u00bb<\/p>\n<p>In dem Buch \u00abRadikale Solidarit\u00e4t\u00bb beleuchten SP\u00d6-Politiker*innen sowie linke, queere und feministische Aktivisti*innen und Expert*innen die unterschiedlichen Diskriminierungsmechanismen und die Notwendigkeit des gemeinschaftlichen Zusammenhalts aus verschiedenen Blickwinkeln. Die Erl\u00f6se des Buches kommen dem in Wien ans\u00e4ssigen Verein \u00abQueer Base \u2013 Welcome and Support for LGBTIQ Refugees\u00bb zugute.<\/p>\n","protected":false},"excerpt":{"rendered":"<p>#Wien \u00d6sterreichs Sozialdemokraten fordern in einem Manifest, dass der Einsatz f\u00fcr #queere Themen nicht als nebens\u00e4chlich abgetan wird. #LGBTIQ @MarioLindner82<br \/>\n <a class=\"g1-link g1-link-more\" href=\"https:\/\/alte.mannschaft.lgbt\/bimber\/queere-rechte-duerfen-keine-orchideen-themen-sein\/\">Weiterlesen<\/a><\/p>\n","protected":false},"author":1,"featured_media":34579,"comment_status":"closed","ping_status":"closed","sticky":false,"template":"","format":"standard","meta":[],"categories":[2527],"tags":[2867,5544],"wps_subtitle":"Die SP\u00d6 will \u00abRadikale Solidarit\u00e4t\u00bb","_links":{"self":[{"href":"https:\/\/alte.mannschaft.lgbt\/bimber\/wp-json\/wp\/v2\/posts\/152357"}],"collection":[{"href":"https:\/\/alte.mannschaft.lgbt\/bimber\/wp-json\/wp\/v2\/posts"}],"about":[{"href":"https:\/\/alte.mannschaft.lgbt\/bimber\/wp-json\/wp\/v2\/types\/post"}],"author":[{"embeddable":true,"href":"https:\/\/alte.mannschaft.lgbt\/bimber\/wp-json\/wp\/v2\/users\/1"}],"replies":[{"embeddable":true,"href":"https:\/\/alte.mannschaft.lgbt\/bimber\/wp-json\/wp\/v2\/comments?post=152357"}],"version-history":[{"count":6,"href":"https:\/\/alte.mannschaft.lgbt\/bimber\/wp-json\/wp\/v2\/posts\/152357\/revisions"}],"predecessor-version":[{"id":152369,"href":"https:\/\/alte.mannschaft.lgbt\/bimber\/wp-json\/wp\/v2\/posts\/152357\/revisions\/152369"}],"wp:featuredmedia":[{"embeddable":true,"href":"https:\/\/alte.mannschaft.lgbt\/bimber\/wp-json\/wp\/v2\/media\/34579"}],"wp:attachment":[{"href":"https:\/\/alte.mannschaft.lgbt\/bimber\/wp-json\/wp\/v2\/media?parent=152357"}],"wp:term":[{"taxonomy":"category","embeddable":true,"href":"https:\/\/alte.mannschaft.lgbt\/bimber\/wp-json\/wp\/v2\/categories?post=152357"},{"taxonomy":"post_tag","embeddable":true,"href":"https:\/\/alte.mannschaft.lgbt\/bimber\/wp-json\/wp\/v2\/tags?post=152357"}],"curies":[{"name":"wp","href":"https:\/\/api.w.org\/{rel}","templated":true}]}}