{"id":152326,"date":"2022-10-24T08:57:42","date_gmt":"2022-10-24T06:57:42","guid":{"rendered":"https:\/\/mannschaft.com\/?p=152326"},"modified":"2022-10-24T22:04:34","modified_gmt":"2022-10-24T20:04:34","slug":"italien-wir-wollen-nicht-das-neue-ungarn-oder-das-neue-polen-werden","status":"publish","type":"post","link":"https:\/\/alte.mannschaft.lgbt\/bimber\/italien-wir-wollen-nicht-das-neue-ungarn-oder-das-neue-polen-werden\/","title":{"rendered":"\u00abWir wollen nicht das neue Ungarn oder das neue Polen werden!\u00bb"},"content":{"rendered":"<h3>Wechsel im Palazzo Chigi: Italiens neue Regierungschefin Giorgia Meloni hat die Amtsgesch\u00e4fte in Rom \u00fcbernommen. Was bedeutet das k\u00fcnftig f\u00fcr LGBTIQ-Rechte?<\/h3>\n<p>Nach ihrer Vereidigung am Samstag bei Staatschef Sergio Mattarella folgte am Sonntag die traditionelle \u00dcbergabe der Glocke im Regierungssitz durch den nunmehr Ex-Ministerpr\u00e4sidenten Mario Draghi an seine Nachfolgerin. Die Parteichefin der rechtsradikalen Fratelli d&#8217;Italia und ihr frisch eingeschworenes Kabinett hielten im Anschluss eine erste Sitzung des Ministerrates ab. Draghi verliess davor unter Applaus seiner ehemaligen Mitarbeiter*innen den Palazzo Chigi. International sorgen die faschistischen Wurzeln ihrer Partei f\u00fcr Irritationen.<\/p>\n<p>Am Wochenende fand in Mailand eine Kundgebung statt, bei der u.a. gleiche Rechte f\u00fcr LGBTIQ eingefordert wurden. \u00abWir wollen nicht das neue <a href=\"https:\/\/mannschaft.com\/ungarn-ist-keine-demokratie-mehr-eu-droht-mit-kuerzung-von-eu-milliarden\/\" target=\"_blank\" rel=\"noopener\">Ungarn<\/a> oder das neue <a href=\"https:\/\/mannschaft.com\/polens-rechtsradikaler-premier-macht-lgbt-das-leben-schwer\/\" target=\"_blank\" rel=\"noopener\">Polen<\/a> werden\u00bb, warnte Luca Paladini, Sprecher der I Sentinelli di Milano, einer antifaschistischen Organisation, die sich u.a. f\u00fcr LGBTIQ einsetzt.<\/p>\n<blockquote class=\"twitter-tweet\">\n<p dir=\"ltr\" lang=\"it\">Organizzata in 5 giorni 5 dentro un clima generale che mi sento di definire eufemismicamente &#8220; anesterizzato&#8220;, questa \u00e8 stata Piazza Fontana oggi.<a href=\"https:\/\/twitter.com\/hashtag\/Resistiamo?src=hash&amp;ref_src=twsrc%5Etfw\">#Resistiamo<\/a><a href=\"https:\/\/twitter.com\/isentinelli?ref_src=twsrc%5Etfw\">@isentinelli<\/a> <a href=\"https:\/\/t.co\/Px3pGld1Bk\">pic.twitter.com\/Px3pGld1Bk<\/a><\/p>\n<p>\u2014 Luca Paladini (@luca_paladini4) <a href=\"https:\/\/twitter.com\/luca_paladini4\/status\/1583856956372307968?ref_src=twsrc%5Etfw\">October 22, 2022<\/a><\/p><\/blockquote>\n<p><script async src=\"https:\/\/platform.twitter.com\/widgets.js\" charset=\"utf-8\"><\/script><\/p>\n<p>Giorgia Meloni und ihre Schwester Arianna wurden im Arbeiterviertel Garbatella in Rom von der Mutter und den Grosseltern aufgezogen. Die Partei wurde ihre zweite Familie, der politische Aktivismus ihre Priorit\u00e4t. \u00abWenn du den Ehrgeiz hast, die Welt zu ver\u00e4ndern, gibt es keinen Platz f\u00fcr etwas anderes\u00bb, schreibt sie in ihrer Biografie, die auch wie ein Manifest daherkommt. \u00abWenn es darum geht, eine ganze Nation zu retten, ist es eine unverzeihliche Marotte, sich von seinen pers\u00f6nlichen Bed\u00fcrfnissen treiben zu lassen\u00bb, heisst es da etwa.<\/p>\n<p>Sie kandidierte schon fr\u00fch f\u00fcr politische \u00c4mter. Der MSI wurde kurz nach ihrem Eintritt in Alleanza Nazionale (AN) umbenannt und 1994 erstmals in die Regierung geholt. Parteichef Gianfranco Fini distanzierte sich 2003 vom Faschismus und bezeichnete diesen als das \u00ababsolut B\u00f6se\u00bb. So eine klare Aussage zu den Wurzeln ihrer Partei vermeidet Meloni bis heute. Sie brach mit ihrem F\u00f6rderer.<\/p>\n<p>2006 wurde Meloni ins Parlament gew\u00e4hlt und zwei Jahre sp\u00e4ter die j\u00fcngste Ministerin (Jugend und Sport) der Geschichte Italiens. Es ist auf nationaler Ebene die einzige Regierungserfahrung, die sie vorweisen kann. 2012 gr\u00fcndete sie die Partei Fratelli d&#8217;Italia.<\/p>\n<p>Meloni, die sich bei Twitter mit \u00abimmer, \u00fcberall und zuallererst Italienerin\u00bb beschreibt, steht f\u00fcr klar rechte Positionen: Sie will Migrant*innen &#8211; vor allem aus Afrika &#8211; abwehren und Italien als Nationalstaat innerhalb der EU st\u00e4rken. Sie will hart gegen Kriminalit\u00e4t vorgehen und neue Gef\u00e4ngnisse bauen. Ihre Maxime ist \u00abGott, Vaterland, Familie\u00bb.<\/p>\n<p><strong>Keine Not, LGBTIQ zu sch\u00fctzen?<br \/>\n<\/strong>Meloni hat seit 2016 eine Tochter (Ginevra), ist mit deren Vater aber nicht verheiratet. Sie ist gegen das Recht homosexueller Paare, Kinder zu adoptieren <a href=\"https:\/\/mannschaft.com\/italiens-wahl-favoritin-giorgia-meloni-gegen-adoption-durch-homosexuelle-paare\/\" target=\"_blank\" rel=\"noopener\">(MANNSCHAFT berichtete)<\/a>. Sie sieht auch keine Not, Homosexuelle oder andere Minderheiten st\u00e4rker vor Diskriminierung zu sch\u00fctzen. Sie ist gegen Abtreibung &#8211; in ihrer Biografie schreibt Meloni, dass ihre Mutter in der Schwangerschaft kurz davor war, sie selbst abzutreiben.<\/p>\n<p>Vieles, was die 45-J\u00e4hrige \u00fcber sich selbst erz\u00e4hlt, l\u00e4sst sich unter einem Motto zusammenfassen: Was mich nicht umbringt, macht mich st\u00e4rker. Sie erz\u00e4hlt davon, wie sie gemobbt wurde &#8211; etwa als M\u00e4dchen am Strand von \u00e4lteren Jungs, die sie als \u00abFettkloss\u00bb beschimpften und ihr einen Volleyball ins Gesicht schossen. Auch schreibt sie in ihrer Biografie, dass sie jeden Tag Angst habe, dass andere sie nicht als gleichwertig betrachteten, und sie sich oft unzul\u00e4nglich f\u00fchle.<\/p>\n<p>\u00abAber diese Angst ist meine St\u00e4rke\u00bb, schreibt sie. \u00abSie ist der Grund, warum ich so gewissenhaft, so hartn\u00e4ckig, so bereit dazu bin, Opfer zu bringen.\u00bb Das Gef\u00fchl, nicht gut genug zu sein, f\u00fchre dazu, auf dem Boden zu bleiben, sagte sie j\u00fcngst in einem Interview.<\/p>\n<p>Bei ihren Auftritten erscheint Meloni alles andere als unsicher oder \u00e4ngstlich. Sie scheut keine Konfrontation, wirkt selbstbewusst und meinungsstark. Argumente ihrer Kritiker scheinen an ihr abzuprallen. Ihre B\u00fchne weiss sie zu nutzen &#8211; sei es im Fernsehen, vor ihren Anh\u00e4ngerinnen und Anh\u00e4ngern oder in den sozialen Medien.<\/p>\n<p>Am Tag vor der Wahl, als der Wahlkampf ruhen sollte, postete sie auf Instagram ein Foto. In inniger Umarmung ist sie darauf mit ihrer sechsj\u00e4hrigen Tochter in einem Garten zu sehen. So unpolitisch der Blick ins Private auch daherkommen mag &#8211; das Bild steht exemplarisch f\u00fcr die Selbstbeschreibung Melonis. Bei einer Kundgebung sagte sie einst: \u00abIch bin Giorgia, ich bin eine Frau, ich bin eine Mutter, ich bin eine Christin.\u00bb Dieser Satz wurde ihr Mantra.<\/p>\n<p><strong>Ende 2021 hatte sich ein italienischer Ex-Minister als schwul geoutet: Spadafora<\/strong> <strong>war zuvor f\u00fcr Jugend und Sport zust\u00e4ndig <a href=\"https:\/\/mannschaft.com\/vincenzo-spadafora-italienischer-populist-und-ex-minister-outet-sich-als-schwul\/\" target=\"_blank\" rel=\"noopener\">(MANNSCHAFT berichtete)<\/a>.<\/strong><\/p>\n","protected":false},"excerpt":{"rendered":"<p>#Rom Wechsel im Palazzo Chigi: Italiens neue Regierungschefin Giorgia Meloni hat die Amtsgesch\u00e4fte \u00fcbernommen. Was bedeutet das k\u00fcnftig f\u00fcr #LGBTIQ-Rechte? In #Mailand wurde bereits protestiert. <a class=\"g1-link g1-link-more\" href=\"https:\/\/alte.mannschaft.lgbt\/bimber\/italien-wir-wollen-nicht-das-neue-ungarn-oder-das-neue-polen-werden\/\">Weiterlesen<\/a><\/p>\n","protected":false},"author":1950,"featured_media":152345,"comment_status":"closed","ping_status":"closed","sticky":false,"template":"","format":"standard","meta":[],"categories":[2],"tags":[5531,464,3196],"wps_subtitle":"Es gibt erste Proteste gegen Giorgia Meloni","_links":{"self":[{"href":"https:\/\/alte.mannschaft.lgbt\/bimber\/wp-json\/wp\/v2\/posts\/152326"}],"collection":[{"href":"https:\/\/alte.mannschaft.lgbt\/bimber\/wp-json\/wp\/v2\/posts"}],"about":[{"href":"https:\/\/alte.mannschaft.lgbt\/bimber\/wp-json\/wp\/v2\/types\/post"}],"author":[{"embeddable":true,"href":"https:\/\/alte.mannschaft.lgbt\/bimber\/wp-json\/wp\/v2\/users\/1950"}],"replies":[{"embeddable":true,"href":"https:\/\/alte.mannschaft.lgbt\/bimber\/wp-json\/wp\/v2\/comments?post=152326"}],"version-history":[{"count":8,"href":"https:\/\/alte.mannschaft.lgbt\/bimber\/wp-json\/wp\/v2\/posts\/152326\/revisions"}],"predecessor-version":[{"id":152347,"href":"https:\/\/alte.mannschaft.lgbt\/bimber\/wp-json\/wp\/v2\/posts\/152326\/revisions\/152347"}],"wp:featuredmedia":[{"embeddable":true,"href":"https:\/\/alte.mannschaft.lgbt\/bimber\/wp-json\/wp\/v2\/media\/152345"}],"wp:attachment":[{"href":"https:\/\/alte.mannschaft.lgbt\/bimber\/wp-json\/wp\/v2\/media?parent=152326"}],"wp:term":[{"taxonomy":"category","embeddable":true,"href":"https:\/\/alte.mannschaft.lgbt\/bimber\/wp-json\/wp\/v2\/categories?post=152326"},{"taxonomy":"post_tag","embeddable":true,"href":"https:\/\/alte.mannschaft.lgbt\/bimber\/wp-json\/wp\/v2\/tags?post=152326"}],"curies":[{"name":"wp","href":"https:\/\/api.w.org\/{rel}","templated":true}]}}