{"id":152313,"date":"2022-10-22T16:01:53","date_gmt":"2022-10-22T14:01:53","guid":{"rendered":"https:\/\/mannschaft.com\/?p=152313"},"modified":"2022-10-22T16:24:48","modified_gmt":"2022-10-22T14:24:48","slug":"mann-von-trio-homofeindlich-beleidigt-geschlagen-und-beklaut","status":"publish","type":"post","link":"https:\/\/alte.mannschaft.lgbt\/bimber\/mann-von-trio-homofeindlich-beleidigt-geschlagen-und-beklaut\/","title":{"rendered":"Mann von Trio homofeindlich beleidigt, geschlagen und beklaut"},"content":{"rendered":"<h3>Ein bislang unbekanntes Trio beleidigte einen Mann in der Berliner U-Bahn homofeindlich, dann wurde er geschlagen und beraubt.<\/h3>\n<p>Nach bisherigen Ermittlungen stieg der 27-J\u00e4hrige gegen 6 Uhr auf dem U-Bahnhof Kurf\u00fcrstenstrasse in einen Zug der Linie 12 mit Fahrtrichtung Warschauer Strasse. Mit ihm zusammen befanden sich drei weitere M\u00e4nner im Waggon.<\/p>\n<p>Einer der Drei ging zwischen den Bahnh\u00f6fen Prinzenstrasse und Kottbusser Tor zu dem 27-J\u00e4hrigen, forderte von diesem die Herausgabe seiner Wertgegenst\u00e4nde und beleidigte ihn homophob. Diese Forderung lehnte der Beleidigte ab, woraufhin ihn der Mann mehrmals ins Gesicht schlug und ihn zu Boden zog. Dort schlugen und traten schliesslich zwei der M\u00e4nner auf ihn ein und beraubten ihn seiner Tasche und seines Mobiltelefones.<\/p>\n<p>Am U-Bahnhof Kottbusser Tor stiegen sowohl der Beraubte als auch die T\u00e4ter aus dem Zug aus. W\u00e4hrend das Trio fl\u00fcchtete, alarmierte der 27-J\u00e4hrige die Polizei. Ob seiner erlittenen leichten Verletzungen mussten Rettungskr\u00e4fte hinzubeordert werden, die ihn zur ambulanten Behandlung in ein Krankenhaus brachten.<\/p>\n<p>Die weiteren Ermittlungen f\u00fchrt der Polizeiliche Staatsschutz beim Landeskriminalamt.<\/p>\n<p><strong>In Z\u00fcrich st\u00fcrmen Neonazis eine Dragqueen-Vorlesestunde f\u00fcr Kinder. Der Vorfall ereignete sich w\u00e4hrend der \u00abDrag Story Time\u00bb im Tanzhaus <a href=\"https:\/\/mannschaft.com\/zuerich-neonazis-stuermen-dragqueen-vorlesestunde-fuer-kinder\/\" target=\"_blank\" rel=\"noopener\">(MANNSCHAFT berichtete)<\/a>. Einen \u00e4hnlichen Vorfall gab es im Sommer bereits bei der Zurich Pride (<a href=\"https:\/\/mannschaft.com\/vermummte-greifen-abschlussgottesdienst-zur-zurich-pride-an\/\" target=\"_blank\" rel=\"noopener\">MANNSCHAFT berichtete<\/a>).<\/strong><\/p>\n","protected":false},"excerpt":{"rendered":"<p>#Berlin Ein bislang unbekanntes Trio beleidigte einen Mann in der U-Bahn #homofeindlich, dann wurde er geschlagen und beraubt. #BVG <a class=\"g1-link g1-link-more\" href=\"https:\/\/alte.mannschaft.lgbt\/bimber\/mann-von-trio-homofeindlich-beleidigt-geschlagen-und-beklaut\/\">Weiterlesen<\/a><\/p>\n","protected":false},"author":1,"featured_media":72124,"comment_status":"closed","ping_status":"closed","sticky":false,"template":"","format":"standard","meta":[],"categories":[3,4701],"tags":[128,5501,5461],"wps_subtitle":"Der 27-J\u00e4hrige kam ins Krankenhaus","_links":{"self":[{"href":"https:\/\/alte.mannschaft.lgbt\/bimber\/wp-json\/wp\/v2\/posts\/152313"}],"collection":[{"href":"https:\/\/alte.mannschaft.lgbt\/bimber\/wp-json\/wp\/v2\/posts"}],"about":[{"href":"https:\/\/alte.mannschaft.lgbt\/bimber\/wp-json\/wp\/v2\/types\/post"}],"author":[{"embeddable":true,"href":"https:\/\/alte.mannschaft.lgbt\/bimber\/wp-json\/wp\/v2\/users\/1"}],"replies":[{"embeddable":true,"href":"https:\/\/alte.mannschaft.lgbt\/bimber\/wp-json\/wp\/v2\/comments?post=152313"}],"version-history":[{"count":8,"href":"https:\/\/alte.mannschaft.lgbt\/bimber\/wp-json\/wp\/v2\/posts\/152313\/revisions"}],"predecessor-version":[{"id":152321,"href":"https:\/\/alte.mannschaft.lgbt\/bimber\/wp-json\/wp\/v2\/posts\/152313\/revisions\/152321"}],"wp:featuredmedia":[{"embeddable":true,"href":"https:\/\/alte.mannschaft.lgbt\/bimber\/wp-json\/wp\/v2\/media\/72124"}],"wp:attachment":[{"href":"https:\/\/alte.mannschaft.lgbt\/bimber\/wp-json\/wp\/v2\/media?parent=152313"}],"wp:term":[{"taxonomy":"category","embeddable":true,"href":"https:\/\/alte.mannschaft.lgbt\/bimber\/wp-json\/wp\/v2\/categories?post=152313"},{"taxonomy":"post_tag","embeddable":true,"href":"https:\/\/alte.mannschaft.lgbt\/bimber\/wp-json\/wp\/v2\/tags?post=152313"}],"curies":[{"name":"wp","href":"https:\/\/api.w.org\/{rel}","templated":true}]}}