{"id":151256,"date":"2022-10-10T08:25:24","date_gmt":"2022-10-10T06:25:24","guid":{"rendered":"https:\/\/mannschaft.com\/?p=151256"},"modified":"2022-10-10T16:44:04","modified_gmt":"2022-10-10T14:44:04","slug":"vaclav-havel-menschenrechtspreis-fuer-rainbow-coalition","status":"publish","type":"post","link":"https:\/\/alte.mannschaft.lgbt\/bimber\/vaclav-havel-menschenrechtspreis-fuer-rainbow-coalition\/","title":{"rendered":"Vaclav-Havel-&shy;Menschenrechtspreis f\u00fcr Putin-Kritiker"},"content":{"rendered":"<h3>Der russische Oppositionspolitiker und Journalist Wladimir Kara-Mursa ist mit dem prestigetr\u00e4chtigen Vaclav-Havel-Preis des Europarats ausgezeichnet worden.<\/h3>\n<p>Es erfordere unglaublichen Mut, sich im heutigen Russland gegen die Obrigkeit zu stellen, sagte der Pr\u00e4sident der Parlamentarischen Versammlung, Tiny Kox, am Montag in Strassburg. Kara-Mursa gilt als prominenter Kritiker von Kremlchef Wladimir Putin. Zweimal hat er r\u00e4tselhafte Vergiftungen nur knapp \u00fcberlebt. Er ist wegen Hochverrats angeklagt und sitzt seit einigen Monaten im Gef\u00e4ngnis. Seine Frau nahm den Menschenrechtspreis entgegen. Sie las ein Statement von ihm vor, wonach er den Gewinn all jenen widmet, die sich in Russland gegen den<a href=\"https:\/\/mannschaft.com\/gezielte-toetungen-und-entfuehrungen-von-lgbtiq-bei-einmarsch-in-ukraine\/\" target=\"_blank\" rel=\"noopener\"> Ukraine-Krieg<\/a> auflehnen.<\/p>\n<p>Nominiert war auch die ungarische \u00abRainbow Coalition\u00bb, die sich f\u00fcr die Menschenrechte von LGBTIQ einsetzt. Dritte Nominierte war die ukrainische \u00ab5 AM Coalition\u00bb. Dieser Zusammenschluss von ukrainischen Menschenrechtsorganisationen hat sich der Aufkl\u00e4rung von russischen Kriegsverbrechen verschrieben.<\/p>\n<p>Seit 2013 zeichnet der Europarat mit dem Vaclav-Havel-Preis Engagement f\u00fcr die Menschenrechte aus. Der Preis ist mit 60&#8217;000 Euro dotiert und nach dem verstorbenen B\u00fcrgerrechtler und fr\u00fcheren Pr\u00e4sidenten der Tschechischen Republik benannt.<\/p>\n<p>Zur Parlamentarischen Versammlung kommen viermal im Jahr Abgeordnete der 47 Staaten des Europarats zusammen. Der Europarat mit Sitz in Strassburg wacht \u00fcber die Menschenrechte in seinen Mitgliedsl\u00e4ndern und ist kein Organ der Europ\u00e4ischen Union.<\/p>\n<p>Der Friedensnobelpreis geht in diesem Jahr u.a. an die Aktivist*innen von Memorial, die sich auch f\u00fcr LGBTIQ-Rechte einsetzen <a href=\"https:\/\/mannschaft.com\/friedensnobelpreis-aktivistinnen-von-memorial-werden-ausgezeichnet\/\" target=\"_blank\" rel=\"noopener\">(MANNSCHAFT berichtete).<\/a><\/p>\n<p><strong>Lissabon richtet die Europride 2025 aus. Lange Gesichter bei den deutschen Mitbewerber*innen <a href=\"https:\/\/mannschaft.com\/lissabon-richtet-die-europride-2025-aus\/\" target=\"_blank\" rel=\"noopener\">(MANNSCHAFT berichtete)<\/a>.<\/strong><\/p>\n","protected":false},"excerpt":{"rendered":"<p>Die Parl. Versammlung des Europarats vergibt heute zum 10. Mal ihren Menschenrechtspreis. Nominiert u.a. die \u00abRainbow Coalition\u00bb aus #Ungarn, die sich f\u00fcr die Menschenrechte von LGBTIQ einsetzt. <a class=\"g1-link g1-link-more\" href=\"https:\/\/alte.mannschaft.lgbt\/bimber\/vaclav-havel-menschenrechtspreis-fuer-rainbow-coalition\/\">Weiterlesen<\/a><\/p>\n","protected":false},"author":1950,"featured_media":151305,"comment_status":"closed","ping_status":"closed","sticky":false,"template":"","format":"standard","meta":[],"categories":[2],"tags":[5437,1737,3196],"wps_subtitle":"Der Preis ist mit 60'000 Euro dotiert","_links":{"self":[{"href":"https:\/\/alte.mannschaft.lgbt\/bimber\/wp-json\/wp\/v2\/posts\/151256"}],"collection":[{"href":"https:\/\/alte.mannschaft.lgbt\/bimber\/wp-json\/wp\/v2\/posts"}],"about":[{"href":"https:\/\/alte.mannschaft.lgbt\/bimber\/wp-json\/wp\/v2\/types\/post"}],"author":[{"embeddable":true,"href":"https:\/\/alte.mannschaft.lgbt\/bimber\/wp-json\/wp\/v2\/users\/1950"}],"replies":[{"embeddable":true,"href":"https:\/\/alte.mannschaft.lgbt\/bimber\/wp-json\/wp\/v2\/comments?post=151256"}],"version-history":[{"count":6,"href":"https:\/\/alte.mannschaft.lgbt\/bimber\/wp-json\/wp\/v2\/posts\/151256\/revisions"}],"predecessor-version":[{"id":151304,"href":"https:\/\/alte.mannschaft.lgbt\/bimber\/wp-json\/wp\/v2\/posts\/151256\/revisions\/151304"}],"wp:featuredmedia":[{"embeddable":true,"href":"https:\/\/alte.mannschaft.lgbt\/bimber\/wp-json\/wp\/v2\/media\/151305"}],"wp:attachment":[{"href":"https:\/\/alte.mannschaft.lgbt\/bimber\/wp-json\/wp\/v2\/media?parent=151256"}],"wp:term":[{"taxonomy":"category","embeddable":true,"href":"https:\/\/alte.mannschaft.lgbt\/bimber\/wp-json\/wp\/v2\/categories?post=151256"},{"taxonomy":"post_tag","embeddable":true,"href":"https:\/\/alte.mannschaft.lgbt\/bimber\/wp-json\/wp\/v2\/tags?post=151256"}],"curies":[{"name":"wp","href":"https:\/\/api.w.org\/{rel}","templated":true}]}}