{"id":150489,"date":"2022-09-30T10:52:39","date_gmt":"2022-09-30T08:52:39","guid":{"rendered":"https:\/\/mannschaft.com\/?p=150489"},"modified":"2022-09-30T18:16:09","modified_gmt":"2022-09-30T16:16:09","slug":"affenpocken-wo-bleibt-die-impfung-fuer-die-schweiz","status":"publish","type":"post","link":"https:\/\/alte.mannschaft.lgbt\/bimber\/affenpocken-wo-bleibt-die-impfung-fuer-die-schweiz\/","title":{"rendered":"Affenpocken: Wo bleibt die Impfung f\u00fcr die Schweiz?"},"content":{"rendered":"<h3>Von den vom Bund versprochenen 40\u2019000 Dosen des Impfstoffs gegen <a href=\"https:\/\/mannschaft.com\/tag\/affenpocken\/\" target=\"_blank\" rel=\"noopener\">Affenpocken<\/a> fehlt jede Spur. Man befinde sich noch in der Verhandlung mit dem Hersteller, heisst es vom BAG.<\/h3>\n<p>Am 24. August hatte der Bundesrat beschlossen, 40&#8217;000 Dosen eines Impfstoffs gegen die Affenpocken zu beschaffen (<a href=\"https:\/\/mannschaft.com\/der-bund-beschafft-40000-dosen-impfstoff-gegen-affenpocken\/\" target=\"_blank\" rel=\"noopener\">MANNSCHAFT berichtete<\/a>). Die Aids-Hilfe Schweiz sch\u00e4tzte damals, dass zumindest noch im September die ersten Impfungen im Land verabreicht werden k\u00f6nnen. Nun neigt sich der Monat langsam, aber sicher dem Ende zu und man wartet in der Schweiz noch immer auf den Pieks.<\/p>\n<p><strong>Keine neuen Infos<\/strong><br \/>\nPink Cross muss weiterhin fast t\u00e4glich Impfwillige auf sp\u00e4ter vertr\u00f6sten, wie die Dachorganisation in einer Mitteilung schreibt. Es herrscht Ratlosigkeit: \u00abLeider wissen wir hier zum aktuellen Zeitpunkt auch nicht mehr.\u00bb<\/p>\n<p>Niklaus Schorp, Teamleiter beim Checkpoint Z\u00fcrich, hat ebenfalls keine genaueren Informationen erhalten. \u00abWir hoffen, in den n\u00e4chsten Tagen mit der Impfung starten zu k\u00f6nnen. Sobald es Neuigkeiten gibt, werden diese auf unserer Webseite publiziert\u00bb, so Niklaus gegen\u00fcber MANNSCHAFT.<\/p>\n<p><strong>Noch in Vertragsverhandlungen<\/strong><br \/>\nDann gibt es eigentlich nur noch eine Adresse, wo man definitiv mehr wissen muss: beim Bundesamt f\u00fcr Gesundheit. Dort heisst es auf die Anfrage von MANNSCHAFT: \u00abDas BAG befindet sich derzeit in Vertragsverhandlungen mit dem Hersteller des Impfstoffs. Sobald der Vertrag unterzeichnet ist, werden wir die \u00d6ffentlichkeit informieren.\u00bb<\/p>\n<p>Der Umstand, dass die Schweiz eine eigene Heilmittelbeh\u00f6rde hat, gleichzeitig jedoch eine verh\u00e4ltnism\u00e4ssig kleine Absatzm\u00f6glichkeit bietet, kostet auch bei der Impfung gegen die Affenpocken viel Zeit. Wie das <em>Tagblatt<\/em> berichtete, hatte es die d\u00e4nisch-deutsche Herstellerin \u00abBavarian Nordic\u00bb nicht eilig, mitten in der weltweit grossen Nachfrage einem kleinen Land Daten zur Pr\u00fcfung zu liefern, um die spezifischen Bedingungen eines Antrages in der Schweiz zu erf\u00fcllen.<\/p>\n<p>In anderen L\u00e4ndern werden l\u00e4ngst Impfungen gegen die Affenpocken durchgef\u00fchrt. In Berlin beispielsweise haben besonders vulnerable Menschen bereits im August eine zweite Dosis erhalten (<a href=\"https:\/\/mannschaft.com\/mehr-als-6400-affenpocken-impfungen-in-berlin-erfasst\/\" target=\"_blank\" rel=\"noopener\">MANNSCHAFT berichtete<\/a>).<\/p>\n","protected":false},"excerpt":{"rendered":"<p>#Schweiz: Von den vom Bund versprochenen 40\u2019000 Dosen des Impfstoffs gegen #Affenpocken fehlt jede Spur. Man befinde sich noch in der Verhandlung mit dem Hersteller, heisst es vom #BAG. <a class=\"g1-link g1-link-more\" href=\"https:\/\/alte.mannschaft.lgbt\/bimber\/affenpocken-wo-bleibt-die-impfung-fuer-die-schweiz\/\">Weiterlesen<\/a><\/p>\n","protected":false},"author":42,"featured_media":143088,"comment_status":"closed","ping_status":"closed","sticky":false,"template":"","format":"standard","meta":[],"categories":[1340],"tags":[5467,5468,5538],"wps_subtitle":"Vor mehr als einem Monat hatte der Bundesrat die Beschaffung beschlossen","_links":{"self":[{"href":"https:\/\/alte.mannschaft.lgbt\/bimber\/wp-json\/wp\/v2\/posts\/150489"}],"collection":[{"href":"https:\/\/alte.mannschaft.lgbt\/bimber\/wp-json\/wp\/v2\/posts"}],"about":[{"href":"https:\/\/alte.mannschaft.lgbt\/bimber\/wp-json\/wp\/v2\/types\/post"}],"author":[{"embeddable":true,"href":"https:\/\/alte.mannschaft.lgbt\/bimber\/wp-json\/wp\/v2\/users\/42"}],"replies":[{"embeddable":true,"href":"https:\/\/alte.mannschaft.lgbt\/bimber\/wp-json\/wp\/v2\/comments?post=150489"}],"version-history":[{"count":1,"href":"https:\/\/alte.mannschaft.lgbt\/bimber\/wp-json\/wp\/v2\/posts\/150489\/revisions"}],"predecessor-version":[{"id":150490,"href":"https:\/\/alte.mannschaft.lgbt\/bimber\/wp-json\/wp\/v2\/posts\/150489\/revisions\/150490"}],"wp:featuredmedia":[{"embeddable":true,"href":"https:\/\/alte.mannschaft.lgbt\/bimber\/wp-json\/wp\/v2\/media\/143088"}],"wp:attachment":[{"href":"https:\/\/alte.mannschaft.lgbt\/bimber\/wp-json\/wp\/v2\/media?parent=150489"}],"wp:term":[{"taxonomy":"category","embeddable":true,"href":"https:\/\/alte.mannschaft.lgbt\/bimber\/wp-json\/wp\/v2\/categories?post=150489"},{"taxonomy":"post_tag","embeddable":true,"href":"https:\/\/alte.mannschaft.lgbt\/bimber\/wp-json\/wp\/v2\/tags?post=150489"}],"curies":[{"name":"wp","href":"https:\/\/api.w.org\/{rel}","templated":true}]}}