{"id":150062,"date":"2022-09-26T11:13:02","date_gmt":"2022-09-26T09:13:02","guid":{"rendered":"https:\/\/mannschaft.com\/?p=150062"},"modified":"2022-09-26T11:20:31","modified_gmt":"2022-09-26T09:20:31","slug":"von-einem-katar-boykott-haelt-thomas-hitzlsperger-nicht-viel","status":"publish","type":"post","link":"https:\/\/alte.mannschaft.lgbt\/bimber\/von-einem-katar-boykott-haelt-thomas-hitzlsperger-nicht-viel\/","title":{"rendered":"Von einem Katar-Boykott h\u00e4lt Thomas Hitzlsperger nicht viel"},"content":{"rendered":"<h3>In knapp zwei Monaten beginnt die Fussball-WM in Katar. Ein Boykott h\u00e4lt Thomas Hitzlsperger f\u00fcr problematisch. Derweil gibt es weitere Kritik an der \u00abOne Love\u00bb-Kapit\u00e4nsbinde.<\/h3>\n<p>Katar ist als Gastgeber hoch umstritten. Vielleicht g\u00e4be es gute Argumente \u00abtrotzdem dahin zu fahren und im Vorfeld oder w\u00e4hrend des Turniers Dinge zu tun, die die Situation der Menschen<br \/>\ndort verbessern\u00bb, glaubt der offen schwule Ex-Kicker Hitzlsperger. Einen Boykott, wie ihn manche fordern <a href=\"https:\/\/mannschaft.com\/berliner-spd-fordert-einen-boykott-der-fussball-wm-in-katar\/\" target=\"_blank\" rel=\"noopener\">(MANNSCHAFT berichtete)<\/a>, sieht der DFB-Botschafter f\u00fcr Vielfalt jedoch kritisch.<\/p>\n<p>Dennoch erkl\u00e4rte der fr\u00fchere deutsche Nationalspieler in dem<a href=\"https:\/\/podcasts.google.com\/feed\/aHR0cHM6Ly9tZWhyYWxzZWluc3BpZWwucG9kaWdlZS5pby9mZWVkL21wMw\/episode\/OTQzZWRlMzU2YjhkZjFkZjM2NGMyZDE3ZDg5ODljMzI?hl=de&amp;ved=2ahUKEwj7wsP8jrL6AhUO3KQKHVGlAgMQjrkEegQIBRAF&amp;ep=6\" target=\"_blank\" rel=\"noopener\"> Podcast \u00abMehr als ein Spiel\u00bb<\/a> Ende letzter Woche: \u00abWenn ich in ein Land reise, in dem nicht ganz klar ist, ob ich eingesperrt oder sogar zu Tode verurteilt werden kann, dann ist das einfach falsch. Da darf kein Fussballturnier stattfinden.\u00bb<\/p>\n<p><iframe loading=\"lazy\" style=\"border: none; overflow: hidden;\" src=\"https:\/\/www.facebook.com\/plugins\/post.php?href=https%3A%2F%2Fwww.facebook.com%2Fswrsport%2Fposts%2Fpfbid0348CVaG2McC37ScsMEPEBcAWLTr1XD9XqNwiK71NhRXYbMCDCPjyMqFujeVDX1m3Zl&amp;show_text=true&amp;width=500\" width=\"500\" height=\"666\" frameborder=\"0\" scrolling=\"no\" allowfullscreen=\"allowfullscreen\"><\/iframe><\/p>\n<p>Derweil hat die Menschenrechtsorganisation Human Rights Watch die Kapit\u00e4nsbinde der deutschen Fussball-Nationalmannschaft mit der Aufschrift \u00abOne Love\u00bb als \u00abreine Symbolik\u00bb kritisiert. Das sei einfach nur so ein Zeichen, sagte Deutschland-Direktor Wenzel Michalski dem TV-Sender <em>Sky<\/em>. <a href=\"https:\/\/mannschaft.com\/one-love-diese-kapitaensbinde-ist-ein-plumpes-peinliches-plagiat\/\" target=\"_blank\" rel=\"noopener\">Auch der MANNSCHAFT-Kommentar von Samstag befasst sich mit dem Thema.<\/a><\/p>\n<p>\u00abDas ist ja kein politisches Statement, sondern man m\u00f6chte darum herumkommen, die Regenbogenfahne zu tragen\u00bb, urteilte er. Deswegen habe man sich dann sowas anderes ausgedacht. \u00abEs wirkt ein bisschen unbeholfen, muss ich sagen\u00bb, befand Michalski.<\/p>\n<p>Nationaltorh\u00fcter Manuel Neuer wird die deutsche Mannschaft bei der WM in Katar als Zeichen gegen Diskriminierung und f\u00fcr Vielfalt mit dieser speziellen Kapit\u00e4nsbinde anf\u00fchren. Auch beim abschliessenden Nations-League-Spiel an diesem Montag (20.45 Uhr\/RTL) in London gegen England soll der Stellvertreter f\u00fcr den wegen eines positiven Corona-Tests fehlenden Neuer wieder die \u00abOne Love\u00bb-Binde tragen.<\/p>\n<p>DFB-Pr\u00e4sident Bernd Neuendorf hatte sich vor der Premiere der Kapit\u00e4nsbinde bei der 0:1-Niederlage der deutschen Mannschaft gegen Ungarn gegen Kritik gewehrt. \u00abEs ist ein Zeichen f\u00fcr Vielfalt und Offenheit und Toleranz, nicht nur f\u00fcr die LGBTIQ-Szene, sondern auch f\u00fcr Frauenrechte, f\u00fcr Meinungsfreiheit, f\u00fcr Arbeitnehmerrechte\u00bb, hatte er im ZDF gesagt.<\/p>\n<blockquote><p>Ich glaube, der DFB hat einen grossen Schritt voran gemacht.<\/p><\/blockquote>\n<p>Die Rechtslage f\u00fcr Angeh\u00f6rige der LGBTIQ-Community in Katar steht derzeit im Zentrum der Kritik, mehr noch als die bedenkliche Lage f\u00fcr Gastarbeiter. Vertreter der LGBTIQ-Community raten bislang von einer Reise nach Katar ab.<\/p>\n<p>Auf der anderen Seite lobte Michalski aber auch das Engagement des Deutschen Fussball-Bundes (DFB) im Zusammenhang mit der WM f\u00fcr Menschenrechte. Dass der Verband einen Wiedergutmachungsfonds zugunsten der Familien von Opfern auf den Baustellen f\u00fcr die WM unterst\u00fctze, \u00abist eine tolle Sache\u00bb, sagte Michalski. Und weiter: \u00abIch glaube, der DFB hat einen grossen Schritt voran gemacht, jetzt in den letzten Wochen und Monaten. Aber es hat unglaublich lange gedauert.\u00bb <em>(mit dpa)<\/em><\/p>\n","protected":false},"excerpt":{"rendered":"<p>#Katar In knapp zwei Monaten beginnt die #Fussball-WM. Ein Boykott h\u00e4lt der #DFB-Botschafter f\u00fcr Vielfalt @ThomasHitz f\u00fcr problematisch. Derweil gibt es weitere Kritik an der \u00abOne Love\u00bb-Kapit\u00e4nsbinde. <a class=\"g1-link g1-link-more\" href=\"https:\/\/alte.mannschaft.lgbt\/bimber\/von-einem-katar-boykott-haelt-thomas-hitzlsperger-nicht-viel\/\">Weiterlesen<\/a><\/p>\n","protected":false},"author":1,"featured_media":117638,"comment_status":"closed","ping_status":"closed","sticky":false,"template":"","format":"standard","meta":[],"categories":[2,4447],"tags":[5543,405],"wps_subtitle":"Er findet aber auch: In dem Land d\u00fcrfte eigentlich kein Fussballturnier stattfinden","_links":{"self":[{"href":"https:\/\/alte.mannschaft.lgbt\/bimber\/wp-json\/wp\/v2\/posts\/150062"}],"collection":[{"href":"https:\/\/alte.mannschaft.lgbt\/bimber\/wp-json\/wp\/v2\/posts"}],"about":[{"href":"https:\/\/alte.mannschaft.lgbt\/bimber\/wp-json\/wp\/v2\/types\/post"}],"author":[{"embeddable":true,"href":"https:\/\/alte.mannschaft.lgbt\/bimber\/wp-json\/wp\/v2\/users\/1"}],"replies":[{"embeddable":true,"href":"https:\/\/alte.mannschaft.lgbt\/bimber\/wp-json\/wp\/v2\/comments?post=150062"}],"version-history":[{"count":4,"href":"https:\/\/alte.mannschaft.lgbt\/bimber\/wp-json\/wp\/v2\/posts\/150062\/revisions"}],"predecessor-version":[{"id":150064,"href":"https:\/\/alte.mannschaft.lgbt\/bimber\/wp-json\/wp\/v2\/posts\/150062\/revisions\/150064"}],"wp:featuredmedia":[{"embeddable":true,"href":"https:\/\/alte.mannschaft.lgbt\/bimber\/wp-json\/wp\/v2\/media\/117638"}],"wp:attachment":[{"href":"https:\/\/alte.mannschaft.lgbt\/bimber\/wp-json\/wp\/v2\/media?parent=150062"}],"wp:term":[{"taxonomy":"category","embeddable":true,"href":"https:\/\/alte.mannschaft.lgbt\/bimber\/wp-json\/wp\/v2\/categories?post=150062"},{"taxonomy":"post_tag","embeddable":true,"href":"https:\/\/alte.mannschaft.lgbt\/bimber\/wp-json\/wp\/v2\/tags?post=150062"}],"curies":[{"name":"wp","href":"https:\/\/api.w.org\/{rel}","templated":true}]}}