{"id":148189,"date":"2022-09-08T12:33:22","date_gmt":"2022-09-08T10:33:22","guid":{"rendered":"https:\/\/mannschaft.com\/?p=148189"},"modified":"2022-09-14T15:17:22","modified_gmt":"2022-09-14T13:17:22","slug":"yannick-shetty-fuer-tirol-erster-offen-schwuler-landesminister","status":"publish","type":"post","link":"https:\/\/alte.mannschaft.lgbt\/bimber\/yannick-shetty-fuer-tirol-erster-offen-schwuler-landesminister\/","title":{"rendered":"Yannick Shetty f\u00fcr Tirol \u2013 Erster offen schwuler Landesminister?"},"content":{"rendered":"<h3>Am 25. September wird ein neuer Tiroler Landtag gew\u00e4hlt. <a href=\"https:\/\/mannschaft.com\/yannick-shetty-in-oesterreich-wurde-nach-der-nazi-zeit-vieles-totgeschwiegen\/\" target=\"_blank\" rel=\"noopener\">Yannick Shetty<\/a> tritt als Teil eines Kompetenzteams der NEOS an und k\u00f6nnte der erste offen schwule Landesminister im konservativen Tirol werden.<\/h3>\n<p>Die letzte Landtagswahl war im Februar 2018, es handelt sich um eine vorgezogene Wahl, nachdem Landeshauptmann G\u00fcnther Platter (\u00d6VP) seinen R\u00fccktritt angek\u00fcndigt hatte. Laut IMAD-aktueller Umfrage muss die \u00d6VP mit starken Verlusten rechnen, k\u00e4me aber immer noch auf Platz 1. Die NEOS w\u00fcrden auf Platz 5 landen, knapp hinter den Gr\u00fcnen.<\/p>\n<hr \/>\n<p><em>Yannick Shetty warnt vor muslimischem Hass auf Homosexuelle: Wir m\u00fcssen handeln!<\/em> <a href=\"https:\/\/mannschaft.com\/muslimischer-hass-auf-homosexuelle-wir-muessen-handeln\/\" target=\"_blank\" rel=\"noopener\">(mehr)<\/a><\/p>\n<hr \/>\n<p>Am Mittwoch wurde ein Dreier-Kompetenzteam vorgestellt, mit dem die Partei im Fall einer Regierungsbeteiligung in die Tiroler Landesregierung einziehen will. Der offen schwule Yannick Shetty ist dabei, zust\u00e4ndig f\u00fcr das Thema Jugend.<\/p>\n<p>\u00abWir wollen nicht nur Regierungsverantwortung \u00fcbernehmen, wir k\u00f6nnen das auch\u00bb, hielt der geb\u00fcrtige Innsbruck Yannick Shetty fest. \u00abIch habe mir zum Ziel gemacht, bedingungslos die Stimme der jungen Leute in dieser schwierigen Zeit zu sein\u00bb, erkl\u00e4rt Shetty, der den Einsatz f\u00fcr die Jugend bei den anderen vermisst. Neben einer modernen Jugendpolitik, mit einem Jugendlandesrat, der auch die Jugend versteht, sieht er eine weitere grosse Herausforderung im Bereich \u00abLeistbares Wohnen\u00bb. Hier plant Shetty einen Preisgipfel nach der Landtagswahl einzuberufen, an dem Sozialpartner, Wirtschaftskammer, Arbeiterkammer und alle Parteien an einen Tisch geholt werden. Shetty steht auch f\u00fcr eine Integrationspolitik mit Herz und Hirn.<\/p>\n<p>\u00abShetty w\u00e4re damit der erste offen schwule Landesrat im konservativen Tirol. Damit w\u00fcrde ein Signal der Offenheit, Toleranz und Vielfalt in das ganze Land ausgesandt werden\u00bb, hiess es.<\/p>\n<p><strong>Nach einem homofeindlichen Hassbrief gab es viel Solidarit\u00e4t mit einem Tiroler Gastwirt: Seit er 16 ist, war die Homosexualit\u00e4t von Michael R. bekannt und war nie ein Problem gewesen \u2013 bis zu diesem Brief <\/strong><a href=\"https:\/\/mannschaft.com\/nach-homophobem-hassbrief-riesige-solidaritaet-mit-tiroler-gastwirt-homophobie-tirol\/\" target=\"_blank\" rel=\"noopener\"><strong>(MANNSCHAFT berichtete)<\/strong>.<\/a><\/p>\n","protected":false},"excerpt":{"rendered":"<p>#Tirol In gut zwei Wochen wird ein neuer Landtag gew\u00e4hlt. Yannick Shetty tritt als Teil eines Kompetenzteams der #NEOS an u. k\u00f6nnte der erste offen #schwule Landesrat in d. konservativen Bundesland werden. <a class=\"g1-link g1-link-more\" href=\"https:\/\/alte.mannschaft.lgbt\/bimber\/yannick-shetty-fuer-tirol-erster-offen-schwuler-landesminister\/\">Weiterlesen<\/a><\/p>\n","protected":false},"author":3,"featured_media":148269,"comment_status":"closed","ping_status":"closed","sticky":false,"template":"","format":"standard","meta":[],"categories":[2527],"tags":[5544,3154,4008],"wps_subtitle":"Der 27-J\u00e4hrige ist seit 2019 Mitglied des Nationalrates","_links":{"self":[{"href":"https:\/\/alte.mannschaft.lgbt\/bimber\/wp-json\/wp\/v2\/posts\/148189"}],"collection":[{"href":"https:\/\/alte.mannschaft.lgbt\/bimber\/wp-json\/wp\/v2\/posts"}],"about":[{"href":"https:\/\/alte.mannschaft.lgbt\/bimber\/wp-json\/wp\/v2\/types\/post"}],"author":[{"embeddable":true,"href":"https:\/\/alte.mannschaft.lgbt\/bimber\/wp-json\/wp\/v2\/users\/3"}],"replies":[{"embeddable":true,"href":"https:\/\/alte.mannschaft.lgbt\/bimber\/wp-json\/wp\/v2\/comments?post=148189"}],"version-history":[{"count":10,"href":"https:\/\/alte.mannschaft.lgbt\/bimber\/wp-json\/wp\/v2\/posts\/148189\/revisions"}],"predecessor-version":[{"id":148893,"href":"https:\/\/alte.mannschaft.lgbt\/bimber\/wp-json\/wp\/v2\/posts\/148189\/revisions\/148893"}],"wp:featuredmedia":[{"embeddable":true,"href":"https:\/\/alte.mannschaft.lgbt\/bimber\/wp-json\/wp\/v2\/media\/148269"}],"wp:attachment":[{"href":"https:\/\/alte.mannschaft.lgbt\/bimber\/wp-json\/wp\/v2\/media?parent=148189"}],"wp:term":[{"taxonomy":"category","embeddable":true,"href":"https:\/\/alte.mannschaft.lgbt\/bimber\/wp-json\/wp\/v2\/categories?post=148189"},{"taxonomy":"post_tag","embeddable":true,"href":"https:\/\/alte.mannschaft.lgbt\/bimber\/wp-json\/wp\/v2\/tags?post=148189"}],"curies":[{"name":"wp","href":"https:\/\/api.w.org\/{rel}","templated":true}]}}