{"id":147923,"date":"2022-09-05T08:31:08","date_gmt":"2022-09-05T06:31:08","guid":{"rendered":"https:\/\/mannschaft.com\/?p=147923"},"modified":"2022-09-06T13:27:37","modified_gmt":"2022-09-06T11:27:37","slug":"ueberlebender-des-dresden-anschlags-bin-nicht-opfer-homophober-gewalt","status":"publish","type":"post","link":"https:\/\/alte.mannschaft.lgbt\/bimber\/ueberlebender-des-dresden-anschlags-bin-nicht-opfer-homophober-gewalt\/","title":{"rendered":"\u00dcberlebender des Dresden-Anschlags: Bin nicht Opfer homophober Gewalt"},"content":{"rendered":"<h3>Bald ist es zwei Jahre her: Eine St\u00e4dtereise nach Dresden endet f\u00fcr ein schwules Paar in einer Trag\u00f6die. Ein islamistischer Gef\u00e4hrder ersticht einen der M\u00e4nner. Der andere \u00fcberlebt traumatisiert <a href=\"https:\/\/mannschaft.com\/angriff-auf-schwules-paar-in-dresden-der-mordprozess-beginnt\/\" target=\"_blank\" rel=\"noopener\">(MANNSCHAFT berichtete)<\/a>, sieht sich aber nicht als Opfer homophober Gewalt<\/h3>\n<p>\u00abPl\u00f6tzlich kam ein Schlag, v\u00f6llig \u00fcberraschend, in den R\u00fccken\u00bb, erz\u00e4hlte L. ein halbes Jahr sp\u00e4ter noch traumatisiert in einer Videobefragung dem Staatsschutzsenat im Oberlandesgerichts (OLG) Dresden. Das Danach liegt im Dunkel. \u00abIch kann mich an nichts erinnern und bin, ehrlich gesagt, auch froh dr\u00fcber\u00bb, sagte der 54-J\u00e4hrige <a href=\"https:\/\/mannschaft.com\/war-die-messerattacke-auf-schwules-paar-in-dresden-zu-verhindern\/\" target=\"_blank\" rel=\"noopener\">(MANNSCHAFT berichtete).<\/a><\/p>\n<p>Eigentlich sollte dem Stadtrat bis zum Ende M\u00e4rz ein Vorschlag zur Gestaltung des Erinnerungsortes vorliegen. Das kam lange nicht voran: Die Verwaltung in Dresden sei \u00fcberlastet, hiess es im Fr\u00fchjahr <a href=\"https:\/\/mannschaft.com\/nach-mord-in-dresden-planung-fuer-gedenkort-verzoegert-sich\/\" target=\"_blank\" rel=\"noopener\">(MANNSCHFT berichtete)<\/a>.<\/p>\n<blockquote><p>Der Partner des Mord-Opfers sieht sich ausdr\u00fccklich nicht als Opfer homophober Gewalt, sondern ordnet die Tat selbst als radikal islamistisch motiviert ein.<\/p><\/blockquote>\n<p>Nun hat die Verwaltung eine neue Vorlage zu dem Thema eingestellt, wie MANNSCHAFT aus der Dresdner FDP-Fraktion erfuhr. Allerdings soll die geplante Gedenktafel oder -stele nicht ausdr\u00fccklich auf Homophobie Bezug nehmen. Grund: Der \u00dcberlebende sieht sich ausdr\u00fccklich nicht als Opfer homophober Gewalt.<\/p>\n<p>\u00dcber die Opferschutzbeauftragte des Landes NRW wurde der Stadt Dresden ein Schreiben des \u00fcberlebenden Opfers des Anschlages \u00fcbermittelt. Darin lege der Mann legt dar, dass er sich ausdr\u00fccklich nicht als Opfer homophober Gewalt sieht, sondern die Tat selbst als radikal islamistisch motiviert einordnet. \u00abZudem sieht er sich wohl nicht als Teil der Community und m\u00f6chte daher auch nicht als Teil dieser auftreten bzw. dargestellt werden\u00bb, hiess es aus der FDP.<\/p>\n<hr \/>\n<p><em>Ein abgelehnter Asylbewerber soll f\u00fcr den Tod von trans Mann Malt in M\u00fcnster verantwortlich sein: Der 20-J\u00e4hrige sitzt in U-Haft <\/em><a href=\"https:\/\/mannschaft.com\/abgelehnter-asylbewerber-soll-fuer-maltes-tod-verantwortlich-sein\/\" target=\"_blank\" rel=\"noopener\">(mehr)<\/a><\/p>\n<hr \/>\n<p>In der neuen Vorlage schl\u00e4gt die Verwaltung darum nun vor, dass anstatt der bisher geplanten Konzeption nunmehr einfach eine Gedenktafel bzw. -stele errichtet wird, die nicht ausdr\u00fccklich auf Homophobie Bezug nimmt.<\/p>\n<p>\u00dcber die Vorlage soll Ende des Jahres im Stadtrat entschieden werden. Darin heisst es zur konkreten Aufgabenstellung des Amtes f\u00fcr Kultur und Denkmalschutz an die K\u00fcnstler*innen: \u00abDer Erinnerungsort soll aufzeigen, dass jeder Einzelne in seiner Individualit\u00e4t unabh\u00e4ngig von<br \/>\nGeschlecht, Religion, Herkunft und Hautfarbe ein fester Bestandteil unserer vielf\u00e4ltigen, weltof-<br \/>\nfenen und toleranten Stadtgesellschaft ist. Der Erinnerungsort soll also ein Bekenntnis gegen<br \/>\nHass und Gewalt, f\u00fcr Respekt, Demokratie, Toleranz und ein friedliches Miteinander sein. Der<br \/>\nErinnerungsort Rosmaringasse soll nicht prim\u00e4r die Verfolgung der LGBTQ-Community in den<br \/>\nVordergrund r\u00fccken, sondern auch deren Emanzipation um gleiche Rechte gegen\u00fcber anderen<br \/>\nMinderheiten akzentuieren.\u00bb<\/p>\n<p>Der Gestaltungsentwurf soll eine Inschrift beinhalten, deren Botschaft und Formulierung Teil der k\u00fcnstlerischen Arbeit sei. An welcher Stelle und in welcher Form diese Inschrift positioniert wird (physisch vor Ort oder etwa via QR-Code), dies sei Bestandteil des jeweiligen gestalterischen Konzeptes.<\/p>\n<p>In der FDP geht man davon aus, dass in den n\u00e4chsten Wochen in Dresden noch Diskussionen zu dem Thema gef\u00fchrt werden. Die W\u00fcnsche des Opfers sollten auf jeden Fall ber\u00fccksichtigt werden. Einige Stimmen in der Stadt betonten aber auch, dass es bei der Frage des Erinnerungsortes nicht nur um die Selbstwahrnehmung des Opfers gehe, sondern auch darum, dass in Dresden ein furchtbares Verbrechen begangen wurde, mit dem irgendwie umgegangen werden m\u00fcss. Es sollten daher auch die Anliegen der Dresdner B\u00fcrger*innen und insbesondere der Community ber\u00fccksichtigt werden.<\/p>\n","protected":false},"excerpt":{"rendered":"<p>Ein #schwules Paar reist 2020 nach #Dresden. Ein islamistischer Gef\u00e4hrder ersticht einen d. M\u00e4nner. Der \u00dcberlebende sieht sich nicht als Opfer #homophober Gewalt. Was heisst das f\u00fcr d. geplanten #Gedenkort? <a class=\"g1-link g1-link-more\" href=\"https:\/\/alte.mannschaft.lgbt\/bimber\/ueberlebender-des-dresden-anschlags-bin-nicht-opfer-homophober-gewalt\/\">Weiterlesen<\/a><\/p>\n","protected":false},"author":3,"featured_media":96987,"comment_status":"closed","ping_status":"closed","sticky":false,"template":"","format":"standard","meta":[],"categories":[3],"tags":[5464,5501,5461,5512],"wps_subtitle":"Was bedeutet das f\u00fcr den geplanten Gedenkort?","_links":{"self":[{"href":"https:\/\/alte.mannschaft.lgbt\/bimber\/wp-json\/wp\/v2\/posts\/147923"}],"collection":[{"href":"https:\/\/alte.mannschaft.lgbt\/bimber\/wp-json\/wp\/v2\/posts"}],"about":[{"href":"https:\/\/alte.mannschaft.lgbt\/bimber\/wp-json\/wp\/v2\/types\/post"}],"author":[{"embeddable":true,"href":"https:\/\/alte.mannschaft.lgbt\/bimber\/wp-json\/wp\/v2\/users\/3"}],"replies":[{"embeddable":true,"href":"https:\/\/alte.mannschaft.lgbt\/bimber\/wp-json\/wp\/v2\/comments?post=147923"}],"version-history":[{"count":6,"href":"https:\/\/alte.mannschaft.lgbt\/bimber\/wp-json\/wp\/v2\/posts\/147923\/revisions"}],"predecessor-version":[{"id":147930,"href":"https:\/\/alte.mannschaft.lgbt\/bimber\/wp-json\/wp\/v2\/posts\/147923\/revisions\/147930"}],"wp:featuredmedia":[{"embeddable":true,"href":"https:\/\/alte.mannschaft.lgbt\/bimber\/wp-json\/wp\/v2\/media\/96987"}],"wp:attachment":[{"href":"https:\/\/alte.mannschaft.lgbt\/bimber\/wp-json\/wp\/v2\/media?parent=147923"}],"wp:term":[{"taxonomy":"category","embeddable":true,"href":"https:\/\/alte.mannschaft.lgbt\/bimber\/wp-json\/wp\/v2\/categories?post=147923"},{"taxonomy":"post_tag","embeddable":true,"href":"https:\/\/alte.mannschaft.lgbt\/bimber\/wp-json\/wp\/v2\/tags?post=147923"}],"curies":[{"name":"wp","href":"https:\/\/api.w.org\/{rel}","templated":true}]}}